{"id":191916,"date":"2026-07-31T14:31:11","date_gmt":"2026-07-31T14:31:11","guid":{"rendered":"https:\/\/www.europesays.com\/hu\/191916\/"},"modified":"2026-07-31T14:31:11","modified_gmt":"2026-07-31T14:31:11","slug":"ebredezik-a-kozmedia-az-m1-szombat-este-oscar-dijas-magyar-alkotasokkal-jon","status":"publish","type":"post","link":"https:\/\/www.europesays.com\/hu\/191916\/","title":{"rendered":"\u00c9bredezik a k\u00f6zm\u00e9dia, az M1 szombat este Oscar-d\u00edjas magyar alkot\u00e1sokkal j\u00f6n"},"content":{"rendered":"<p class=\"lead\">J\u00falius 7-\u00e9n rendesen kerekedett azoknak a szeme, akik az elm\u00falt \u00e9vekben kiz\u00e1r\u00f3lag a magyar kir\u00e1lyi telev\u00edzi\u00f3t haszn\u00e1lt\u00e1k t\u00e1j\u00e9koz\u00f3d\u00e1sra.<\/p>\n<p>            <a href=\"https:\/\/news.google.com\/publications\/CAAqIggKIhxDQklTRHdnTWFnc0tDWEJzWVhsbGNpNW9kU2dBUAE\" target=\"_blank\" class=\"google-news\" rel=\"nofollow noopener\">Leg\u00fajabb cikkeink\u00e9rt k\u00f6vess minket a Player Google News oldal\u00e1n is!<\/a><\/p>\n<p>Az elm\u00falt \u00e9vekben ugyanis itt \u00f6nt\u00f6tt\u00e9k a propagand\u00e1t a lakoss\u00e1gra, hol a h\u00e1bor\u00faval, hol a gyerekeket \u00e1tm\u0171t\u0151, a homoszexu\u00e1lisokat a norm\u00e1lis emberekre r\u00e1szabad\u00edt\u00f3 Br\u00fcsszellel, hol a csecsem\u0151gyilkos, terrorista migr\u00e1nsokkal, hol a legnagyobb ellenz\u00e9ki p\u00e1rt neml\u00e9tez\u0151 ad\u00f3csomagj\u00e1val riogatva a j\u00f3n\u00e9pet. Miut\u00e1n az \u00e1prilisi orsz\u00e1ggy\u0171l\u00e9si v\u00e1laszt\u00e1sokon els\u00f6pr\u0151 t\u00f6bbs\u00e9ggel gy\u0151zedelmesked\u0151 Tisza P\u00e1rt \u00e1ltal megalak\u00edtott \u00faj korm\u00e1ny megszerezte a kontrollt, a h\u00edrszolg\u00e1ltat\u00e1st berekesztett\u00e9k, az eml\u00edtett keddi napon pedig a n\u00e9z\u0151ket eg\u00e9szen sz\u00fcrre\u00e1lis l\u00e1tv\u00e1ny fogadta, amikor bekapcsolt\u00e1k a k\u00e9sz\u00fcl\u00e9keiket:<\/p>\n<p>fekete alapon feh\u00e9r bet\u0171kkel az M1 arr\u00f3l t\u00e1j\u00e9koztatta \u0151ket, hogy \u201eA k\u00f6zm\u00e9dia nem hazudhat. Bocs\u00e1natot k\u00e9r\u00fcnk, ami\u00e9rt hossz\u00fa \u00e9veken \u00e1t m\u00e9gis ezt tett\u00fck! A k\u00f6zm\u00e9dia most \u00e1talakul, hogy a j\u00f6v\u0151ben f\u00fcggetlen \u00e9s hiteles legyen. A h\u00edrszolg\u00e1ltat\u00e1s \u00e1tmenetileg sz\u00fcnetel. Maradjanak vel\u00fcnk!\u201d<\/p>\n<p>\u00c9s val\u00f3ban kuss is volt egy ideig, majd egy nappal k\u00e9s\u0151bb Bacs\u00f3 P\u00e9ter irdatlan klasszikus\u00e1val, A tan\u00fa c\u00edm\u0171 mozival indult \u00fajra a m\u0171sorszolg\u00e1ltat\u00e1s, amibe nem volt neh\u00e9z belel\u00e1tni a j\u00f3l elhelyezett fricsk\u00e1t. Az\u00f3ta az M1 arch\u00edvum\u00e1b\u00f3l el\u0151kapart tartalommal t\u00f6ltik ki az ad\u00e1sid\u0151t, r\u00e9gi rajzfilmekkel, sorozatokkal sz\u00f3rakoztatva a k\u00f6z\u00f6ns\u00e9get, a k\u00fclvil\u00e1g t\u00e9nyei pedig maximum egy-egy id\u0151j\u00e1r\u00e1s- vagy pollenjelent\u00e9s form\u00e1j\u00e1ban jellenek meg a k\u00e9perny\u0151n.<\/p>\n<p>Most azonban nemcsak azoknak lesz \u00e9rdemes odakapcsolni az M1-re, akik nosztalgi\u00e1zn\u00e1nak kicsit az egyszervolt sz\u00fcnidei matin\u00e9ket id\u00e9z\u0151 tartalmakon, hiszen<\/p>\n<p>szombat este Oscar-d\u00edjas magyar alkot\u00e1sokat t\u0171z a m\u0171sor\u00e1ra a csatorna.<\/p>\n<p>A tematika este 8-kor indul R\u00f3fusz Ferenc 1980-as, A l\u00e9gy c\u00edm\u0171 anim\u00e1ci\u00f3s filmj\u00e9vel, amit De\u00e1k Krist\u00f3f 2016-os r\u00f6vidfilmje, a Mindenki k\u00f6vet. Ezut\u00e1n j\u00f6n Gy\u00f6ngy\u00f6ssy Imre \u00e9s Kabay Barna 1983-as, J\u00f3b l\u00e1zad\u00e1sa c\u00edm\u0171 alkot\u00e1sa, majd negyed 11-kor \u00e9rkezik az este f\u0151fog\u00e1sa, Szab\u00f3 Istv\u00e1n Mephisto c\u00edm\u0171 mozija, ami 1982-ben nyerte el a legjobb idegen nyelv\u0171 filmnek j\u00e1r\u00f3 Oscar-d\u00edjat, ezzel a magyar filmgy\u00e1rt\u00e1s t\u00f6rt\u00e9net\u00e9ben els\u0151k\u00e9nt elhozva az aranyszobrot ebben a kateg\u00f3ri\u00e1ban.<\/p>\n<p>Propagand\u00e1\u00e9rt teh\u00e1t m\u00e9g mindig nem \u00e9rdemes az M1-re kapcsolni, de most v\u00e9gre kapunk helyette m\u00e1st, ami\u00e9rt viszont nagyon is.<\/p>\n<p>Ez is \u00e9rdekelhet:<\/p>\n<p>        <img decoding=\"async\" src=\"https:\/\/www.europesays.com\/hu\/wp-content\/uploads\/2026\/07\/ron-perlman-768x512.jpg\" loading=\"lazy\" alt=\"\"\/><\/p>\n<p>            <a href=\"https:\/\/www.google.com\/preferences\/source?q=player.hu\" class=\"google-prefer-btn\" rel=\"nofollow noopener\" target=\"_blank\">Itt \u00e1ll\u00edthatod be, hogy a Player az els\u0151k k\u00f6z\u00f6tt legyen a Google keres\u0151ben<\/a><\/p>\n<p>Iratkozz fel a h\u00edrlevel\u00fcnkre, \u00e9s mi minden h\u00e9ten \u00e9rdekes, sz\u00f3rakoztat\u00f3 sztorikat k\u00fcld\u00fcnk neked a vil\u00e1gb\u00f3l.<\/p>\n<p>H\u00edrlev\u00e9l feliratkoz\u00e1s<\/p>\n<p>        <a href=\"https:\/\/roadster.hu\/brody-dalok-napja\" target=\"_blank\" class=\"ga-click-event\" data-ga_category=\"Cikkoldal\" data-ga_action=\"Cikkt\u00f6rzs alatti eladott link\" data-ga_label=\"Dalok, amelyekben egy orsz\u00e1g ismer mag\u00e1ra\" rel=\"nofollow noopener\"><\/p>\n<p>Dalok, amelyekben egy orsz\u00e1g ismer mag\u00e1ra<\/p>\n<p>Ilyen lesz az idei Sziget tal\u00e1n egyik legfontosabb esem\u00e9nye, a Br\u00f3dy Dalok Napja<\/p>\n<p>                    <\/a><\/p>\n<p>        <a href=\"https:\/\/roadster.hu\/brody-kviz\" target=\"_blank\" class=\"ga-click-event\" data-ga_category=\"Cikkoldal\" data-ga_action=\"Cikkt\u00f6rzs alatti eladott link\" data-ga_label=\"Kv\u00edz: Mennyit tudsz Br\u00f3dy J\u00e1nosr\u00f3l?\" rel=\"nofollow noopener\"><\/p>\n<p>Kv\u00edz: Mennyit tudsz Br\u00f3dy J\u00e1nosr\u00f3l?<\/p>\n<p>                    <\/a><\/p>\n<p>T\u00e1mogatott \u00e9s aj\u00e1nlott tartalmaink<\/p>\n","protected":false},"excerpt":{"rendered":"J\u00falius 7-\u00e9n rendesen kerekedett azoknak a szeme, akik az elm\u00falt \u00e9vekben kiz\u00e1r\u00f3lag a magyar kir\u00e1lyi telev\u00edzi\u00f3t haszn\u00e1lt\u00e1k t\u00e1j\u00e9koz\u00f3d\u00e1sra.&hellip;\n","protected":false},"author":2,"featured_media":191917,"comment_status":"","ping_status":"","sticky":false,"template":"","format":"standard","meta":{"footnotes":"","_share_on_mastodon":"0"},"categories":[16],"tags":[137,167,44,42,40,10674,43,41,166,1223,1879,4456,138,1504],"class_list":["post-191916","post","type-post","status-publish","format-standard","has-post-thumbnail","category-szorakozas","tag-entertainment","tag-film","tag-hu","tag-hungarian","tag-hungary","tag-m1","tag-magyar","tag-magyarorszag","tag-mozi","tag-mtva","tag-oscar","tag-oscar-dij","tag-szorakozas","tag-televizio"],"share_on_mastodon":{"url":"https:\/\/pubeurope.com\/@hu\/117015077713408602","error":""},"_links":{"self":[{"href":"https:\/\/www.europesays.com\/hu\/wp-json\/wp\/v2\/posts\/191916","targetHints":{"allow":["GET"]}}],"collection":[{"href":"https:\/\/www.europesays.com\/hu\/wp-json\/wp\/v2\/posts"}],"about":[{"href":"https:\/\/www.europesays.com\/hu\/wp-json\/wp\/v2\/types\/post"}],"author":[{"embeddable":true,"href":"https:\/\/www.europesays.com\/hu\/wp-json\/wp\/v2\/users\/2"}],"replies":[{"embeddable":true,"href":"https:\/\/www.europesays.com\/hu\/wp-json\/wp\/v2\/comments?post=191916"}],"version-history":[{"count":0,"href":"https:\/\/www.europesays.com\/hu\/wp-json\/wp\/v2\/posts\/191916\/revisions"}],"wp:featuredmedia":[{"embeddable":true,"href":"https:\/\/www.europesays.com\/hu\/wp-json\/wp\/v2\/media\/191917"}],"wp:attachment":[{"href":"https:\/\/www.europesays.com\/hu\/wp-json\/wp\/v2\/media?parent=191916"}],"wp:term":[{"taxonomy":"category","embeddable":true,"href":"https:\/\/www.europesays.com\/hu\/wp-json\/wp\/v2\/categories?post=191916"},{"taxonomy":"post_tag","embeddable":true,"href":"https:\/\/www.europesays.com\/hu\/wp-json\/wp\/v2\/tags?post=191916"}],"curies":[{"name":"wp","href":"https:\/\/api.w.org\/{rel}","templated":true}]}}