{"id":191979,"date":"2026-07-31T15:41:16","date_gmt":"2026-07-31T15:41:16","guid":{"rendered":"https:\/\/www.europesays.com\/hu\/191979\/"},"modified":"2026-07-31T15:41:16","modified_gmt":"2026-07-31T15:41:16","slug":"a-magyar-pompeji-aquincumban-ez-teljesen-ugyanolyan-mint-a-vezuv-pusztitotta-varosban-utazas","status":"publish","type":"post","link":"https:\/\/www.europesays.com\/hu\/191979\/","title":{"rendered":"A magyar Pompeji: Aquincumban ez teljesen ugyanolyan, mint a Vez\u00fav puszt\u00edtotta v\u00e1rosban &#8211; Utaz\u00e1s"},"content":{"rendered":"<p>Milyen lehetett egy r\u00f3mai v\u00e1ros h\u00e9tk\u00f6znapja? Hol tal\u00e1lkoztak az emberek, mir\u0151l besz\u00e9lgettek, miben hittek \u2013 \u00e9s vajon mennyire \u00e9rezn\u00e9nk idegennek azt a vil\u00e1got, ha egyszer csak k\u00e9tezer \u00e9vvel kor\u00e1bban tal\u00e1ln\u00e1nk magunkat?<\/p>\n<p>A National Geographic megh\u00edv\u00e1s\u00e1ra az Aquincumi M\u00fazeum romjai k\u00f6z\u00f6tt j\u00e1rtunk, ahol hamar kider\u00fclt: az \u00f3kori v\u00e1ros lak\u00f3i bizonyos szempontb\u00f3l sokkal k\u00f6zelebb \u00e1lltak hozz\u00e1nk, mint azt els\u0151re gondoln\u00e1nk.<\/p>\n<p>                        Aquincum, a magyar Pompeji t\u00f6rt\u00e9nete<\/p>\n<p>Budapest III. ker\u00fclet\u00e9ben van egy \u00e1mulatba ejt\u0151 atmoszf\u00e9r\u00e1val rendelkez\u0151 hely, ahol n\u00e9h\u00e1ny l\u00e9p\u00e9s is el\u00e9g ahhoz, hogy \u00e9vsz\u00e1zadokat ugorjunk vissza az id\u0151ben.<\/p>\n<p>Az Aquincumi M\u00fazeum R\u00e9g\u00e9szeti Parkj\u00e1ban ma is v\u00e9gigs\u00e9t\u00e1lhatunk az egykori r\u00f3mai telep\u00fcl\u00e9s utc\u00e1in, h\u00e1zak, k\u00f6z\u00e9p\u00fcletek, szent\u00e9lyek \u00e9s f\u00fcrd\u0151k maradv\u00e1nyai k\u00f6z\u00f6tt.<\/p>\n<p>A National Geographic megh\u00edv\u00e1s\u00e1ra mi is bej\u00e1rtuk Aquincumot, a \u201emagyar Pompejit\u201d, m\u00e9ghozz\u00e1 Dr. L\u00e1ng Orsolya r\u00e9g\u00e9sz \u00e9s f\u0151muzeol\u00f3gus vezet\u00e9s\u00e9vel, aki nemcsak v\u00e9gigkalauzolt benn\u00fcnket az egykori v\u00e1ros utc\u00e1in, hanem egy k\u00fcl\u00f6nleges interj\u00faban is seg\u00edtett tiszt\u00e1bban l\u00e1tni Aquincum k\u00e9tezer \u00e9ves t\u00f6rt\u00e9net\u00e9t.<\/p>\n<p>                            <img decoding=\"async\" id=\"kep_szerkfoto_image_70731771\" src=\"https:\/\/www.europesays.com\/hu\/wp-content\/uploads\/2026\/07\/70731771_79c879bd27f602166ccf879acabd53b1_wm.jpg\" loading=\"lazy\" alt=\"\" data-image_width=\"1500\" data-image_height=\"1000\" width=\"1500\" height=\"1000\"\/><\/p>\n<p>Fot\u00f3: Getty Images Hungary<\/p>\n<p>Az aprop\u00f3t st\u00edlszer\u0171en egy m\u00e1sik r\u00f3mai v\u00e1ros szolg\u00e1ltatta: a National Geographic \u00e9s a Disney Pompejir\u0151l sz\u00f3l\u00f3, <a href=\"http:\/\/femina.hu\/vilagsztar\/tom-hiddleston-vilmos-herceg-iskola-erdekessegek\/\" id=\"hyperlink_5b20284c358f7dd58f8c7fcec105e151\" target=\"_blank\" title=\"Vilmos herceggel j\u00e1rt iskol\u00e1ba a Golden Globe-d\u00edjas sz\u00edn\u00e9sz \u2013 6 meglep\u0151 t\u00e9ny Tom Hiddlestonr\u00f3l\" rel=\"nofollow noopener\">Tom Hiddleston<\/a> k\u00f6zrem\u0171k\u00f6d\u00e9s\u00e9vel k\u00e9sz\u00fclt \u00faj produkci\u00f3j\u00e1nak, a <a href=\"http:\/\/femina.hu\/utazas\/tom-hiddleston-pompeji-sorozat-london-premier\/\" id=\"hyperlink_2294c65628b205f1e2125b8487ed0a04\" target=\"_blank\" title=\"Exkluz\u00edv: Tom Hiddleston sorozat\u00e1nak londoni premierj\u00e9n j\u00e1rtunk: ler\u00e1ntja a leplet Pompeji trag\u00e9di\u00e1j\u00e1r\u00f3l\" rel=\"nofollow noopener\">Pompeii: Egy v\u00e1ros titkos \u00e9lete<\/a> c\u00edm\u0171 sorozatnak a megjelen\u00e9se.<\/p>\n<p>Aquincumban azonban &#8211; <a href=\"https:\/\/divany.hu\/vilagom\/2026\/07\/21\/pompeji-tuleloinek-igaz-tortenete\/\" id=\"hyperlink_1236dcd8b624729cf47daf79c3725985\" rel=\"nofollow noopener\" target=\"_blank\" title=\"Pompeji t\u00fal\u00e9l\u0151inek igaz t\u00f6rt\u00e9nete: megr\u00e1z\u00f3, mi\u00e9rt nem jutottak ki sokan a v\u00e1rosb\u00f3l\">a sorozattal ellent\u00e9tben<\/a> &#8211; mi nem egy v\u00e1ros utols\u00f3 napj\u00e1t kerest\u00fck. \u00c9ppen ellenkez\u0151leg: azt pr\u00f3b\u00e1ltuk elk\u00e9pzelni, milyen lehetett itt egy teljesen \u00e1tlagos nap.<\/p>\n<p>Bevallom, n\u00e9ha eg\u00e9szen meglep\u0151 helyeken kellett keresn\u00fcnk a v\u00e1laszokat.\u00a0Tudtad p\u00e9ld\u00e1ul, hogy a r\u00f3maiakn\u00e1l m\u00e9g az illemhely is t\u00e1rsas\u00e1gi t\u00e9r lehetett?<\/p>\n<p>Nem, nem \u00fagy, mint amikor ma egy t\u00e1rsas\u00e1g n\u0151tagjai egy\u00fctt indulnak el bep\u00faderezni az orrukat. A r\u00f3mai nyilv\u00e1nos latrin\u00e1kban az emberek t\u00e9nylegesen egym\u00e1s mellett \u00fclve v\u00e9gezt\u00e9k a dolgukat, k\u00f6zben pedig besz\u00e9lgettek \u00e9s szocializ\u00e1l\u00f3dtak.<\/p>\n<p>Az nem \u00faj inform\u00e1ci\u00f3, hogy a R\u00f3mai Birodalom hatalmas ter\u00fcletet fogott \u00f6ssze, amelyen k\u00fcl\u00f6nb\u00f6z\u0151 nyelveket besz\u00e9l\u0151, elt\u00e9r\u0151 hagyom\u00e1nyokkal rendelkez\u0151 n\u00e9pek \u00e9ltek, azonban az eg\u00e9szen meglep\u0151, hogy a r\u00f3mai v\u00e1rosi kult\u00fara \u00fajra \u00e9s \u00fajra ugyanazokat az ismer\u0151s elemeket teremtette meg: utakat, f\u00f3rumokat, f\u00fcrd\u0151ket, szent\u00e9lyeket, \u00fczleteket, v\u00edzvezet\u00e9keket \u00e9s k\u00f6z\u00e9p\u00fcleteket.<\/p>\n<p>A birodalom egyik v\u00e9g\u00e9b\u0151l a m\u00e1sikba \u00e9rkez\u0151 r\u00f3mai \u00edgy egy sz\u00e1m\u00e1ra \u00e9rtelmezhet\u0151, ismer\u0151s v\u00e1rosi vil\u00e1gba cs\u00f6ppenhetett.<\/p>\n<p>T\u00e9ved\u00e9s ne ess\u00e9k, Aquincum nem R\u00f3ma halv\u00e1ny ut\u00e1nzata volt a birodalom perem\u00e9n. Egy hatalmas rendszer r\u00e9szek\u00e9nt m\u0171k\u00f6d\u0151 r\u00f3mai v\u00e1ros volt \u2013 saj\u00e1t lak\u00f3kkal, saj\u00e1t t\u00f6rt\u00e9netekkel \u00e9s term\u00e9szetesen saj\u00e1t titkokkal.<\/p>\n<p>Nem is kell olyan hossz\u00fa utat megtenn\u00fcnk, hogy kapcsolatba ker\u00fclj\u00fcnk az \u00f3korral, hiszen Aquincum is mag\u00e1ban hordozza a r\u00f3mai vil\u00e1g rejt\u00e9lyeit.<\/p>\n<p>A mai \u00d3buda ter\u00fclet\u00e9n egykor polg\u00e1rv\u00e1ros, katonav\u00e1ros \u00e9s legiot\u00e1bor alkotta Aquincum telep\u00fcl\u00e9segy\u00fcttes\u00e9t.<\/p>\n<p>Egy ugyanolyan izgalmakat rejt\u0151 v\u00e1ros, amelyben az emberek dolgoztak, \u00fczleteltek, pletyk\u00e1ltak, f\u00fcrd\u0151be j\u00e1rtak, k\u00f6z\u00e9leti szerepet v\u00e1llaltak, istenekhez im\u00e1dkoztak \u2013 \u00e9s igen, id\u0151nk\u00e9nt egym\u00e1s mellett \u00fclve v\u00e9gezt\u00e9k el a dolgukat.<\/p>\n<p>Dr. L\u00e1ng Orsolya seg\u00edts\u00e9g\u00e9vel felfedezhett\u00fck azt, hogy azok a k\u00f6vek, amelyek els\u0151 l\u00e1t\u00e1sra egyszer\u0171 romoknak t\u0171nhetnek, val\u00f3j\u00e1ban hihetetlen t\u00f6rt\u00e9nelemmel b\u00edrnak.<\/p>\n<p>                                    <a href=\"https:\/\/femina.hu\/utazas\/pompeji-nok-tortenete-regesz-interju\/\" title=\"\" rel=\"nofollow noopener\" target=\"_blank\"><br \/>\n                                    <img decoding=\"async\" src=\"https:\/\/www.europesays.com\/hu\/wp-content\/uploads\/2026\/07\/70494931_5200425_0e1309f7c5ce5928b0cea42a17961384_wm.jpg\" alt=\"\" title=\"\"\/><br \/>\n                                <\/a><\/p>\n<p>                                Nem \u00fagy \u00e9ltek a pompeji n\u0151k, ahogy sokan gondolj\u00e1k: exkluz\u00edv interj\u00fa a Tom Hiddleston-sorozat r\u00e9g\u00e9sz\u00e9vel<\/p>\n<p class=\"lead\">\u00daj n\u00e9z\u0151pontb\u00f3l mutatja be Pompeji katasztr\u00f3f\u00e1j\u00e1t a National Geographic sorozata. A Femina exkluz\u00edv interj\u00fat k\u00e9sz\u00edtett az egyik k\u00f6zrem\u0171k\u00f6d\u0151 r\u00e9g\u00e9sszel, Caitie Barett-tel.<\/p>\n<p>                                <a href=\"https:\/\/femina.hu\/utazas\/pompeji-nok-tortenete-regesz-interju\/\" class=\"btn btn-normal\" rel=\"nofollow noopener\" target=\"_blank\">Elolvasom<\/a><\/p>\n<p>\n                          Cover-fot\u00f3: Getty Images Hungary\n                        <\/p>\n<p>                                    <img loading=\"lazy\" decoding=\"async\" src=\"https:\/\/www.europesays.com\/hu\/wp-content\/uploads\/2026\/07\/1785512476_543_70151557_7653622a728f60b45575310a716fb9ee_wm.png\" width=\"200\" height=\"290\" alt=\"\"\/><br \/>\n                            \t    \t10 lebilincsel\u0151 utaz\u00e1s a bakancslist\u00e1n t\u00fal<\/p>\n<p><a href=\"https:\/\/www.indapresskiado.hu\/products\/nemnormalis-utjaim\" rel=\"nofollow noopener\" target=\"_blank\">So\u00f3s Gergely: Nemnorm\u00e1lis \u00fatjaim<\/a><\/p>\n<p>Az exkluz\u00edv kivitel\u0171, gazdagon illusztr\u00e1lt, pr\u00e9mium min\u0151s\u00e9g\u0171 fot\u00f3kkal teli k\u00f6tetben olyan k\u00fcl\u00f6nleges helyeken j\u00e1runk, amelyek m\u00e1r \u00f6nmagukban is kiz\u00f6kkentenek a megszokottb\u00f3l.\u00a0<br \/>K\u00edv\u00e1ncsi vagy a vil\u00e1gra? Most 10% kedvezm\u00e9nnyel felfedezheted!\u00a0<a href=\"https:\/\/www.indapresskiado.hu\/products\/nemnormalis-utjaim\" rel=\"nofollow noopener\" target=\"_blank\">Keresd az Inda Press web\u00e1ruh\u00e1z\u00e1ban!<\/a><\/p>\n<p class=\"promocio\">Prom\u00f3ci\u00f3<\/p>\n<p><a href=\"https:\/\/dex.hu\/x.php?id=googlepref_desktop_femina&amp;url=https:\/\/google.com\/preferences\/source?q=https:\/\/femina.hu\/\" class=\"google-pref-banner \" id=\"googlePrefBanner\" rel=\"nofollow noopener\" target=\"_blank\"><\/p>\n<p>        \u00c1ll\u00edtsd be a Google keres\u0151j\u00e9t, hogy a tal\u00e1latok k\u00f6z\u00f6tt biztos ott legyen a Femina!    <\/p>\n<p><\/a><\/p>\n","protected":false},"excerpt":{"rendered":"Milyen lehetett egy r\u00f3mai v\u00e1ros h\u00e9tk\u00f6znapja? Hol tal\u00e1lkoztak az emberek, mir\u0151l besz\u00e9lgettek, miben hittek \u2013 \u00e9s vajon mennyire&hellip;\n","protected":false},"author":2,"featured_media":191980,"comment_status":"","ping_status":"","sticky":false,"template":"","format":"standard","meta":{"footnotes":"","_share_on_mastodon":"0"},"categories":[16],"tags":[137,1726,1416,1417,44,42,40,43,41,22045,138,1642,674,1064],"class_list":["post-191979","post","type-post","status-publish","format-standard","has-post-thumbnail","category-szorakozas","tag-entertainment","tag-exkluziv","tag-femina-video","tag-feminavideo","tag-hu","tag-hungarian","tag-hungary","tag-magyar","tag-magyarorszag","tag-pompeji","tag-szorakozas","tag-tortenelem","tag-utazas","tag-video"],"share_on_mastodon":{"url":"https:\/\/pubeurope.com\/@hu\/117015353161497860","error":""},"_links":{"self":[{"href":"https:\/\/www.europesays.com\/hu\/wp-json\/wp\/v2\/posts\/191979","targetHints":{"allow":["GET"]}}],"collection":[{"href":"https:\/\/www.europesays.com\/hu\/wp-json\/wp\/v2\/posts"}],"about":[{"href":"https:\/\/www.europesays.com\/hu\/wp-json\/wp\/v2\/types\/post"}],"author":[{"embeddable":true,"href":"https:\/\/www.europesays.com\/hu\/wp-json\/wp\/v2\/users\/2"}],"replies":[{"embeddable":true,"href":"https:\/\/www.europesays.com\/hu\/wp-json\/wp\/v2\/comments?post=191979"}],"version-history":[{"count":0,"href":"https:\/\/www.europesays.com\/hu\/wp-json\/wp\/v2\/posts\/191979\/revisions"}],"wp:featuredmedia":[{"embeddable":true,"href":"https:\/\/www.europesays.com\/hu\/wp-json\/wp\/v2\/media\/191980"}],"wp:attachment":[{"href":"https:\/\/www.europesays.com\/hu\/wp-json\/wp\/v2\/media?parent=191979"}],"wp:term":[{"taxonomy":"category","embeddable":true,"href":"https:\/\/www.europesays.com\/hu\/wp-json\/wp\/v2\/categories?post=191979"},{"taxonomy":"post_tag","embeddable":true,"href":"https:\/\/www.europesays.com\/hu\/wp-json\/wp\/v2\/tags?post=191979"}],"curies":[{"name":"wp","href":"https:\/\/api.w.org\/{rel}","templated":true}]}}