{"id":192148,"date":"2026-07-31T18:16:12","date_gmt":"2026-07-31T18:16:12","guid":{"rendered":"https:\/\/www.europesays.com\/hu\/192148\/"},"modified":"2026-07-31T18:16:12","modified_gmt":"2026-07-31T18:16:12","slug":"telex-meghalt-franco-baresi-az-olasz-futball-es-az-ac-milan-legendaja","status":"publish","type":"post","link":"https:\/\/www.europesays.com\/hu\/192148\/","title":{"rendered":"Telex: Meghalt Franco Baresi, az olasz futball \u00e9s az AC Milan legend\u00e1ja"},"content":{"rendered":"<p>66 \u00e9ves kor\u00e1ban meghalt a Franco Baresi, az olasz futball \u00e9s az AC Milan legend\u00e1s v\u00e9d\u0151je. A vil\u00e1gbajnok futballista hal\u00e1lh\u00edr\u00e9t volt klubja <a href=\"https:\/\/www.acmilan.com\/en\/news\/articles\/club\/2026-07-31\/franco-baresi-forever\" target=\"_blank\" rel=\"nofollow noopener\">jelentette be<\/a> p\u00e9ntek reggel.<\/p>\n<p>Baresi 719 m\u00e9rk\u0151z\u00e9st j\u00e1tszott az AC Milan sz\u00edneiben, hat olasz bajnoki c\u00edmet \u00e9s h\u00e1rom BEK-\/Bajnokok Lig\u00e1ja-serleget nyert a mil\u00e1n\u00f3i klubbal. Az olasz v\u00e1logatottban 81 alkalommal szerepelt, \u00e9s tagja volt az 1982-es vil\u00e1gbajnok csapatnak \u2013 \u00edrta a <a href=\"https:\/\/www.gazzetta.it\/en\/football\/teams\/milan\/news\/31-07-2026\/franco-baresi-legendary-ac-milan-and-italy-captain-dies-at-66.shtml?refresh_ce\" target=\"_blank\" rel=\"nofollow noopener\">La Gazzetta dello Sport.<\/a><\/p>\n<p>Franco Baresi 1960. m\u00e1jus 8-\u00e1n sz\u00fcletett a lombardiai Travagliat\u00f3ban. 14 \u00e9ves kor\u00e1ban elvesz\u00edtette sz\u00fcleit, ami ut\u00e1n sz\u00f3 szerint az AC Milan lett a csal\u00e1dja.<\/p>\n<p>A sors fintora, hogy k\u00e9t \u00e9vvel id\u0151sebb b\u00e1tyja, Giuseppe \u2013 aki Milan-szurkol\u00f3 volt \u2013 v\u00e9g\u00fcl az Inter ut\u00e1np\u00f3tl\u00e1s\u00e1ba ker\u00fclt be, m\u00edg Franco, aki gyerekk\u00e9nt \u00e9ppen az Internek drukkolt, v\u00e9g\u00fcl a Milan j\u00e1t\u00e9kosa lett, miut\u00e1n az Inter t\u00fal gyeng\u00e9nek \u00edt\u00e9lte, \u00e9s elutas\u00edtotta.<\/p>\n<p>Franco Baresi karrierje igaz\u00e1n Nils Liedholm edz\u0151 keze alatt indult be, aki 1978. \u00e1prilis 23-\u00e1n bemutatkoz\u00e1si lehet\u0151s\u00e9get adott neki a Serie A-ban. A k\u00f6vetkez\u0151 id\u00e9nyben m\u00e1r meghat\u00e1roz\u00f3 szerepet kapott a csapatban, amellyel bajnok is lett. Baresi nemcsak ir\u00e1ny\u00edtotta a v\u00e9delmet, \u00e9s kiv\u00e1l\u00f3an b\u00e1nt a labd\u00e1val, hanem tekint\u00e9lyt is sug\u00e1rzott. Ennek is k\u00f6sz\u00f6nhet\u0151en mind\u00f6ssze 22 \u00e9vesen m\u00e1r a Milan csapatkapit\u00e1nya lett.<\/p>\n<p>Baresi Enzo Bearzot olasz v\u00e1logatottj\u00e1ba is beker\u00fclt, \u00e9s b\u00e1r csak tartal\u00e9k volt Gaetano Scirea m\u00f6g\u00f6tt az 1982-es spanyolorsz\u00e1gi vil\u00e1gbajnoks\u00e1gon, a madridi d\u00f6nt\u0151 ut\u00e1n \u0151 is vb-gy\u0151ztesnek mondhatta mag\u00e1t. A vil\u00e1gbajnoki c\u00edm ut\u00e1n Eur\u00f3pa legnagyobb klubjai cs\u00e1b\u00edtott\u00e1k Barseit, de \u0151 minden aj\u00e1nlatot visszautas\u00edtott, \u00e9s h\u0171 maradt a Milanhoz, amellyel kor\u00e1bban a kies\u00e9st is megtapasztalta.<\/p>\n<p>A Milan neh\u00e9z \u00e9veit Silvio Berlusconi \u00e9rkez\u00e9se z\u00e1rta le 1986-ban, amikor megmentette a klubot a cs\u0151dt\u0151l. Arrigo Sacchi edz\u0151, valamint Ruud Gullit, Marco van Basten \u00e9s Frank Rijkaard \u00e9rkez\u00e9s\u00e9vel a Milan ism\u00e9t Eur\u00f3pa cs\u00facs\u00e1ra jutott: 1988-ban el\u0151bb olasz bajnoki c\u00edmet nyertek, majd 1989-ben \u00e9s 1990-ben is megnyert\u00e9k a BEK-et. Fabio Capello \u00e9rkez\u00e9sekor sokan m\u00e1r le\u00edrt\u00e1k Baresit \u00e9s a Sacchi-korszak megmaradt j\u00e1t\u00e9kosait, de \u0151k r\u00e1c\u00e1foltak a kritikusokra: a Milan \u00fajabb n\u00e9gy bajnoki c\u00edmet szerzett, \u00e9s az 1994-es Bajnokok Lig\u00e1j\u00e1t is megnyert\u00e9k.<\/p>\n<p>A v\u00e1logatottban Baresi tov\u00e1bbra is megk\u00e9rd\u0151jelezhetetlen alapember volt. 1992-ben ugyan visszavonult volna, de Sacchi r\u00e1besz\u00e9lte a folytat\u00e1sra. Az 1994-es vil\u00e1gbajnoks\u00e1gon \u0151 vezette kapit\u00e1nyk\u00e9nt Olaszorsz\u00e1got eg\u00e9szen a d\u00f6nt\u0151ig, ahol Braz\u00edlia ellen tizenegyesekkel veres\u00e9get szenvedtek. Baresi r\u00fagta az els\u0151 olasz b\u00fcntet\u0151t, amit kihagyott. Utols\u00f3 nagy sikere az 1996-os olasz bajnoki c\u00edm elnyer\u00e9se volt.<\/p>\n<p>A visszavonul\u00e1s\u00e1t 1997 j\u00fanius\u00e1ban jelentette be, ami ut\u00e1n a Milan \u00f6r\u00f6kre visszavonultatta a legend\u00e1s 6-os mezsz\u00e1m\u00e1t. K\u00e9s\u0151bb a klub aleln\u00f6ke lett, valamint az ut\u00e1np\u00f3tl\u00e1s munk\u00e1j\u00e1t ir\u00e1ny\u00edtotta. 2002-ben r\u00f6vid id\u0151re megszakadt mil\u00e1n\u00f3i p\u00e1lyafut\u00e1sa, amikor a Premier League-ben szerepl\u0151 Fulham technikai igazgat\u00f3ja lett, ez az id\u0151szak azonban kevesebb mint h\u00e1rom h\u00f3napig tartott csak. Baresin\u00e9l tavaly egy rutinvizsg\u00e1lat sor\u00e1n t\u00fcd\u0151csom\u00f3t tal\u00e1ltak, amit meg is oper\u00e1ltak.<\/p>\n","protected":false},"excerpt":{"rendered":"66 \u00e9ves kor\u00e1ban meghalt a Franco Baresi, az olasz futball \u00e9s az AC Milan legend\u00e1s v\u00e9d\u0151je. A vil\u00e1gbajnok&hellip;\n","protected":false},"author":2,"featured_media":192149,"comment_status":"","ping_status":"","sticky":false,"template":"","format":"standard","meta":{"footnotes":"","_share_on_mastodon":"0"},"categories":[14],"tags":[8803,53830,553,44,42,40,43,41,212,16615,428,45,131],"class_list":["post-192148","post","type-post","status-publish","format-standard","has-post-thumbnail","category-sport","tag-ac-milan","tag-franco-baresi","tag-futball","tag-hu","tag-hungarian","tag-hungary","tag-magyar","tag-magyarorszag","tag-meghalt","tag-olasz-valogatott","tag-olaszorszag","tag-sport","tag-sports"],"share_on_mastodon":{"url":"https:\/\/pubeurope.com\/@hu\/117015962150766095","error":""},"_links":{"self":[{"href":"https:\/\/www.europesays.com\/hu\/wp-json\/wp\/v2\/posts\/192148","targetHints":{"allow":["GET"]}}],"collection":[{"href":"https:\/\/www.europesays.com\/hu\/wp-json\/wp\/v2\/posts"}],"about":[{"href":"https:\/\/www.europesays.com\/hu\/wp-json\/wp\/v2\/types\/post"}],"author":[{"embeddable":true,"href":"https:\/\/www.europesays.com\/hu\/wp-json\/wp\/v2\/users\/2"}],"replies":[{"embeddable":true,"href":"https:\/\/www.europesays.com\/hu\/wp-json\/wp\/v2\/comments?post=192148"}],"version-history":[{"count":0,"href":"https:\/\/www.europesays.com\/hu\/wp-json\/wp\/v2\/posts\/192148\/revisions"}],"wp:featuredmedia":[{"embeddable":true,"href":"https:\/\/www.europesays.com\/hu\/wp-json\/wp\/v2\/media\/192149"}],"wp:attachment":[{"href":"https:\/\/www.europesays.com\/hu\/wp-json\/wp\/v2\/media?parent=192148"}],"wp:term":[{"taxonomy":"category","embeddable":true,"href":"https:\/\/www.europesays.com\/hu\/wp-json\/wp\/v2\/categories?post=192148"},{"taxonomy":"post_tag","embeddable":true,"href":"https:\/\/www.europesays.com\/hu\/wp-json\/wp\/v2\/tags?post=192148"}],"curies":[{"name":"wp","href":"https:\/\/api.w.org\/{rel}","templated":true}]}}