{"id":192353,"date":"2026-07-31T21:37:10","date_gmt":"2026-07-31T21:37:10","guid":{"rendered":"https:\/\/www.europesays.com\/hu\/192353\/"},"modified":"2026-07-31T21:37:10","modified_gmt":"2026-07-31T21:37:10","slug":"meksz-elnok-a-kormany-es-az-arampiaci-szereplok-egyeztetnek-hogy-elkeruljek-a-kenyszeru-kikapcsolasi-rend-bevezeteset","status":"publish","type":"post","link":"https:\/\/www.europesays.com\/hu\/192353\/","title":{"rendered":"MEKSZ-eln\u00f6k: a korm\u00e1ny \u00e9s az \u00e1rampiaci szerepl\u0151k egyeztetnek, hogy elker\u00fclj\u00e9k a k\u00e9nyszer\u0171 kikapcsol\u00e1si rend bevezet\u00e9s\u00e9t"},"content":{"rendered":"<p>Magyarorsz\u00e1gon az \u00e1ramell\u00e1t\u00e1s, a villamosenergia-h\u00e1l\u00f3zat egyens\u00faly\u00e1\u00e9rt a rendszerir\u00e1ny\u00edt\u00f3 szervezet, a Mavir felel \u2013 mondta a 24.hu-nak Hiezl Tam\u00e1s, a Magyar Energiakeresked\u0151k Sz\u00f6vets\u00e9g\u00e9nek (MEKSZ) eln\u00f6ke. Az eg\u00e9sz energiatermel\u00e9si \u00e9s ell\u00e1t\u00e1si folyamatot a Mavir l\u00e1tja \u00e1t \u00e9s fel\u00fcgyeli, \u00e9s alapesetben a termel\u0151k szab\u00e1lyoz\u00e1s\u00e1n kereszt\u00fcl biztos\u00edtja a villamosenergia rendszer egyens\u00faly\u00e1t. Ugyanakkor el\u0151\u00e1llhat olyan helyzet, amikor a hazai termel\u00e9s \u00e9s az import egy\u00fctt sem elegend\u0151 a hazai kereslet kiszolg\u00e1l\u00e1s\u00e1ra, ilyenkor a fogyaszt\u00f3kat szab\u00e1lyozza a Mavir, amelynek alapfeladata a kereslet \u00e9s a k\u00edn\u00e1lat azonos szinten tart\u00e1sa, az energiarendszer \u00f6sszeoml\u00e1s\u00e1nak megakad\u00e1lyoz\u00e1sa.<\/p>\n<p><img loading=\"lazy\" decoding=\"async\" class=\"size-full wp-image-4784518\" src=\"https:\/\/www.europesays.com\/hu\/wp-content\/uploads\/2026\/07\/debre20260610012.jpg\" alt=\"\" width=\"5196\" height=\"3464\" title=\"MEKSZ-eln\u00f6k: a korm\u00e1ny \u00e9s az \u00e1rampiaci szerepl\u0151k egyeztetnek, hogy elker\u00fclj\u00e9k a k\u00e9nyszer\u0171 kikapcsol\u00e1si rend bevezet\u00e9s\u00e9t 1\"  \/>Czegl\u00e9di Zsolt \/ MTI Az orsz\u00e1g eddigi legnagyobb akkumul\u00e1toros villamosenergia-t\u00e1rol\u00f3 l\u00e9tes\u00edtm\u00e9ny\u00e9nek \u00e1tad\u00e1sa a Szabolcs-Szatm\u00e1r-Bereg v\u00e1rmegyei Buj hat\u00e1r\u00e1ban 2026. j\u00fanius 10-\u00e9n. A k\u00e9pen T\u00f3th Andr\u00e1s, a Gazdas\u00e1gi \u00e9s Energia\u00fcgy Miniszt\u00e9rium energetikai \u00e1llamtitk\u00e1ra, Joao Manso Neto, a projektfejleszt\u0151 Greenvolt Csoport \u00fcgyvezet\u0151je, Batta Gerg\u00f5, a MAVIR operat\u00edv vez\u00e9rigazgat\u00f3-helyettese \u00e9s Tak\u00e1cs L\u00e1szl\u00f3 (Fidesz-KDNP) polg\u00e1rmester.<\/p>\n<p>Hiezl szerint jelenleg megn\u0151tt annak a kock\u00e1zata, hogy sem a hazai er\u0151m\u0171vek, sem a k\u00fclf\u00f6ldr\u0151l sz\u00e1rmaz\u00f3 import nem lesz el\u00e9g a hazai kereslet kiszolg\u00e1l\u00e1s\u00e1ra. Ilyenkor egy speci\u00e1lis elj\u00e1r\u00e1srend l\u00e9p \u00e9letbe, az \u00fagynevezett RKR, a <a target=\"_blank\" href=\"https:\/\/24.hu\/tech\/2026\/07\/31\/rotacios-kikapcsolasi-rend-magyar-peter-reszletek\/\" rel=\"nofollow noopener\">Rot\u00e1ci\u00f3s Kikapcsol\u00e1si Rend<\/a>, amely egyes fogyaszt\u00f3k \u00e1ramell\u00e1t\u00e1s\u00e1t szab\u00e1lyozza sz\u00fcks\u00e9ghelyzetben. A MEKSZ eln\u00f6ke hangs\u00falyozta azonban, hogy jelenleg m\u00e9g nem ilyen a helyzet. \u201eA korm\u00e1ny, a Mavir, a h\u00e1l\u00f3zat\u00fczemeltet\u0151k, s\u0151t maguk az \u00e1ramkeresked\u0151k is felvett\u00e9k a kapcsolatot a nagyfogyaszt\u00f3kkal, \u00e9s igyekeznek \u00f6nk\u00e9ntes alapon r\u00e1venni a legnagyobb \u00e1ramfelhaszn\u00e1l\u00f3kat, hogy maguk, saj\u00e1t d\u00f6nt\u00e9s\u00fckkel m\u00e9rs\u00e9kelj\u00e9k vagy \u00fctemezz\u00e9k m\u00e1sk\u00e9pp az \u00e1ramfelv\u00e9tel\u00fcket. A l\u00e9nyeg ugyanis azon van, hogy a cs\u00facsfogyaszt\u00e1s id\u0151szak\u00e1ban a felhaszn\u00e1l\u00f3k \u2013 legyen sz\u00f3 v\u00e1llalatokr\u00f3l vagy lakoss\u00e1gr\u00f3l \u2013 ne terhelj\u00e9k t\u00fal a rendszert\u201d \u2013 magyar\u00e1zta Hiezl.<\/p>\n","protected":false},"excerpt":{"rendered":"Magyarorsz\u00e1gon az \u00e1ramell\u00e1t\u00e1s, a villamosenergia-h\u00e1l\u00f3zat egyens\u00faly\u00e1\u00e9rt a rendszerir\u00e1ny\u00edt\u00f3 szervezet, a Mavir felel \u2013 mondta a 24.hu-nak Hiezl Tam\u00e1s,&hellip;\n","protected":false},"author":2,"featured_media":192354,"comment_status":"","ping_status":"","sticky":false,"template":"","format":"standard","meta":{"footnotes":"","_share_on_mastodon":"0"},"categories":[6],"tags":[3768,53960,44,42,40,43,53961,41,47118,7279,53962],"class_list":["post-192353","post","type-post","status-publish","format-standard","has-post-thumbnail","category-magyarorszag","tag-aram","tag-hiezl-tamas","tag-hu","tag-hungarian","tag-hungary","tag-magyar","tag-magyar-energiakereskedok-szovetsege","tag-magyarorszag","tag-mavir","tag-paksi-atomeromu","tag-rotacios-kikapcsolasi-rend"],"share_on_mastodon":{"url":"https:\/\/pubeurope.com\/@hu\/117016753360638564","error":""},"_links":{"self":[{"href":"https:\/\/www.europesays.com\/hu\/wp-json\/wp\/v2\/posts\/192353","targetHints":{"allow":["GET"]}}],"collection":[{"href":"https:\/\/www.europesays.com\/hu\/wp-json\/wp\/v2\/posts"}],"about":[{"href":"https:\/\/www.europesays.com\/hu\/wp-json\/wp\/v2\/types\/post"}],"author":[{"embeddable":true,"href":"https:\/\/www.europesays.com\/hu\/wp-json\/wp\/v2\/users\/2"}],"replies":[{"embeddable":true,"href":"https:\/\/www.europesays.com\/hu\/wp-json\/wp\/v2\/comments?post=192353"}],"version-history":[{"count":0,"href":"https:\/\/www.europesays.com\/hu\/wp-json\/wp\/v2\/posts\/192353\/revisions"}],"wp:featuredmedia":[{"embeddable":true,"href":"https:\/\/www.europesays.com\/hu\/wp-json\/wp\/v2\/media\/192354"}],"wp:attachment":[{"href":"https:\/\/www.europesays.com\/hu\/wp-json\/wp\/v2\/media?parent=192353"}],"wp:term":[{"taxonomy":"category","embeddable":true,"href":"https:\/\/www.europesays.com\/hu\/wp-json\/wp\/v2\/categories?post=192353"},{"taxonomy":"post_tag","embeddable":true,"href":"https:\/\/www.europesays.com\/hu\/wp-json\/wp\/v2\/tags?post=192353"}],"curies":[{"name":"wp","href":"https:\/\/api.w.org\/{rel}","templated":true}]}}