{"id":192802,"date":"2026-08-01T09:49:24","date_gmt":"2026-08-01T09:49:24","guid":{"rendered":"https:\/\/www.europesays.com\/hu\/192802\/"},"modified":"2026-08-01T09:49:24","modified_gmt":"2026-08-01T09:49:24","slug":"evtizedek-ota-nem-volt-pelda-ilyenre-budapesten-lassul-a-tomegkozlekedes-a-hirtelen-jott-krizis-miatt-terasz","status":"publish","type":"post","link":"https:\/\/www.europesays.com\/hu\/192802\/","title":{"rendered":"\u00c9vtizedek \u00f3ta nem volt p\u00e9lda ilyenre Budapesten: lassul a t\u00f6megk\u00f6zleked\u00e9s a hirtelen j\u00f6tt kr\u00edzis miatt &#8211; Terasz"},"content":{"rendered":"<p>A k\u00f6vetkez\u0151 napokban a budapestiek is \u00e9rezhetik a magyar villamosenergia-rendszert \u00e9rint\u0151 rendk\u00edv\u00fcli helyzet hat\u00e1sait. A f\u0151v\u00e1ros ugyanis energiatakar\u00e9koss\u00e1gi int\u00e9zked\u00e9seket vezet be, amelyek miatt a metr\u00f3k \u00e9s villamosok menetideje n\u00e9h\u00e1ny perccel meghosszabbodhat.<\/p>\n<p>                        Budapesti t\u00f6megk\u00f6zleked\u00e9s kr\u00edzis<\/p>\n<p>Kar\u00e1csony Gergely szombaton a Facebook-oldal\u00e1n jelentette be, hogy a f\u0151v\u00e1rosi k\u00f6z\u00f6ss\u00e9gi k\u00f6zleked\u00e9st m\u0171k\u00f6dtet\u0151 c\u00e9gekkel \u00e1ttekintett\u00e9k, milyen l\u00e9p\u00e9sekkel tudnak hozz\u00e1j\u00e1rulni az energiafelhaszn\u00e1l\u00e1s cs\u00f6kkent\u00e9s\u00e9hez \u00fagy, hogy az utasok ebb\u0151l a lehet\u0151 legkevesebbet \u00e9rz\u00e9kelj\u00e9k.<\/p>\n<p>A f\u0151polg\u00e1rmester szerint \u00e9vtizedek \u00f3ta nem n\u00e9zett szembe akkora kih\u00edv\u00e1ssal a magyar villamosenergia-ell\u00e1t\u00e1s, mint amilyenre most kell felk\u00e9sz\u00fclni.<\/p>\n<p>\u201eIlyen kifesz\u00edtett helyzetben minden, \u00f6nmag\u00e1ban kisebbnek l\u00e1tsz\u00f3 energiamegtakar\u00edt\u00e1sra sz\u00fcks\u00e9g van ahhoz, hogy elker\u00fclhess\u00fck a komolyabb ell\u00e1t\u00e1si zavarokat \u2013 fogalmazott.<\/p>\n<p>Ennek \u00e9rdek\u00e9ben a metr\u00f3- \u00e9s villamosvonalakon olyan menetrendet vezetnek be, amelyben a szerelv\u00e9nyek kev\u00e9sb\u00e9 intenz\u00edven gyors\u00edtanak. Ez ugyan n\u00e9h\u00e1ny perccel megn\u00f6velheti a menetid\u0151t, ugyanakkor a sz\u00e1m\u00edt\u00e1sok szerint napi 15 megawatt\u00f3ra energi\u00e1t takar\u00edthatnak meg vele.<\/p>\n<p>V\u00e1ltoz\u00e1s v\u00e1rhat\u00f3 a trolibusz-k\u00f6zleked\u00e9sben is: egyes vonalakon munkanapokon az elektromos trolibuszokat korszer\u0171, j\u00f3 hat\u00e1sfok\u00fa kl\u00edmaberendez\u00e9ssel felszerelt d\u00edzelaut\u00f3buszok v\u00e1ltj\u00e1k majd.<\/p>\n<p>A h\u00e1tt\u00e9rben a hazai villamosenergia-rendszert \u00e9rint\u0151 rendk\u00edv\u00fcli helyzet \u00e1ll. Asz\u00f3di Attila, a Paksi Atomer\u0151m\u0171 teljes\u00edtm\u00e9ny\u00e9\u00e9rt felel\u0151s kor\u00e1bbi korm\u00e1nybiztos az ATV Egyenes besz\u00e9d c\u00edm\u0171 m\u0171sor\u00e1ban <a href=\"http:\/\/femina.hu\/terasz\/gordulo-aramszunet-veszhelyzet-magyarorszag-energiaellatas\/\" id=\"hyperlink_dbb17b08593a3dc7520186d45bc0612f\" target=\"_blank\" title=\"Lehet, hogy importb\u00f3l sem lesz el\u00e9g \u00e1ram az orsz\u00e1gban: v\u00e9szforgat\u00f3k\u00f6nyv \u00e9s g\u00f6rd\u00fcl\u0151 \u00e1ramsz\u00fcnet j\u00f6het a szak\u00e9rt\u0151 szerint\" rel=\"nofollow noopener\">p\u00e1r napja arr\u00f3l besz\u00e9lt<\/a>, hogy ak\u00e1r hetekig, s\u0151t h\u00f3napokig is kritikus maradhat az ell\u00e1t\u00e1s. Ennek oka a <a href=\"https:\/\/femina.hu\/terasz\/paksi-atomeromu-leallas-duna-vizallas-3-as-blokk\/\" id=\"hyperlink_74c8169d5e7f6314643d2eb3b597c258\" target=\"_blank\" rel=\"nofollow noopener\">Paksi Atomer\u0151m\u0171<\/a> v\u00e1rhat\u00f3 teljes le\u00e1ll\u00e1sa, a Dunamenti Er\u0151m\u0171 kapacit\u00e1skies\u00e9se, valamint a rendk\u00edv\u00fcli h\u0151s\u00e9g miatt jelent\u0151sen megn\u00f6vekedett \u00e1ramfogyaszt\u00e1s.<\/p>\n<p>A szakember arra is felh\u00edvta a figyelmet, hogy a helyzetet tov\u00e1bb nehez\u00edtheti a Duna v\u00edzszintj\u00e9nek cs\u00f6kken\u00e9se \u00e9s az \u00fajabb h\u0151hull\u00e1m \u00e9rkez\u00e9se. Emellett a rom\u00e1niai Cernavod\u0103 atomer\u0151m\u0171 1400 megawattos kapacit\u00e1skies\u00e9se is sz\u0171k\u00edti a t\u00e9rs\u00e9g villamosenergia-tartal\u00e9kait, mik\u00f6zben a tart\u00f3s k\u00e1nikula az er\u0151m\u0171vek \u00e9s az elektromos h\u00e1l\u00f3zat meghib\u00e1sod\u00e1s\u00e1nak kock\u00e1zat\u00e1t is n\u00f6veli.<\/p>\n<p>                                    <a href=\"https:\/\/femina.hu\/terasz\/kapitany-istvan-paks-leallitas-figyelmeztetes-magyarok\/\" title=\"\" rel=\"nofollow noopener\" target=\"_blank\"><br \/>\n                                    <img decoding=\"async\" src=\"https:\/\/www.europesays.com\/hu\/wp-content\/uploads\/2026\/08\/70788311_5221231_369310fb3f70c4e8716505f37b285c84_wm.jpg\" alt=\"\" title=\"\"\/><br \/>\n                                <\/a><\/p>\n<p>                                Kapit\u00e1ny Istv\u00e1n megsz\u00f3lalt Paks le\u00e1ll\u00edt\u00e1s\u00e1val kapcsolatban: erre minden magyarnak figyelnie kell a k\u00f6vetkez\u0151 id\u0151szakban<\/p>\n<p class=\"lead\">Fontos bejegyz\u00e9st tett k\u00f6zz\u00e9 a gazdas\u00e1gi \u00e9s energetikai miniszter.<\/p>\n<p>                                <a href=\"https:\/\/femina.hu\/terasz\/kapitany-istvan-paks-leallitas-figyelmeztetes-magyarok\/\" class=\"btn btn-normal\" rel=\"nofollow noopener\" target=\"_blank\">Elolvasom<\/a><\/p>\n<p>\n                          Cover-fot\u00f3: Profim\u00e9dia\n                        <\/p>\n<p>                                    <img loading=\"lazy\" decoding=\"async\" src=\"https:\/\/www.europesays.com\/hu\/wp-content\/uploads\/2026\/08\/1785577764_283_69438631_1f27342f2cf6a098516eb11de6d71ad5_wm.jpg\" width=\"198\" height=\"256\" alt=\"\"\/><br \/>\n                            \t    \tAz illatok ter\u00e1pi\u00e1s ereje<\/p>\n<p>M\u00e1r <a href=\"https:\/\/www.indapresskiado.hu\/products\/a-lathatatlan-gyogyito\" rel=\"nofollow noopener\" target=\"_blank\">megv\u00e1s\u00e1rolhat\u00f3<\/a>\u00a0a Femina els\u0151 k\u00f6nyve:\u00a0<\/p>\n<p>A l\u00e1thatatlan gy\u00f3gy\u00edt\u00f3<\/p>\n<p>Moln\u00e1r \u00c9va k\u00f6tete egy k\u00fcl\u00f6nleges utaz\u00e1sra h\u00edv az illatok gy\u00f3gy\u00edt\u00f3 vil\u00e1g\u00e1ba \u2014 az \u00f3kori f\u00fcst\u00f6l\u0151kt\u0151l eg\u00e9szen a modern olfakt\u00edv ter\u00e1pi\u00e1ig.<br \/>Hogyan hatnak r\u00e1nk az illatok? Mi\u00e9rt kapcsol\u00f3dik \u00f6ssze ennyire m\u00e9lyen az eml\u00e9kezet, a l\u00e9lek \u00e9s a szagl\u00e1s? \u00c9s hogyan seg\u00edthetnek az illatok a testi-lelki harm\u00f3nia megtal\u00e1l\u00e1s\u00e1ban?\u00a0<\/p>\n<p class=\"promocio\">Prom\u00f3ci\u00f3<\/p>\n<p><a href=\"https:\/\/dex.hu\/x.php?id=googlepref_desktop_femina&amp;url=https:\/\/google.com\/preferences\/source?q=https:\/\/femina.hu\/\" class=\"google-pref-banner \" id=\"googlePrefBanner\" rel=\"nofollow noopener\" target=\"_blank\"><\/p>\n<p>        \u00c1ll\u00edtsd be a Google keres\u0151j\u00e9t, hogy a tal\u00e1latok k\u00f6z\u00f6tt biztos ott legyen a Femina!    <\/p>\n<p><\/a><\/p>\n","protected":false},"excerpt":{"rendered":"A k\u00f6vetkez\u0151 napokban a budapestiek is \u00e9rezhetik a magyar villamosenergia-rendszert \u00e9rint\u0151 rendk\u00edv\u00fcli helyzet hat\u00e1sait. A f\u0151v\u00e1ros ugyanis energiatakar\u00e9koss\u00e1gi&hellip;\n","protected":false},"author":2,"featured_media":192803,"comment_status":"","ping_status":"","sticky":false,"template":"","format":"standard","meta":{"footnotes":"","_share_on_mastodon":"0"},"categories":[22],"tags":[3768,73,1382,44,42,40,457,43,41,411,5352,4241],"class_list":["post-192802","post","type-post","status-publish","format-standard","has-post-thumbnail","category-budapest","tag-aram","tag-budapest","tag-energia","tag-hu","tag-hungarian","tag-hungary","tag-karacsony-gergely","tag-magyar","tag-magyarorszag","tag-terasz","tag-tomegkozlekedes","tag-valtozas"],"share_on_mastodon":{"url":"https:\/\/pubeurope.com\/@hu\/117019631466633422","error":""},"_links":{"self":[{"href":"https:\/\/www.europesays.com\/hu\/wp-json\/wp\/v2\/posts\/192802","targetHints":{"allow":["GET"]}}],"collection":[{"href":"https:\/\/www.europesays.com\/hu\/wp-json\/wp\/v2\/posts"}],"about":[{"href":"https:\/\/www.europesays.com\/hu\/wp-json\/wp\/v2\/types\/post"}],"author":[{"embeddable":true,"href":"https:\/\/www.europesays.com\/hu\/wp-json\/wp\/v2\/users\/2"}],"replies":[{"embeddable":true,"href":"https:\/\/www.europesays.com\/hu\/wp-json\/wp\/v2\/comments?post=192802"}],"version-history":[{"count":0,"href":"https:\/\/www.europesays.com\/hu\/wp-json\/wp\/v2\/posts\/192802\/revisions"}],"wp:featuredmedia":[{"embeddable":true,"href":"https:\/\/www.europesays.com\/hu\/wp-json\/wp\/v2\/media\/192803"}],"wp:attachment":[{"href":"https:\/\/www.europesays.com\/hu\/wp-json\/wp\/v2\/media?parent=192802"}],"wp:term":[{"taxonomy":"category","embeddable":true,"href":"https:\/\/www.europesays.com\/hu\/wp-json\/wp\/v2\/categories?post=192802"},{"taxonomy":"post_tag","embeddable":true,"href":"https:\/\/www.europesays.com\/hu\/wp-json\/wp\/v2\/tags?post=192802"}],"curies":[{"name":"wp","href":"https:\/\/api.w.org\/{rel}","templated":true}]}}