{"id":192856,"date":"2026-08-01T10:43:13","date_gmt":"2026-08-01T10:43:13","guid":{"rendered":"https:\/\/www.europesays.com\/hu\/192856\/"},"modified":"2026-08-01T10:43:13","modified_gmt":"2026-08-01T10:43:13","slug":"index-belfold-a-hetvegi-rohammal-egyutt-megerkeztek-a-dugok-is-tobb-autopalyan-all-a-forgalom","status":"publish","type":"post","link":"https:\/\/www.europesays.com\/hu\/192856\/","title":{"rendered":"Index &#8211; Belf\u00f6ld &#8211; A h\u00e9tv\u00e9gi rohammal egy\u00fctt meg\u00e9rkeztek a dug\u00f3k is, t\u00f6bb aut\u00f3p\u00e1ly\u00e1n \u00e1ll a forgalom"},"content":{"rendered":"<p>\n                          Az M7-es aut\u00f3p\u00e1lya Letenye fel\u00e9 vezet\u0151 oldal\u00e1n a Balatonszemes\/Balaton\u0151sz\u00f6d\/Sz\u00f3l\u00e1d csom\u00f3pont lehajt\u00f3\u00e1g\u00e1n egy szem\u00e9lyaut\u00f3 nekiment az elv\u00e1laszt\u00f3 elemnek, a lehajt\u00f3\u00e1gat lez\u00e1rt\u00e1k. A 135-\u00f6s kilom\u00e9tern\u00e9l lassul\u00e1sra kell sz\u00e1m\u00edtani \u2013 t\u00e1j\u00e9koztat az <a href=\"https:\/\/www.utinform.hu\/hu\/news\/balesetek-torlodasok-rendkivuli-kozlekedesi-esemenyek?d=0\" id=\"hyperlink_d25eb564934cbf20d023d61d63fb6aab\" rel=\"nofollow noopener\" target=\"_blank\">\u00datinform<\/a>.\n                        <\/p>\n<p>Szint\u00e9n az M7-es aut\u00f3p\u00e1lya Letenye fel\u00e9 vezet\u0151 oldal\u00e1n \u00c9rd t\u00e9rs\u00e9g\u00e9ben k\u00e9t szem\u00e9lyaut\u00f3 \u00fctk\u00f6z\u00f6tt \u00f6ssze. A 21-es kilom\u00e9tern\u00e9l 6 kilom\u00e9teres torl\u00f3d\u00e1s alakult ki.<\/p>\n<p>A k\u00f6zleked\u00e9si hivatal figyelmeztet: aki teheti, az ker\u00fclj\u00f6n a 7-es f\u0151\u00faton, \u00e9s csak T\u00e1rnokn\u00e1l hajtson fel az aut\u00f3p\u00e1ly\u00e1ra.<\/p>\n<p>Az M1-es aut\u00f3p\u00e1lya Budapest fel\u00e9 vezet\u0151 oldal\u00e1n, Gy\u0151r elker\u00fcl\u0151 szakasz\u00e1n kor\u00e1bban karbantart\u00f3k dolgoztak. A 126-os kilom\u00e9tern\u00e9l m\u00e1r megsz\u0171nt a s\u00e1vz\u00e1r\u00e1s, a torl\u00f3d\u00e1s azonban lassan oszlik fel.<\/p>\n<p>Ugyancsak az M1-es aut\u00f3p\u00e1lya Hegyeshalom fel\u00e9 vezet\u0151 oldal\u00e1n egy m\u0171szaki hib\u00e1s j\u00e1rm\u0171 akad\u00e1lyozza a forgalmat, \u00d3barok k\u00f6zel\u00e9ben. A 44-es kilom\u00e9tern\u00e9l a k\u00fcls\u0151 s\u00e1vot lez\u00e1rt\u00e1k, \u00e9s 3 kilom\u00e9teres torl\u00f3d\u00e1s alakult ki.<\/p>\n<p>T\u00e1volabb, a Tatab\u00e1nya \u00e9s az M0-s aut\u00f3\u00fat k\u00f6z\u00f6tt ki\u00e9p\u00edtett terel\u00e9sben, illetve a terel\u00e9sbe t\u00f6rt\u00e9n\u0151 bel\u00e9p\u00e9s el\u0151tt szakaszosan t\u00f6bb kilom\u00e9teres lassul\u00e1sra \u00e9s torl\u00f3d\u00e1sra kell sz\u00e1m\u00edtani.<\/p>\n<p><a href=\"https:\/\/dex.hu\/x.php?id=googlepref_desktop&amp;url=https:\/\/google.com\/preferences\/source?q=https:\/\/index.hu\" class=\"google-pref-banner \" id=\"googlePrefBanner\" rel=\"nofollow noopener\" target=\"_blank\"><\/p>\n<p>    Itt \u00e1ll\u00edtsa be, hogy az Index az els\u0151k k\u00f6z\u00f6tt legyen a Google-tal\u00e1latokban!<\/p>\n<p><\/a><\/p>\n<p>                <a href=\"https:\/\/konyvek.index.hu\/\" target=\"_blank\" rel=\"nofollow noopener\"><br \/>\n                <img decoding=\"async\" src=\"https:\/\/index.hu\/assets\/images\/konyvajanlo\/book_indapress\/book_indapress_logo.svg\" loading=\"lazy\" alt=\"Inda Press Kiad\u00f3\"\/><br \/>\n                <\/a><\/p>\n<p>                <img decoding=\"async\" src=\"https:\/\/www.europesays.com\/hu\/wp-content\/uploads\/2026\/08\/1785580991_592_budapest.png\" loading=\"lazy\" alt=\"23 \u2013 Nagy budapesti ker\u00fclethat\u00e1roz\u00f3\"\/><\/p>\n<p>Izgalmas t\u00f6rt\u00e9netek, rejtett kincsek, \u00e9rdekes \u00e9p\u00fcletek &#8211; nem csak budapestieknek.<\/p>\n<p>                <a class=\"book_index_btn\" href=\"https:\/\/indexadhu.hit.gemius.pl\/hitredir?id=nSCbubuYpDWJZLZs0TssLrbt33Lk5kbipuiZrkg89G3.g7&amp;stparam=yoojcxjrby&amp;fastid=maqqjzmjjiorpyjhphrcutrnpkmz&amp;nc=0&amp;url=https:\/\/www.indapresskiado.hu\/products\/23-nagy-budapesti-ker-hat\" target=\"_blank\" rel=\"nofollow noopener\">MEGVESZEM<\/a><\/p>\n<p>    <img decoding=\"async\" src=\"https:\/\/www.europesays.com\/hu\/wp-content\/uploads\/2026\/08\/1785580992_949_redot.gif\"\/><\/p>\n<p>    <img decoding=\"async\" src=\"https:\/\/index.hu\/assets\/images\/social-follow\/logo-big.svg\" alt=\"Index.hu logo\"\/><\/p>\n<p>K\u00f6vesse az Indexet Facebookon is!<\/p>\n<p>    <a href=\"https:\/\/facebook.com\/Indexhu\" target=\"_blank\" rel=\"nofollow noopener\"><\/p>\n<p>        K\u00f6vetem!<br \/>\n    <\/a><\/p>\n","protected":false},"excerpt":{"rendered":"Az M7-es aut\u00f3p\u00e1lya Letenye fel\u00e9 vezet\u0151 oldal\u00e1n a Balatonszemes\/Balaton\u0151sz\u00f6d\/Sz\u00f3l\u00e1d csom\u00f3pont lehajt\u00f3\u00e1g\u00e1n egy szem\u00e9lyaut\u00f3 nekiment az elv\u00e1laszt\u00f3 elemnek, a&hellip;\n","protected":false},"author":2,"featured_media":192857,"comment_status":"","ping_status":"","sticky":false,"template":"","format":"standard","meta":{"footnotes":"","_share_on_mastodon":"0"},"categories":[6],"tags":[80,73,44,42,40,274,54048,273,9638,43,41,3738],"class_list":["post-192856","post","type-post","status-publish","format-standard","has-post-thumbnail","category-magyarorszag","tag-belfold","tag-budapest","tag-hu","tag-hungarian","tag-hungary","tag-kozlekedes","tag-lehajto","tag-lezaras","tag-m7-es-autopalya","tag-magyar","tag-magyarorszag","tag-torlodas"],"share_on_mastodon":{"url":"https:\/\/pubeurope.com\/@hu\/117019843555695115","error":""},"_links":{"self":[{"href":"https:\/\/www.europesays.com\/hu\/wp-json\/wp\/v2\/posts\/192856","targetHints":{"allow":["GET"]}}],"collection":[{"href":"https:\/\/www.europesays.com\/hu\/wp-json\/wp\/v2\/posts"}],"about":[{"href":"https:\/\/www.europesays.com\/hu\/wp-json\/wp\/v2\/types\/post"}],"author":[{"embeddable":true,"href":"https:\/\/www.europesays.com\/hu\/wp-json\/wp\/v2\/users\/2"}],"replies":[{"embeddable":true,"href":"https:\/\/www.europesays.com\/hu\/wp-json\/wp\/v2\/comments?post=192856"}],"version-history":[{"count":0,"href":"https:\/\/www.europesays.com\/hu\/wp-json\/wp\/v2\/posts\/192856\/revisions"}],"wp:featuredmedia":[{"embeddable":true,"href":"https:\/\/www.europesays.com\/hu\/wp-json\/wp\/v2\/media\/192857"}],"wp:attachment":[{"href":"https:\/\/www.europesays.com\/hu\/wp-json\/wp\/v2\/media?parent=192856"}],"wp:term":[{"taxonomy":"category","embeddable":true,"href":"https:\/\/www.europesays.com\/hu\/wp-json\/wp\/v2\/categories?post=192856"},{"taxonomy":"post_tag","embeddable":true,"href":"https:\/\/www.europesays.com\/hu\/wp-json\/wp\/v2\/tags?post=192856"}],"curies":[{"name":"wp","href":"https:\/\/api.w.org\/{rel}","templated":true}]}}