{"id":193040,"date":"2026-08-01T14:14:07","date_gmt":"2026-08-01T14:14:07","guid":{"rendered":"https:\/\/www.europesays.com\/hu\/193040\/"},"modified":"2026-08-01T14:14:07","modified_gmt":"2026-08-01T14:14:07","slug":"menekules-horvatorszagba-sokan-igy-gondoljak-hoseg-es-torlodasok-nehezitik-a-kozlekedest","status":"publish","type":"post","link":"https:\/\/www.europesays.com\/hu\/193040\/","title":{"rendered":"Menek\u00fcl\u00e9s Horv\u00e1torsz\u00e1gba? Sokan \u00edgy gondolj\u00e1k, h\u0151s\u00e9g \u00e9s torl\u00f3d\u00e1sok nehez\u00edtik a k\u00f6zleked\u00e9st"},"content":{"rendered":"<p data-alignment=\"left\" class=\"text-left\" data-block-key=\"bfyyl\">Rendk\u00edv\u00fcli h\u0151s\u00e9g \u00e9s t\u00f6bb kilom\u00e9teres torl\u00f3d\u00e1sok nehez\u00edtik a k\u00f6zleked\u00e9st szombaton Horv\u00e1torsz\u00e1gban: az orsz\u00e1g t\u00f6bb t\u00e9rs\u00e9g\u00e9ben v\u00f6r\u00f6s riaszt\u00e1s van \u00e9rv\u00e9nyben, az Adria fel\u00e9 vezet\u0151 utakon pedig hossz\u00fa kocsisorok alakultak ki d\u00e9lel\u0151tt.<\/p>\n<p data-alignment=\"left\" class=\"text-left\" data-block-key=\"en1le\">Az \u00e9szak-adriai Senjben \u00e9jszaka sem cs\u00f6kkent 30 Celsius-fok al\u00e1 a h\u0151m\u00e9rs\u00e9klet, a k\u00f6zeli fiumei (Rijeka) rep\u00fcl\u0151t\u00e9ren p\u00e9nteken 39,7 fokot m\u00e9rtek. A Horv\u00e1t Aut\u00f3klub 10 \u00f3rai jelent\u00e9se szerint a Z\u00e1gr\u00e1b d\u00e9lnyugati hat\u00e1r\u00e1ban fekv\u0151 luck\u00f3i fizet\u0151kapun\u00e1l mintegy hat kilom\u00e9teres volt a torl\u00f3d\u00e1s.<\/p>\n<p data-alignment=\"left\" class=\"text-left\" data-block-key=\"nm83b\">A vesz\u00e9lyes h\u0151s\u00e9g a k\u00f6vetkez\u0151 napokban is folytat\u00f3dik.<\/p>\n<p>  <a rel=\"noopener nofollow\" href=\"https:\/\/indamediasales.hu\/2019\/06\/25\/quality_placement_minosegbiztositasi_tajekoztato_728\" target=\"_blank\" class=\"flex items-center\"><\/p>\n<p>      <img loading=\"lazy\" decoding=\"async\" src=\"https:\/\/www.economx.hu\/neon\/static\/images\/brand\/quality_placement_logo.svg\" alt=\"Quality Placement\" width=\"150\" height=\"15\"\/><\/p>\n<p>  <\/a><\/p>\n<p>\n  hirdet\u00e9s<\/p>\n<p>    X<\/p>\n<p>      Fiume t\u00e9rs\u00e9g\u00e9ben szerd\u00e1ig a legmagasabb fok\u00fa figyelmeztet\u00e9s lesz \u00e9rv\u00e9nyben,m\u00edg Z\u00e1gr\u00e1b,valamint a dalm\u00e1ciai Knin, Split \u00e9s Dubrovnik k\u00f6rny\u00e9k\u00e9re szombatra adtak ki v\u00f6r\u00f6s riaszt\u00e1st.<\/p>\n<p data-alignment=\"left\" class=\"text-left\" data-block-key=\"nm83b\">A h\u00e9tv\u00e9gi turnusv\u00e1lt\u00e1s miatt jelent\u0151sen megn\u0151tt a forgalom az Adria fel\u00e9 vezet\u0151 utakon.<\/p>\n<p data-alignment=\"left\" class=\"text-left\" data-block-key=\"2du3r\">A Horv\u00e1t Aut\u00f3klub szerint torl\u00f3d\u00e1sok alakultak ki a fizet\u0151kapukn\u00e1l, az alagutak \u00e9s csom\u00f3pontok t\u00e9rs\u00e9g\u00e9ben, valamint az \u00fcd\u00fcl\u0151helyeket, a kompkik\u00f6t\u0151ket \u00e9s t\u00f6bb hat\u00e1r\u00e1tkel\u0151t megk\u00f6zel\u00edt\u0151 utakon.<\/p>\n<p>Az A1-es aut\u00f3p\u00e1ly\u00e1n, amely Z\u00e1gr\u00e1bot k\u00f6ti \u00f6ssze Dalm\u00e1ci\u00e1val, a Lucko \u00e9s Bosiljevo k\u00f6z\u00f6tt szakaszosan, r\u00f6vid meg\u00e1ll\u00e1sokkal haladt a forgalom.A Krpani-alag\u00fatban t\u00f6rt\u00e9nt baleset miatt Dubrovnik fel\u00e9 csak egy s\u00e1v volt j\u00e1rhat\u00f3.A Sveti Rok-alagutat a nagy forgalom miatt id\u0151szakosan lez\u00e1rt\u00e1k, nehogy feltorl\u00f3djanak a j\u00e1rm\u0171vek az alag\u00fatban. El\u0151tte mintegy k\u00e9t kilom\u00e9teres kocsisor alakult ki.Az A2-es aut\u00f3p\u00e1ly\u00e1n, a horv\u00e1t-szlov\u00e9n hat\u00e1r k\u00f6zel\u00e9ben l\u00e9v\u0151 trakoscani fizet\u0151kapun\u00e1l Z\u00e1gr\u00e1b fel\u00e9 \u00f6t kilom\u00e9teres volt a torl\u00f3d\u00e1s, amely \u00e1tny\u00falt Szlov\u00e9ni\u00e1ba.Er\u0151s volt a forgalom az 1-es f\u0151\u00faton, valamint Krk sziget\u00e9n \u00e9s a Krki h\u00eddon is.<\/p>\n<p data-alignment=\"left\" class=\"text-left\" data-block-key=\"4nte4\">A Horv\u00e1torsz\u00e1gban hivatalosan m\u00e9rt legmagasabb h\u0151m\u00e9rs\u00e9klet 42,8 Celsius-fok volt, amelyet 1981. augusztus 4-\u00e9n a d\u00e9l-dalm\u00e1ciai Ploc\u00e9ben <a href=\"https:\/\/www.economx.hu\/gazdasag\/2026\/07\/13\/horvatorszag-turizmus-szallas-vendegejszakak-nemetek-miniszterium\/\" target=\"_blank\" rel=\" noopener noreferrer nofollow\" data-link-preview=\"true\" data-og-title=\"Visszanyalt a fagyi: egyre kevesebben v\u00e1lasztj\u00e1k Horv\u00e1torsz\u00e1got \u00fatic\u00e9lul\" data-og-description=\"J\u00faniusban 3,1 milli\u00f3 turista \u00e9rkezett az orsz\u00e1gba, 7 sz\u00e1zal\u00e9kkal kevesebb, mint tavaly ugyanebben a h\u00f3napban.\" data-og-image=\"https:\/\/www.economx.hu\/neon\/media\/images\/GettyImages-1554153244.format-avif.max-600x400.avif\" data-og-image-small=\"https:\/\/www.economx.hu\/neon\/media\/images\/GettyImages-1554153244.format-avif.max-370x278.avif\" data-og-column=\"Gazdas\u00e1g\" data-og-tags=\"[&quot;Gazdas\\u00e1g&quot;, &quot;horv\\u00e1torsz\\u00e1g&quot;, &quot;turizmus&quot;, &quot;vend\\u00e9g\\u00e9jszak\\u00e1k&quot;, &quot;n\\u00e9metek&quot;]\">jegyeztek fel<\/a>.<\/p>\n<p><a href=\"https:\/\/google.com\/preferences\/source?q=https%3A\/\/www.economx.hu\" rel=\"noopener nofollow\" referrerpolicy=\"no-referrer-when-downgrade\" class=\"!flex !items-center !gap-5 !py-2 !px-3 w-full !rounded-xl !font-bold cursor-pointer !no-underline relative !bg-white !text-[#202124] !border !border-[#858585] dark:!bg-[#323232] dark:!text-white dark:border-none mb-4 \" target=\"_blank\"><br \/>\n  <img decoding=\"async\" src=\"https:\/\/www.economx.hu\/neon\/static\/images\/favicons\/google_favicon.svg\" alt=\"Google\" class=\"shrink-0 w-7 h-7\"\/><br \/>\n  \u00c1ll\u00edtsd be, hogy az Economx az els\u0151k k\u00f6z\u00f6tt legyen a Google-tal\u00e1latokban!<\/p>\n<p><\/a><\/p>\n","protected":false},"excerpt":{"rendered":"Rendk\u00edv\u00fcli h\u0151s\u00e9g \u00e9s t\u00f6bb kilom\u00e9teres torl\u00f3d\u00e1sok nehez\u00edtik a k\u00f6zleked\u00e9st szombaton Horv\u00e1torsz\u00e1gban: az orsz\u00e1g t\u00f6bb t\u00e9rs\u00e9g\u00e9ben v\u00f6r\u00f6s riaszt\u00e1s van&hellip;\n","protected":false},"author":2,"featured_media":193041,"comment_status":"","ping_status":"","sticky":false,"template":"","format":"standard","meta":{"footnotes":"","_share_on_mastodon":"0"},"categories":[8],"tags":[54,32517,42,274,43,34,3738,94,93,92],"class_list":["post-193040","post","type-post","status-publish","format-standard","has-post-thumbnail","category-vilag","tag-horvatorszag","tag-hoseg","tag-hungarian","tag-kozlekedes","tag-magyar","tag-news","tag-torlodas","tag-vilag","tag-world","tag-world-news"],"share_on_mastodon":{"url":"https:\/\/pubeurope.com\/@hu\/117020673436112965","error":""},"_links":{"self":[{"href":"https:\/\/www.europesays.com\/hu\/wp-json\/wp\/v2\/posts\/193040","targetHints":{"allow":["GET"]}}],"collection":[{"href":"https:\/\/www.europesays.com\/hu\/wp-json\/wp\/v2\/posts"}],"about":[{"href":"https:\/\/www.europesays.com\/hu\/wp-json\/wp\/v2\/types\/post"}],"author":[{"embeddable":true,"href":"https:\/\/www.europesays.com\/hu\/wp-json\/wp\/v2\/users\/2"}],"replies":[{"embeddable":true,"href":"https:\/\/www.europesays.com\/hu\/wp-json\/wp\/v2\/comments?post=193040"}],"version-history":[{"count":0,"href":"https:\/\/www.europesays.com\/hu\/wp-json\/wp\/v2\/posts\/193040\/revisions"}],"wp:featuredmedia":[{"embeddable":true,"href":"https:\/\/www.europesays.com\/hu\/wp-json\/wp\/v2\/media\/193041"}],"wp:attachment":[{"href":"https:\/\/www.europesays.com\/hu\/wp-json\/wp\/v2\/media?parent=193040"}],"wp:term":[{"taxonomy":"category","embeddable":true,"href":"https:\/\/www.europesays.com\/hu\/wp-json\/wp\/v2\/categories?post=193040"},{"taxonomy":"post_tag","embeddable":true,"href":"https:\/\/www.europesays.com\/hu\/wp-json\/wp\/v2\/tags?post=193040"}],"curies":[{"name":"wp","href":"https:\/\/api.w.org\/{rel}","templated":true}]}}