{"id":193636,"date":"2026-08-02T05:47:17","date_gmt":"2026-08-02T05:47:17","guid":{"rendered":"https:\/\/www.europesays.com\/hu\/193636\/"},"modified":"2026-08-02T05:47:17","modified_gmt":"2026-08-02T05:47:17","slug":"egy-adas-utan-leirtak-hajdu-peter-musorat-a-kommentelok-ezert-haborodott-fel-a-tobbseg-hazai-sztar","status":"publish","type":"post","link":"https:\/\/www.europesays.com\/hu\/193636\/","title":{"rendered":"Egy ad\u00e1s ut\u00e1n le\u00edrt\u00e1k Hajd\u00fa P\u00e9ter m\u0171sor\u00e1t a kommentel\u0151k: ez\u00e9rt h\u00e1borodott fel a t\u00f6bbs\u00e9g &#8211; Hazai szt\u00e1r"},"content":{"rendered":"<p>Hajd\u00fa P\u00e9ter egy vadonat\u00faj, spiritu\u00e1lis m\u0171sorral jelentkezett az interneten, ami alaposan felkavarta az \u00e1ll\u00f3vizet. Az els\u0151 ad\u00e1s ut\u00e1n a n\u00e9z\u0151k komoly kritik\u00e1kat fogalmaztak meg a produkci\u00f3val szemben.<\/p>\n<p>                        Sorra \u00e9rkeztek a negat\u00edv v\u00e9lem\u00e9nyek Hajd\u00fa P\u00e9ter \u00faj m\u0171sor\u00e1ra<\/p>\n<p>A <a href=\"https:\/\/www.youtube.com\/watch?v=8vEtCsKEzm4\" id=\"hyperlink_05c82f2242eaaea41b9d6d8fb062a349\" rel=\"nofollow noopener\" target=\"_blank\">Frizbi TV-n deb\u00fct\u00e1lt, A Sze\u00e1nsz c\u00edm\u0171<\/a> \u00faj produkci\u00f3ban Hajd\u00fa P\u00e9ter egy teljesen m\u00e1s ir\u00e1nyba indult el, \u00e9s Kiss Kat\u00f3 l\u00e9lekl\u00e1t\u00f3val k\u00f6z\u00f6sen a t\u00falvil\u00e1g rejtelmeit kutatja.<\/p>\n<p>\u00a0A m\u0171sor l\u00e9nyege az volt, hogy a t\u00f6bb mint ezer jelentkez\u0151b\u0151l csup\u00e1n nyolc olyan civilt v\u00e1lasztottak ki, akiket sem a m\u0171sorvezet\u0151, sem a m\u00e9dium nem ismert kor\u00e1bban. A st\u00fadi\u00f3ban egy asztaln\u00e1l arra keresik a v\u00e1laszt, hogy vajon mindenf\u00e9le el\u0151zetes tud\u00e1s n\u00e9lk\u00fcl is l\u00e9trej\u00f6het-e a kapcsolat az \u00e9l\u0151k \u00e9s az elhunyt szeretteik k\u00f6z\u00f6tt. B\u00e1r <a href=\"http:\/\/femina.hu\/hazai_sztar\/hajdu-peter-fia-helikopterezes\/\" id=\"hyperlink_a9164d83d3e3bb017b8659efbee39969\" target=\"_blank\" title=\"Hajd\u00fa P\u00e9ter gyereknapi aj\u00e1nd\u00e9ka k\u00f6zel f\u00e9l milli\u00f3 forint volt: ezt kapta a 4 \u00e9ves kisfia\" rel=\"nofollow noopener\">Hajd\u00fa P\u00e9ter<\/a> kor\u00e1bban bevallotta, hogy \u0151 maga k\u00e9tkedve \u00e1ll a t\u00e9m\u00e1hoz, a k\u00eds\u00e9rlet rengeteg n\u00e9z\u0151t \u00e9rdekelt.<\/p>\n<p>A premier ut\u00e1n azonban a rajong\u00f3k reakci\u00f3ja nagyon m\u00e1s volt, mint amit a k\u00e9sz\u00edt\u0151k v\u00e1rtak. A YouTube-on \u00e9s a Redditen is rengeteg <a href=\"http:\/\/femina.hu\/hazai_sztar\/tonroczky-anita-hajdu-peter-baratsaga\/\" id=\"hyperlink_c39a22c207e537bac0c708ab54e507e3\" target=\"_blank\" title=\"\u201eEz egy rideg p*csa, ez meg egy karrierista f*sz\u201d Torn\u00f3czky Anit\u00e1t \u00e9s Hajd\u00fa P\u00e9tert elmondt\u00e1k mindennek\" rel=\"nofollow noopener\">kommentel\u0151 adott hangot a csal\u00f3dotts\u00e1g\u00e1nak<\/a>, a legt\u00f6bben a m\u0171sor hiteless\u00e9g\u00e9t \u00e9s a halottl\u00e1t\u00f3 \u00e1ll\u00edt\u00e1sait k\u00e9rd\u0151jelezt\u00e9k meg. Sokan \u00fagy \u00e9rezt\u00e9k, hogy a produkci\u00f3 csak felt\u00e9pi a gy\u00e1szol\u00f3k sebeit &#8211; <a href=\"https:\/\/story.hu\/napi-friss\/2026\/07\/20\/hajdu-peter-uj-musor-szeansz-kommentelok\/r5q413r#google_vignette\" id=\"hyperlink_32b0d6a2cf1b2c4e00fce6995bafdd64\" rel=\"nofollow noopener\" target=\"_blank\">sz\u00farta ki a Story.hu<\/a><\/p>\n<p>\u201e\u00c9n szeretem az eff\u00e9le jelleg\u0171 m\u0171sorokat, de egyszer\u0171en borzalmas\u2026 Kritik\u00e1n aluli. Sajn\u00e1lom az \u0151szint\u00e9n gy\u00e1szol\u00f3 sz\u00fcl\u0151ket, any\u00e1kat \u00e9s gyerekeket\u2026 hogy teljesen \u00e1tlagos tal\u00e1lgat\u00e1sokkal felt\u00e9pik az am\u00fagy is nehezen gy\u00f3gyul\u00f3 sebeket.\u201d<\/p>\n<p>A n\u00e9z\u0151ket az is nagyon zavarta, hogy amikor egy\u00e9rtelm\u0171 volt a t\u00e9ved\u00e9s, a halottl\u00e1t\u00f3 akkor sem ismerte el, hogy hib\u00e1zott. Ahogy egy m\u00e1sik kommentel\u0151 megfogalmazta a felh\u00e1borod\u00e1s\u00e1t:<\/p>\n<p>\u201eHa egy \u00e1ll\u00edt\u00e1sa \u00f3ri\u00e1si bakl\u00f6v\u00e9s lett, akkor \u00e1tment tekint\u00e9lyelv\u0171s\u00e9gbe, hogy \u0151 tudja akkor is j\u00f3l, te vagy a h\u00fclye.\u201d<\/p>\n<p>A kommentel\u0151k k\u00f6z\u00f6tt egy konkr\u00e9t, dr\u00e1mai jelenet verte ki legink\u00e1bb a biztos\u00edt\u00e9kot, amikor a Kiss Kat\u00f3 teljesen mell\u00e9fogott egy csal\u00e1di trag\u00e9di\u00e1val kapcsolatban. Egy n\u00e9z\u0151 ezt \u00edgy foglalta \u00f6ssze a hozz\u00e1sz\u00f3l\u00e1sok k\u00f6z\u00f6tt:<\/p>\n<p>\u201eNagyooon mell\u00e9 ment. \u2019Anyuk\u00e1d b\u00fcszke arra, hogy olyan akarsz lenni, mint apuk\u00e1d.\u2019 K\u00f6zben mi tudjuk, hogy apa meg\u00f6lte any\u00e1t, majd \u00f6ngyilkos lett. K\u00e9tlem, hogy ezt \u00fczenn\u00e9&#8230;\u201d<\/p>\n<p>A sok negat\u00edv v\u00e9lem\u00e9ny alapj\u00e1n k\u00e9rd\u00e9ses, hogyan fogadj\u00e1k majd a n\u00e9z\u0151k a folytat\u00e1st. A t\u00f6bbs\u00e9g egyel\u0151re \u00fagy \u00e9rzi, kellemetlen \u00e9lm\u00e9ny volt az ad\u00e1s, \u00e9s nem tartj\u00e1k \u00edzl\u00e9sesnek, hogy gy\u00e1szol\u00f3 emberek \u00e9rz\u00e9keny t\u00f6rt\u00e9neteib\u0151l csin\u00e1ltak m\u0171sort.<\/p>\n<p>                                    <a href=\"https:\/\/femina.hu\/hazai_sztar\/friderikusz-stohl-beszolas\/\" title=\"\" rel=\"nofollow noopener\" target=\"_blank\"><br \/>\n                                    <img decoding=\"async\" src=\"https:\/\/www.europesays.com\/hu\/wp-content\/uploads\/2026\/08\/69384837_5120435_94f1519a29d3bd16745f62fe127fb4cb_wm.jpg\" alt=\"\" title=\"\"\/><br \/>\n                                <\/a><\/p>\n<p>                                Friderikusz S\u00e1ndor besz\u00f3lt Stohl Andr\u00e1snak: kamer\u00e1k el\u0151tt kritiz\u00e1lta<\/p>\n<p class=\"lead\">Friderikusz S\u00e1ndor kem\u00e9nyen odasz\u00fart Stohl Andr\u00e1snak<\/p>\n<p>                                <a href=\"https:\/\/femina.hu\/hazai_sztar\/friderikusz-stohl-beszolas\/\" class=\"btn btn-normal\" rel=\"nofollow noopener\" target=\"_blank\">Elolvasom<\/a><\/p>\n<p>Cover-fot\u00f3: RTL<\/p>\n<p>                                    <img loading=\"lazy\" decoding=\"async\" src=\"https:\/\/www.europesays.com\/hu\/wp-content\/uploads\/2026\/08\/1785649637_325_69438631_1f27342f2cf6a098516eb11de6d71ad5_wm.jpg\" width=\"198\" height=\"256\" alt=\"\"\/><br \/>\n                            \t    \tAz illatok ter\u00e1pi\u00e1s ereje<\/p>\n<p>M\u00e1r <a href=\"https:\/\/www.indapresskiado.hu\/products\/a-lathatatlan-gyogyito\" rel=\"nofollow noopener\" target=\"_blank\">megv\u00e1s\u00e1rolhat\u00f3<\/a>\u00a0a Femina els\u0151 k\u00f6nyve:\u00a0<\/p>\n<p>A l\u00e1thatatlan gy\u00f3gy\u00edt\u00f3<\/p>\n<p>Moln\u00e1r \u00c9va k\u00f6tete egy k\u00fcl\u00f6nleges utaz\u00e1sra h\u00edv az illatok gy\u00f3gy\u00edt\u00f3 vil\u00e1g\u00e1ba \u2014 az \u00f3kori f\u00fcst\u00f6l\u0151kt\u0151l eg\u00e9szen a modern olfakt\u00edv ter\u00e1pi\u00e1ig.<br \/>Hogyan hatnak r\u00e1nk az illatok? Mi\u00e9rt kapcsol\u00f3dik \u00f6ssze ennyire m\u00e9lyen az eml\u00e9kezet, a l\u00e9lek \u00e9s a szagl\u00e1s? \u00c9s hogyan seg\u00edthetnek az illatok a testi-lelki harm\u00f3nia megtal\u00e1l\u00e1s\u00e1ban?\u00a0<\/p>\n<p class=\"promocio\">Prom\u00f3ci\u00f3<\/p>\n<p><a href=\"https:\/\/dex.hu\/x.php?id=googlepref_desktop_femina&amp;url=https:\/\/google.com\/preferences\/source?q=https:\/\/femina.hu\/\" class=\"google-pref-banner \" id=\"googlePrefBanner\" rel=\"nofollow noopener\" target=\"_blank\"><\/p>\n<p>        \u00c1ll\u00edtsd be a Google keres\u0151j\u00e9t, hogy a tal\u00e1latok k\u00f6z\u00f6tt biztos ott legyen a Femina!    <\/p>\n<p><\/a><\/p>\n","protected":false},"excerpt":{"rendered":"Hajd\u00fa P\u00e9ter egy vadonat\u00faj, spiritu\u00e1lis m\u0171sorral jelentkezett az interneten, ami alaposan felkavarta az \u00e1ll\u00f3vizet. Az els\u0151 ad\u00e1s ut\u00e1n&hellip;\n","protected":false},"author":2,"featured_media":193637,"comment_status":"","ping_status":"","sticky":false,"template":"","format":"standard","meta":{"footnotes":"","_share_on_mastodon":"0"},"categories":[16],"tags":[137,54217,3121,206,44,42,40,438,43,41,3736,203,11684,138,205],"class_list":["post-193636","post","type-post","status-publish","format-standard","has-post-thumbnail","category-szorakozas","tag-entertainment","tag-felhaborito","tag-hajdu-peter","tag-hazai-sztar","tag-hu","tag-hungarian","tag-hungary","tag-kritika","tag-magyar","tag-magyarorszag","tag-musor","tag-musorvezeto","tag-negativ","tag-szorakozas","tag-sztar"],"share_on_mastodon":{"url":"https:\/\/pubeurope.com\/@hu\/117024341988095930","error":""},"_links":{"self":[{"href":"https:\/\/www.europesays.com\/hu\/wp-json\/wp\/v2\/posts\/193636","targetHints":{"allow":["GET"]}}],"collection":[{"href":"https:\/\/www.europesays.com\/hu\/wp-json\/wp\/v2\/posts"}],"about":[{"href":"https:\/\/www.europesays.com\/hu\/wp-json\/wp\/v2\/types\/post"}],"author":[{"embeddable":true,"href":"https:\/\/www.europesays.com\/hu\/wp-json\/wp\/v2\/users\/2"}],"replies":[{"embeddable":true,"href":"https:\/\/www.europesays.com\/hu\/wp-json\/wp\/v2\/comments?post=193636"}],"version-history":[{"count":0,"href":"https:\/\/www.europesays.com\/hu\/wp-json\/wp\/v2\/posts\/193636\/revisions"}],"wp:featuredmedia":[{"embeddable":true,"href":"https:\/\/www.europesays.com\/hu\/wp-json\/wp\/v2\/media\/193637"}],"wp:attachment":[{"href":"https:\/\/www.europesays.com\/hu\/wp-json\/wp\/v2\/media?parent=193636"}],"wp:term":[{"taxonomy":"category","embeddable":true,"href":"https:\/\/www.europesays.com\/hu\/wp-json\/wp\/v2\/categories?post=193636"},{"taxonomy":"post_tag","embeddable":true,"href":"https:\/\/www.europesays.com\/hu\/wp-json\/wp\/v2\/tags?post=193636"}],"curies":[{"name":"wp","href":"https:\/\/api.w.org\/{rel}","templated":true}]}}