{"id":193988,"date":"2026-08-02T13:07:09","date_gmt":"2026-08-02T13:07:09","guid":{"rendered":"https:\/\/www.europesays.com\/hu\/193988\/"},"modified":"2026-08-02T13:07:09","modified_gmt":"2026-08-02T13:07:09","slug":"az-ut-kozepen-orizte-apro-tarsat-a-huseges-kutya","status":"publish","type":"post","link":"https:\/\/www.europesays.com\/hu\/193988\/","title":{"rendered":"Az \u00fat k\u00f6zep\u00e9n \u0151rizte apr\u00f3 t\u00e1rs\u00e1t a h\u0171s\u00e9ges kutya"},"content":{"rendered":"<p>N\u00e9h\u00e1ny nappal ezel\u0151tt Hall \u00e9s Ortiz Los Angelesben sietett a <a href=\"https:\/\/nlc.hu\/otthon\/20191122\/aniko-menhely-allatmentes-hernad\/\" target=\"_blank\" rel=\"noopener nofollow\">bajba jutott \u00e1llatok seg\u00edts\u00e9g\u00e9re<\/a>. A k\u00e9t kutya mozdulatlanul fek\u00fcdt az \u00fattesten, az arra halad\u00f3 aut\u00f3sok pedig ugyan kiker\u00fclt\u00e9k \u0151ket, de senki sem \u00e1llt meg, hogy seg\u00edtsen rajtuk.<\/p>\n<p>Apr\u00f3 t\u00e1rs\u00e1t v\u00e9delmezte<\/p>\n<p>A The Dodo besz\u00e1mol\u00f3ja szerint a nagyobbik kutya v\u00e9gig apr\u00f3 termet\u0171 t\u00e1rs\u00e1t v\u00e9delmezte. Suzette Hall elmond\u00e1sa szerint a kistest\u0171 eb alig nyomhatott 2,5 kilogrammot, a nagyobb kutya pedig egyetlen pillanatra sem hagyta mag\u00e1ra.<\/p>\n<p><img fetchpriority=\"high\" decoding=\"async\" class=\"img-responsive size-full wp-image-2166448\" src=\"https:\/\/www.europesays.com\/hu\/wp-content\/uploads\/2026\/08\/kutyak.jpg\" alt=\"Kuty\u00e1k az \u00fattesten\" width=\"1280\" height=\"720\"   loading=\"lazy\"\/><\/p>\n<p class=\"wp-caption-text\">A nagytest\u0171 kutya v\u00e9dte kistest\u0171 bar\u00e1tj\u00e1t a forgalmas \u00faton (Forr\u00e1s: R\u00e9szlet Suzette Hall \u00e1llatment\u0151 vide\u00f3j\u00e1b\u00f3l)<\/p>\n<p>Olyan volt, mintha a kis\u00f6ccs\u00e9re vigy\u00e1zott volna<\/p>\n<p>\u2013 mes\u00e9lte az \u00e1llatment\u0151.<\/p>\n<p>A helysz\u00ednre \u00e9rkez\u0151 <a href=\"https:\/\/nlc.hu\/ezvan\/20240317\/allatmentes-hobbi-ilka-ercs\/\" target=\"_blank\" rel=\"noopener nofollow\">\u00f6nk\u00e9ntes \u00e1llatment\u0151k<\/a> el\u0151sz\u00f6r meg\u00e1ll\u00edtott\u00e1k a forgalmat, majd siker\u00fclt egy k\u00f6zeli kertbe terelni\u00fck a k\u00e9t kuty\u00e1t. Ott k\u00e9t sz\u00e1ll\u00edt\u00f3boxot helyeztek el, benn\u00fck finom falatokkal, abban b\u00edzva, hogy \u00edgy biztons\u00e1gosan befoghatj\u00e1k \u0151ket.<\/p>\n<p>Elveszett h\u00e1zikedvencek<\/p>\n<p>A nagytest\u0171 kutya, Nova azonban tov\u00e1bbra is minden mozdulat\u00e1val Benjit \u00f3vta.<\/p>\n<p>Folyamatosan figyelt minket, \u00e9s egyetlen pillanatra sem engedte ki a szem el\u0151l a kistestv\u00e9r\u00e9t<\/p>\n<p>\u2013 id\u00e9zte fel Hall.<\/p>\n<p>Az \u00f6nk\u00e9ntesek nyugodt hangon besz\u00e9ltek Nov\u00e1hoz, mik\u00f6zben \u00f3vatosan Benjit a sz\u00e1ll\u00edt\u00f3boxba emelt\u00e9k. Nova azonban nem mozdult. Le\u00fclt k\u00f6zvetlen\u00fcl a box mell\u00e9, \u00e9s rend\u00fcletlen\u00fcl <a href=\"https:\/\/24.hu\/tudomany\/2024\/07\/15\/allatvilag-baratkozas-rokoni-kapcsolat-fajok-kozotti-viszony\/\" target=\"_blank\" rel=\"noopener noreferrer nofollow\">\u0151rizte kis t\u00e1rs\u00e1t<\/a>, am\u00edg v\u00e9g\u00fcl \u0151 is biztons\u00e1gba nem ker\u00fclt.<\/p>\n<p>A ment\u00e9s ut\u00e1n der\u00fclt ki, hogy a k\u00e9t kutya <a href=\"https:\/\/nlc.hu\/lelek\/20180816\/a-hazi-kedvenc-elvesztese-felfoghatatlan-fajdalom-a-kisgyerekek-szamara\/\" target=\"_blank\" rel=\"noopener nofollow\">elveszett h\u00e1zikedvenc volt<\/a>. Az \u00e1llatment\u0151knek siker\u00fclt felkutatniuk a gazd\u00e1ikat, \u00edgy Nova \u00e9s Benji r\u00f6vid id\u0151n bel\u00fcl \u00fajra hazat\u00e9rhetett csal\u00e1dj\u00e1hoz.<\/p>\n<p><a href=\"https:\/\/www.woopets.fr\/chien\/actualite\/perdue-au-milieu-d-une-route-tres-frequentee-cette-chienne-fait-tout-son-possible-pour-proteger-son-petit-compagnon-jusqu-a-l-arrivee-des-secours-video\/\" target=\"_blank\" rel=\"noopener noreferrer nofollow\">via<\/a><\/p>\n","protected":false},"excerpt":{"rendered":"N\u00e9h\u00e1ny nappal ezel\u0151tt Hall \u00e9s Ortiz Los Angelesben sietett a bajba jutott \u00e1llatok seg\u00edts\u00e9g\u00e9re. A k\u00e9t kutya mozdulatlanul&hellip;\n","protected":false},"author":2,"featured_media":193989,"comment_status":"","ping_status":"","sticky":false,"template":"","format":"standard","meta":{"footnotes":"","_share_on_mastodon":"0"},"categories":[8],"tags":[54280,115,47665,42,917,43,34,9110,94,93,92],"class_list":["post-193988","post","type-post","status-publish","format-standard","has-post-thumbnail","category-vilag","tag-allatmento","tag-auto","tag-elveszett-kutya","tag-hungarian","tag-kutya","tag-magyar","tag-news","tag-szabadido-utazas","tag-vilag","tag-world","tag-world-news"],"share_on_mastodon":{"url":"https:\/\/pubeurope.com\/@hu\/117026072304182073","error":""},"_links":{"self":[{"href":"https:\/\/www.europesays.com\/hu\/wp-json\/wp\/v2\/posts\/193988","targetHints":{"allow":["GET"]}}],"collection":[{"href":"https:\/\/www.europesays.com\/hu\/wp-json\/wp\/v2\/posts"}],"about":[{"href":"https:\/\/www.europesays.com\/hu\/wp-json\/wp\/v2\/types\/post"}],"author":[{"embeddable":true,"href":"https:\/\/www.europesays.com\/hu\/wp-json\/wp\/v2\/users\/2"}],"replies":[{"embeddable":true,"href":"https:\/\/www.europesays.com\/hu\/wp-json\/wp\/v2\/comments?post=193988"}],"version-history":[{"count":0,"href":"https:\/\/www.europesays.com\/hu\/wp-json\/wp\/v2\/posts\/193988\/revisions"}],"wp:featuredmedia":[{"embeddable":true,"href":"https:\/\/www.europesays.com\/hu\/wp-json\/wp\/v2\/media\/193989"}],"wp:attachment":[{"href":"https:\/\/www.europesays.com\/hu\/wp-json\/wp\/v2\/media?parent=193988"}],"wp:term":[{"taxonomy":"category","embeddable":true,"href":"https:\/\/www.europesays.com\/hu\/wp-json\/wp\/v2\/categories?post=193988"},{"taxonomy":"post_tag","embeddable":true,"href":"https:\/\/www.europesays.com\/hu\/wp-json\/wp\/v2\/tags?post=193988"}],"curies":[{"name":"wp","href":"https:\/\/api.w.org\/{rel}","templated":true}]}}