{"id":194814,"date":"2026-08-03T10:03:10","date_gmt":"2026-08-03T10:03:10","guid":{"rendered":"https:\/\/www.europesays.com\/hu\/194814\/"},"modified":"2026-08-03T10:03:10","modified_gmt":"2026-08-03T10:03:10","slug":"tech-hol-a-delej-nezze-meg-ezt-a-weboldalt-eloben-figyelheti-a-magyar-energiakrizist","status":"publish","type":"post","link":"https:\/\/www.europesays.com\/hu\/194814\/","title":{"rendered":"Tech: Hol a delej? N\u00e9zze meg ezt a weboldalt, \u00e9l\u0151ben figyelheti a magyar energiakr\u00edzist"},"content":{"rendered":"<p>P\u00e9ld\u00e1tlan m\u00e9ret\u0171 az az energiakr\u00edzis, ami jelenleg igen s\u00falyos probl\u00e9m\u00e1t jelent Magyarorsz\u00e1g sz\u00e1m\u00e1ra. A glob\u00e1lis felmeleged\u00e9s jelentette v\u00edzhi\u00e1ny, valamint az infrastrukt\u00fara megfelel\u0151 fejleszt\u00e9s\u00e9nek elmarad\u00e1sa \u00e9s a z\u00f6ldenergi\u00e1val kapcsolatos \u00e1llami beruh\u00e1z\u00e1sok elmarad\u00e1sa \u00e9rezteti negat\u00edv hat\u00e1s\u00e1t az orsz\u00e1gban.<\/p>\n<p>Az eredm\u00e9ny: a Duna alacsony v\u00edz\u00e1ll\u00e1sa miatt Paks mostanra szinte teljesen le\u00e1llt, a lakoss\u00e1got pedig \u00f6nkorl\u00e1toz\u00e1sra k\u00e9rte a korm\u00e1ny, hogy a h\u00e1l\u00f3zat elb\u00edrja a terhel\u00e9st, \u00e9s ne billenjen \u00e1t a holtponton.<\/p>\n<p>A h\u00edrekbe beker\u00fcl\u0151 sz\u00e1mok (megawattok) m\u00e9rt\u00e9ke azonban a legt\u00f6bb ember sz\u00e1m\u00e1ra nehezen elk\u00e9pzelhet\u0151 akkor, ha azok nincsenek vizualiz\u00e1lva. Emiatt j\u00f6hetett l\u00e9tre a <a href=\"https:\/\/holadelej.hu\/\" target=\"_blank\" rel=\"nofollow noopener\">Hol a delej?<\/a> nev\u0171 weboldal is, ami gyakorlatilag \u00e9l\u0151ben k\u00f6veti az orsz\u00e1g energiaell\u00e1t\u00e1s\u00e1nak alakul\u00e1s\u00e1t.<\/p>\n<p>A magyar \u00e9s angol nyelven is el\u00e9rhet\u0151 oldal a legfontosabb inform\u00e1ci\u00f3kat jelen\u00edti meg, p\u00e9ld\u00e1ul azt, hogy aktu\u00e1lisan h\u00e1ny megawattot termelnek a hazai er\u0151mvek, az orsz\u00e1g pedig mennyit haszn\u00e1l el ebb\u0151l, mekkora r\u00e9sz\u00e9t export\u00e1lja, illetve Magyarorsz\u00e1g mennyi importra szorul elektromos \u00e1ramb\u00f3l.<\/p>\n<p>Az interakt\u00edv \u00e1br\u00e1kb\u00f3l kider\u00fcl p\u00e9ld\u00e1ul az, hogy Paks jelenleg a n\u00e9vleges 2000 MW teljes\u00edtm\u00e9ny helyett csup\u00e1n 230 MW-os teljes\u00edtm\u00e9nnyel \u00fczemel \u2013 mivel h\u00e1rom rekatort m\u00e1r le\u00e1ll\u00edtottak, egy pedig cs\u00f6kkentett \u00fczemm\u00f3dban dolgozik \u2013, ami nagyj\u00e1b\u00f3l 12 sz\u00e1zal\u00e9kos kihaszn\u00e1lts\u00e1got jelent.<\/p>\n<p><img decoding=\"async\" class=\"wp-block-hvg-custom-image__image\" src=\"https:\/\/www.europesays.com\/hu\/wp-content\/uploads\/2026\/08\/2fd8ce17-7e16-44e6-8f73-78cfc8649889.jpg\" data-size=\"https:\/\/www.europesays.com\/hu\/wp-content\/uploads\/2026\/08\/2fd8ce17-7e16-44e6-8f73-78cfc8649889.jpg\"\/><\/p>\n<p>Az oldalr\u00f3l az is kider\u00fclt, hogy jelenleg 4856 MW-ot termel meg Magyarorsz\u00e1g, m\u00edg 1567 MW-ot importb\u00f3l biztos\u00edt.<\/p>\n<p><img decoding=\"async\" class=\"wp-block-hvg-custom-image__image\" src=\"https:\/\/www.europesays.com\/hu\/wp-content\/uploads\/2026\/08\/f04612df-d04e-41fd-84c8-01a66f72a484.jpg\" data-size=\"https:\/\/www.europesays.com\/hu\/wp-content\/uploads\/2026\/08\/f04612df-d04e-41fd-84c8-01a66f72a484.jpg\"\/><\/p>\n<p>Az oldal l\u00e1togat\u00f3i emellett inform\u00e1ci\u00f3kat kaphatnak m\u00e9g arr\u00f3l, hogy mik\u00e9nt alakul az \u00e1ram \u00e1rfolyama az energiapiacon, illetve hogy mik\u00e9nt n\u00e9z ki most a paksi atomer\u0151m\u0171 m\u0171k\u00f6d\u00e9se. Az \u00e1br\u00e1b\u00f3l az is j\u00f3l l\u00e1that\u00f3, a mederkotr\u00e1s mi\u00e9rt nem oldan\u00e1 meg a paksi probl\u00e9m\u00e1t.<\/p>\n<p><img decoding=\"async\" class=\"wp-block-hvg-custom-image__image\" src=\"https:\/\/www.europesays.com\/hu\/wp-content\/uploads\/2026\/08\/ef572b32-8027-41c5-b9a5-b206c176ab88.jpg\" data-size=\"https:\/\/www.europesays.com\/hu\/wp-content\/uploads\/2026\/08\/ef572b32-8027-41c5-b9a5-b206c176ab88.jpg\"\/><\/p>\n<p>Az oldalon emellett t\u00f6bb m\u00e1s adat is tal\u00e1lhat\u00f3 az energiakr\u00edzis alakul\u00e1s\u00e1r\u00f3l, \u00e9rdemes alaposan v\u00e9gigb\u00f6ng\u00e9szni mindegyiket.<\/p>\n<p>Ha m\u00e1skor is tudni szeretne hasonl\u00f3 dolgokr\u00f3l, l\u00e1jkolja <a href=\"https:\/\/www.facebook.com\/hvg.tech\" title=\"https:\/\/www.facebook.com\/hvg.tech\" target=\"_blank\" rel=\"noopener noreferrer nofollow\">a HVG Tech rovat\u00e1nak Facebook-oldal\u00e1t<\/a>.<\/p>\n","protected":false},"excerpt":{"rendered":"P\u00e9ld\u00e1tlan m\u00e9ret\u0171 az az energiakr\u00edzis, ami jelenleg igen s\u00falyos probl\u00e9m\u00e1t jelent Magyarorsz\u00e1g sz\u00e1m\u00e1ra. A glob\u00e1lis felmeleged\u00e9s jelentette v\u00edzhi\u00e1ny,&hellip;\n","protected":false},"author":2,"featured_media":194815,"comment_status":"","ping_status":"","sticky":false,"template":"","format":"standard","meta":{"footnotes":"","_share_on_mastodon":"0"},"categories":[6],"tags":[3768,622,3282,44,42,40,43,41,629],"class_list":["post-194814","post","type-post","status-publish","format-standard","has-post-thumbnail","category-magyarorszag","tag-aram","tag-elektromos-aram","tag-energiavalsag","tag-hu","tag-hungarian","tag-hungary","tag-magyar","tag-magyarorszag","tag-tech"],"share_on_mastodon":{"url":"https:\/\/pubeurope.com\/@hu\/117031010691214257","error":""},"_links":{"self":[{"href":"https:\/\/www.europesays.com\/hu\/wp-json\/wp\/v2\/posts\/194814","targetHints":{"allow":["GET"]}}],"collection":[{"href":"https:\/\/www.europesays.com\/hu\/wp-json\/wp\/v2\/posts"}],"about":[{"href":"https:\/\/www.europesays.com\/hu\/wp-json\/wp\/v2\/types\/post"}],"author":[{"embeddable":true,"href":"https:\/\/www.europesays.com\/hu\/wp-json\/wp\/v2\/users\/2"}],"replies":[{"embeddable":true,"href":"https:\/\/www.europesays.com\/hu\/wp-json\/wp\/v2\/comments?post=194814"}],"version-history":[{"count":0,"href":"https:\/\/www.europesays.com\/hu\/wp-json\/wp\/v2\/posts\/194814\/revisions"}],"wp:featuredmedia":[{"embeddable":true,"href":"https:\/\/www.europesays.com\/hu\/wp-json\/wp\/v2\/media\/194815"}],"wp:attachment":[{"href":"https:\/\/www.europesays.com\/hu\/wp-json\/wp\/v2\/media?parent=194814"}],"wp:term":[{"taxonomy":"category","embeddable":true,"href":"https:\/\/www.europesays.com\/hu\/wp-json\/wp\/v2\/categories?post=194814"},{"taxonomy":"post_tag","embeddable":true,"href":"https:\/\/www.europesays.com\/hu\/wp-json\/wp\/v2\/tags?post=194814"}],"curies":[{"name":"wp","href":"https:\/\/api.w.org\/{rel}","templated":true}]}}