{"id":194861,"date":"2026-08-03T10:47:09","date_gmt":"2026-08-03T10:47:09","guid":{"rendered":"https:\/\/www.europesays.com\/hu\/194861\/"},"modified":"2026-08-03T10:47:09","modified_gmt":"2026-08-03T10:47:09","slug":"tobb-varosban-es-kisebb-telepulesen-aramszunet-jon-ime-az-mvm-listaja","status":"publish","type":"post","link":"https:\/\/www.europesays.com\/hu\/194861\/","title":{"rendered":"T\u00f6bb v\u00e1rosban \u00e9s kisebb telep\u00fcl\u00e9sen \u00e1ramsz\u00fcnet j\u00f6n, \u00edme az MVM list\u00e1ja"},"content":{"rendered":"<p data-alignment=\"left\" class=\"text-left\" data-block-key=\"7shg7\">Az embert pr\u00f3b\u00e1l\u00f3 k\u00e1nikula, az asz\u00e1ly \u00e9s az energiakr\u00edzis egy\u00fcttes hat\u00e1sa az \u00e1ramszolg\u00e1ltat\u00e1sra is hat\u00e1ssal lesz sz\u00e1mos helyen.<\/p>\n<p data-alignment=\"left\" class=\"text-left\" data-block-key=\"53fa1\">Az <a href=\"https:\/\/www.economx.hu\/magyar-gazdasag\/2026\/06\/16\/mvm-valtoztatas-ugyintezesek-rendszerek-energia\/\" target=\"_blank\" rel=\" noopener noreferrer nofollow\">MVM<\/a> hivatalos oldal\u00e1n<\/p>\n<p data-alignment=\"left\" class=\"text-left\" data-block-key=\"krthw\">m\u00falt \u00e9jjel t\u00f6bb olyan telep\u00fcl\u00e9st is megneveztek, melyeken egy\u00e1ltal\u00e1n nem lesz \u00e1ram az \u00e9v egyik legmelegebb het\u00e9n.<\/p>\n<p>  <a rel=\"noopener nofollow\" href=\"https:\/\/indamediasales.hu\/2019\/06\/25\/quality_placement_minosegbiztositasi_tajekoztato_728\" target=\"_blank\" class=\"flex items-center\"><\/p>\n<p>      <img loading=\"lazy\" decoding=\"async\" src=\"https:\/\/www.economx.hu\/neon\/static\/images\/brand\/quality_placement_logo.svg\" alt=\"Quality Placement\" width=\"150\" height=\"15\"\/><\/p>\n<p>  <\/a><\/p>\n<p>\n  hirdet\u00e9s<\/p>\n<p>    X<\/p>\n<p data-alignment=\"left\" class=\"text-left\" data-block-key=\"afj79\">Ap\u00e1tfalva eset\u00e9ben p\u00e9ld\u00e1ul h\u00e9tf\u0151n, cs\u00fct\u00f6rt\u00f6k\u00f6n \u00e9s p\u00e9nteken is hasonl\u00f3 \u00e1llapotokra sz\u00e1m\u00edthatnak a helyiek.<\/p>\n<p data-alignment=\"left\" class=\"text-left\" data-block-key=\"ff5sk\">\u00cdme az \u00e1ramsz\u00fcnetben \u00e9rintett telep\u00fcl\u00e9sek, \u00e9s a szolg\u00e1ltat\u00e1s kies\u00e9s\u00e9nek mai tervezett ideje:<\/p>\n<p>Hern\u00e1d (08:00-17:00)Solt (07:30-15:30)P\u00e1lmonostora (07:30-15:30)Felgy\u0151 (08:00-16:00)Kevermes (08:00-20:00)Ap\u00e1tfalva (08:00-16:00)Baja (08:30-09:30, 16:00-18:00)H\u00f3dmez\u0151v\u00e1s\u00e1rhely (08:00-16:00)Bal\u00e1stya (08:00-17:30)Szeged (08:00-16:30)Bord\u00e1ny (08:00-16:30)Forr\u00e1sk\u00fat (08:00-16:00)<\/p>\n<p data-alignment=\"left\" class=\"text-left\" data-block-key=\"2l0sm\">Persze, a korl\u00e1toz\u00e1s nem minden\u00fctt \u00e9rv\u00e9nyes az adott telep\u00fcl\u00e9seken, az \u00e9rintett utc\u00e1k az <a href=\"https:\/\/www.economx.hu\/belfold\/2026\/07\/30\/lecsereltek-az-mvm-felsovezeteset\/\" target=\"_blank\" rel=\" noopener noreferrer nofollow\" data-link-preview=\"true\" data-og-title=\"Rendk\u00edv\u00fcli bejelent\u00e9s: lecser\u00e9lt\u00e9k az MVM fels\u0151vezet\u00e9s\u00e9t\" data-og-description=\"Jelent\u0151s szem\u00e9lyi v\u00e1ltoz\u00e1sokr\u00f3l d\u00f6nt\u00f6ttek az MVM Zrt. vezet\u00e9s\u00e9ben: j\u00falius 29-t\u0151l T\u00f3tth Andr\u00e1s veszi \u00e1t az igazgat\u00f3s\u00e1g, Zolnay Judit pedig a fel\u00fcgyel\u0151bizotts\u00e1g eln\u00f6ki tiszts\u00e9g\u00e9t. Az \u00e1llami energiac\u00e9g mindk\u00e9t test\u00fclet\u00e9t \u00e1tfog\u00f3an \u00e1talak\u00edtott\u00e1k.\" data-og-image=\"https:\/\/www.economx.hu\/neon\/media\/images\/image1714498920.format-avif.max-600x400.avif\" data-og-image-small=\"https:\/\/www.economx.hu\/neon\/media\/images\/image1714498920.format-avif.max-370x278.avif\" data-og-column=\"Belf\u00f6ld\" data-og-tags=\"[&quot;Belf\\u00f6ld&quot;, &quot;mvm_zrt.&quot;, &quot;vezet\\u0151v\\u00e1lt\\u00e1s&quot;]\">MVM<\/a> oldal\u00e1n <a href=\"https:\/\/www.mvmnext.hu\/aram\/pages\/online\/aramszunet.jsf\" target=\"_blank\" rel=\" noopener noreferrer nofollow\">olvashat\u00f3k<\/a>.<\/p>\n<p data-alignment=\"left\" class=\"text-left\" data-block-key=\"t7al8\">Ismeretes, a meg\u00fajul\u00f3 energiaforr\u00e1sok robban\u00e1sszer\u0171 terjed\u00e9se \u00e9s a kl\u00edmav\u00e1ltoz\u00e1s okozta fogyaszt\u00e1si cs\u00facsok alapjaiban <a href=\"https:\/\/www.economx.hu\/gazdasag\/2026\/08\/03\/aramhalozat-megujulo-energia-klimavaltozas-villamosenergia-stabilitas\/\" target=\"_blank\" rel=\" noopener noreferrer nofollow\">rengetik meg<\/a> nem puszt\u00e1n a hazai, de az eur\u00f3pai \u00e1ramh\u00e1l\u00f3zat eg\u00e9sz\u00e9t is.<\/p>\n<p data-alignment=\"left\" class=\"text-left\" data-block-key=\"9fkjb\">Magyarorsz\u00e1gon a h\u0151s\u00e9g \u00e9s csapad\u00e9khi\u00e1ny nyom\u00e1n a paksi atomer\u0151m\u0171 ak\u00e1r t\u00f6bb mint egy h\u00f3napra is <a href=\"https:\/\/www.economx.hu\/belfold\/2026\/08\/02\/magyar-peter-lakossagi-fogyasztas-korlatozas-paks-energia-aram-viz\/\" target=\"_blank\" rel=\" noopener noreferrer nofollow\" data-link-preview=\"true\" data-og-title=\"Magyar P\u00e9ter: Nem ker\u00fclhet sor a lakoss\u00e1gi fogyaszt\u00e1s korl\u00e1toz\u00e1s\u00e1ra, t\u00f6bb mint egy h\u00f3napra is le\u00e1llhat a paksi atomer\u0151m\u0171\" data-og-description=\"Egyel\u0151re nincs sz\u00fcks\u00e9g k\u00f6telez\u0151 energiafogyaszt\u00e1si korl\u00e1toz\u00e1s bevezet\u00e9s\u00e9re a nagy fogyaszt\u00f3k eset\u00e9ben, a lakoss\u00e1gn\u00e1l pedig ilyenre nem ker\u00fclhet sor \u2013 jelentette ki a minisztereln\u00f6k vas\u00e1rnap este.\" data-og-image=\"https:\/\/www.economx.hu\/neon\/media\/images\/671494121_27088778090729949_212.format-avif.max-600x400.avif\" data-og-image-small=\"https:\/\/www.economx.hu\/neon\/media\/images\/671494121_27088778090729949_212.format-avif.max-370x278.avif\" data-og-column=\"Belf\u00f6ld\" data-og-tags=\"[&quot;Belf\\u00f6ld&quot;, &quot;Magyar P\\u00e9ter&quot;, &quot;paks&quot;, &quot;atomer\\u0151m\\u0171&quot;, &quot;v\\u00edzfogyaszt\\u00e1s&quot;, &quot;\\u00e1ram&quot;, &quot;energiav\\u00e1ls\\u00e1g&quot;, &quot;h\\u0151s\\u00e9g&quot;, &quot;duna&quot;]\">le\u00e1llhat<\/a>, de a lakoss\u00e1gi fogyaszt\u00e1s k\u00f6telez\u0151 korl\u00e1toz\u00e1sa nem v\u00e1rhat\u00f3 a korm\u00e1ny elmond\u00e1sa alapj\u00e1n. Ehelyett azt v\u00e1rj\u00e1k el az ipari nagyfogyaszt\u00f3kt\u00f3l, hogy \u00f6nk\u00e9nt m\u00e9rs\u00e9kelj\u00e9k az \u00e1ramfogyaszt\u00e1sukat. Magyar P\u00e9ter minisztereln\u00f6k jelezte, eddig t\u00f6bb mint 300 v\u00e1llalat jelentette be, hogy \u00f6nk\u00e9nt korl\u00e1tozza az energiafelhaszn\u00e1l\u00e1s\u00e1t \u00f6sszesen 400 megawattal, \u00e9s v\u00e1rhat\u00f3an tov\u00e1bbi 270 felel\u0151s c\u00e9g csatlakozik ehhez a k\u00f6rh\u00f6z.<\/p>\n<p><a href=\"https:\/\/google.com\/preferences\/source?q=https%3A\/\/www.economx.hu\" rel=\"noopener nofollow\" referrerpolicy=\"no-referrer-when-downgrade\" class=\"!flex !items-center !gap-5 !py-2 !px-3 w-full !rounded-xl !font-bold cursor-pointer !no-underline relative !bg-white !text-[#202124] !border !border-[#858585] dark:!bg-[#323232] dark:!text-white dark:border-none mb-4 \" target=\"_blank\"><br \/>\n  <img decoding=\"async\" src=\"https:\/\/www.economx.hu\/neon\/static\/images\/favicons\/google_favicon.svg\" alt=\"Google\" class=\"shrink-0 w-7 h-7\"\/><br \/>\n  \u00c1ll\u00edtsd be, hogy az Economx az els\u0151k k\u00f6z\u00f6tt legyen a Google-tal\u00e1latokban!<\/p>\n<p><\/a><\/p>\n","protected":false},"excerpt":{"rendered":"Az embert pr\u00f3b\u00e1l\u00f3 k\u00e1nikula, az asz\u00e1ly \u00e9s az energiakr\u00edzis egy\u00fcttes hat\u00e1sa az \u00e1ramszolg\u00e1ltat\u00e1sra is hat\u00e1ssal lesz sz\u00e1mos helyen.&hellip;\n","protected":false},"author":2,"featured_media":194862,"comment_status":"","ping_status":"","sticky":false,"template":"","format":"standard","meta":{"footnotes":"","_share_on_mastodon":"0"},"categories":[33],"tags":[3768,2002,1321,1382,33981,19864,38,35,37,32517,44,42,40,43,41,43221,36677,34,36,39],"class_list":["post-194861","post","type-post","status-publish","format-standard","has-post-thumbnail","category-hirek","tag-aram","tag-aramszolgaltatas","tag-aramszunet","tag-energia","tag-energiafelhasznalas","tag-energiafogyasztas","tag-focimek","tag-headlines","tag-hirek","tag-hoseg","tag-hu","tag-hungarian","tag-hungary","tag-magyar","tag-magyarorszag","tag-mvm_next","tag-mvm_zrt","tag-news","tag-top-stories","tag-vezeto-hirek"],"share_on_mastodon":{"url":"https:\/\/pubeurope.com\/@hu\/117031183752264345","error":""},"_links":{"self":[{"href":"https:\/\/www.europesays.com\/hu\/wp-json\/wp\/v2\/posts\/194861","targetHints":{"allow":["GET"]}}],"collection":[{"href":"https:\/\/www.europesays.com\/hu\/wp-json\/wp\/v2\/posts"}],"about":[{"href":"https:\/\/www.europesays.com\/hu\/wp-json\/wp\/v2\/types\/post"}],"author":[{"embeddable":true,"href":"https:\/\/www.europesays.com\/hu\/wp-json\/wp\/v2\/users\/2"}],"replies":[{"embeddable":true,"href":"https:\/\/www.europesays.com\/hu\/wp-json\/wp\/v2\/comments?post=194861"}],"version-history":[{"count":0,"href":"https:\/\/www.europesays.com\/hu\/wp-json\/wp\/v2\/posts\/194861\/revisions"}],"wp:featuredmedia":[{"embeddable":true,"href":"https:\/\/www.europesays.com\/hu\/wp-json\/wp\/v2\/media\/194862"}],"wp:attachment":[{"href":"https:\/\/www.europesays.com\/hu\/wp-json\/wp\/v2\/media?parent=194861"}],"wp:term":[{"taxonomy":"category","embeddable":true,"href":"https:\/\/www.europesays.com\/hu\/wp-json\/wp\/v2\/categories?post=194861"},{"taxonomy":"post_tag","embeddable":true,"href":"https:\/\/www.europesays.com\/hu\/wp-json\/wp\/v2\/tags?post=194861"}],"curies":[{"name":"wp","href":"https:\/\/api.w.org\/{rel}","templated":true}]}}