{"id":195024,"date":"2026-08-03T13:34:12","date_gmt":"2026-08-03T13:34:12","guid":{"rendered":"https:\/\/www.europesays.com\/hu\/195024\/"},"modified":"2026-08-03T13:34:12","modified_gmt":"2026-08-03T13:34:12","slug":"magyar-peter-nem-latjuk-hogy-mikor-tudjak-ujrainditani-az-eromuvet-index-hu","status":"publish","type":"post","link":"https:\/\/www.europesays.com\/hu\/195024\/","title":{"rendered":"Magyar P\u00e9ter: Nem l\u00e1tjuk, hogy mikor tudj\u00e1k \u00fajraind\u00edtani az er\u0151m\u0171vet &#8211; index.hu"},"content":{"rendered":"<p><a href=\"https:\/\/news.google.com\/rss\/articles\/CBMi2AFBVV95cUxPMVpsOWNVX2puZ0VEZmVtVDVvc0N1UXFVMWdCQUxBLUZKUDBaM1N4RnhjM281TFRjWVlQdE55VThGNmhDYjktOTA4dGtFVTItQkx5X1gxQ0xOeHhOb1d6WTR0NFdJUVJ0U1RTeDJpOXB4UWlpZVVlcm9WdUg5OHFPMUFoVzN6dW1sR0h6ckZXUExXakhTVkJ3akpraWRndFpuaVBqQ240c25pckZlOEZtMFhrZGhsMklsdEVsRExrRUpUa3JEZ09Pd0lsVTMxcDFrS2EweHE1LTM?oc=5\" target=\"_blank\" rel=\"nofollow noopener\">Magyar P\u00e9ter: Nem l\u00e1tjuk, hogy mikor tudj\u00e1k \u00fajraind\u00edtani az er\u0151m\u0171vet<\/a>&nbsp;&nbsp;index.hu<a href=\"https:\/\/news.google.com\/rss\/articles\/CBMitgFBVV95cUxQVmJ4R3pQOTcxOV94SjhZNzdocXI5bTltVnlkRHlfalpZSHNQZUozVGY1ZWxQekdaN3RqcXgtQkYxaFB6ZENHTzVvNE5xWUJ6TTZTQW15QmF1UGhIZWZ1MzBOd0xqR0d4VnE4anFqb3lFSHljcXpxUURRT3c1bVJWbVRGblNnZHN0cDNLYkk0WW5IWV9MWnlLaU9aZldoenBXTzJXUURFSXU0X2JXR2tEQTVMWDVZUQ?oc=5\" target=\"_blank\" rel=\"nofollow noopener\">\u00dajraindult a Dunamenti Er\u0151m\u0171 G3 blokkja \u2013 ism\u00e9t teljes kapacit\u00e1ssal \u00fczemel az er\u0151m\u0171<\/a>&nbsp;&nbsp;Raketa.hu<a href=\"https:\/\/news.google.com\/rss\/articles\/CBMivgFBVV95cUxPU0tWeVNoTXpoMDdlZUVRaEV3bGRKMjNrSk9nanhTY2VDdHVZVlJFdjR4UXRNemZGa2hCTjFHeW1WM1JSRklaOEZuQ0FWT3ZEVndSTkYxdkVDbkFhY2ROTm5JLXdtS2RqZnJmOFYyZDNYMGJTOWpTaC1VcHpkNUJpblU4T01LRmJGYlJzMkZMcmZkb2NlSV9RbHBlckNlaUIyLWxIR0FvNUtiMl9pbk9mZjdhejlsQjVxXy0yRkNR?oc=5\" target=\"_blank\" rel=\"nofollow noopener\">Magyar P\u00e9ter: sz\u00fcks\u00e9g eset\u00e9n azonnal ind\u00edthat\u00f3k a haszn\u00e1laton k\u00edv\u00fcli er\u0151m\u0171vek<\/a>&nbsp;&nbsp;Euronews.com<a href=\"https:\/\/news.google.com\/rss\/articles\/CBMirgFBVV95cUxQT3NmY1VIN01fQXgtR2M5S2RqaVJhRnlsTVRESTR0cE1sTU8wMW1iM1liNXRpdmY0b2ZQOHlzUnpjYkdja040OENIVGR0LVpFcUxmM0FfXzExM3p3OEhTd213OC1JM0EyUzB5WWNzci1SdkVmT2ZJaVhFLUxrdjRabnhKNVpOOTNfOUJ0U3dRY2JvNnlxeW9FQjJiR2FrUzZUdkZ5N1VzcHJDQ3JpS2c?oc=5\" target=\"_blank\" rel=\"nofollow noopener\">Az utols\u00f3 pillanatban felt\u00e1madt Magyarorsz\u00e1g egyik legnagyobb g\u00e1zer\u0151m\u0171ve: Magyar P\u00e9ter elind\u00edtotta a visszasz\u00e1ml\u00e1l\u00e1st, egy \u00f3ra maradt h\u00e1tra \u2013 hat\u00e1lyba l\u00e9p az \u00faj energiarendelet<\/a>&nbsp;&nbsp;Vil\u00e1ggazdas\u00e1g<a href=\"https:\/\/news.google.com\/rss\/articles\/CBMimwFBVV95cUxQNWdyMnZ0aTBScUJ3c2d1X0l6ZFBQTWQzQzFjZHlnNG1tTHR5NThtWWVqSF9ZeE1tZ0RnQzRETk1mSERfTFhjMkJUMTdvVHRZRzBHaFRZdmItVGlWbVFtZDg1NEc4NzlhZXljTzdvQUM4X19FdVRGeVRxaE5ybDY2S0w1YVFsZXhDVzRUZFVQLUw3ZWNxMmo3V083VQ?oc=5\" target=\"_blank\" rel=\"nofollow noopener\">A h\u0151s\u00e9g \u00e9s sz\u00e1razs\u00e1g miatti helyzet legkritikusabb \u00f6t napja k\u00f6vetkezik<\/a>&nbsp;&nbsp;Magyarorsz\u00e1g Korm\u00e1nya<\/p>\n","protected":false},"excerpt":{"rendered":"Magyar P\u00e9ter: Nem l\u00e1tjuk, hogy mikor tudj\u00e1k \u00fajraind\u00edtani az er\u0151m\u0171vet&nbsp;&nbsp;index.hu\u00dajraindult a Dunamenti Er\u0151m\u0171 G3 blokkja \u2013 ism\u00e9t teljes&hellip;\n","protected":false},"author":2,"featured_media":195025,"comment_status":"","ping_status":"","sticky":false,"template":"","format":"standard","meta":{"footnotes":"","_share_on_mastodon":"0"},"categories":[6],"tags":[80,13103,3282,8070,29110,44,42,40,43,944,41,5892,4804,13306],"class_list":["post-195024","post","type-post","status-publish","format-standard","has-post-thumbnail","category-magyarorszag","tag-belfold","tag-boka-janos","tag-energiavalsag","tag-forsthoffer-agnes","tag-hohullam","tag-hu","tag-hungarian","tag-hungary","tag-magyar","tag-magyar-peter","tag-magyarorszag","tag-retvari-bence","tag-toroczkai-laszlo","tag-vizhiany"],"share_on_mastodon":{"url":"https:\/\/pubeurope.com\/@hu\/117031840594153281","error":""},"_links":{"self":[{"href":"https:\/\/www.europesays.com\/hu\/wp-json\/wp\/v2\/posts\/195024","targetHints":{"allow":["GET"]}}],"collection":[{"href":"https:\/\/www.europesays.com\/hu\/wp-json\/wp\/v2\/posts"}],"about":[{"href":"https:\/\/www.europesays.com\/hu\/wp-json\/wp\/v2\/types\/post"}],"author":[{"embeddable":true,"href":"https:\/\/www.europesays.com\/hu\/wp-json\/wp\/v2\/users\/2"}],"replies":[{"embeddable":true,"href":"https:\/\/www.europesays.com\/hu\/wp-json\/wp\/v2\/comments?post=195024"}],"version-history":[{"count":0,"href":"https:\/\/www.europesays.com\/hu\/wp-json\/wp\/v2\/posts\/195024\/revisions"}],"wp:featuredmedia":[{"embeddable":true,"href":"https:\/\/www.europesays.com\/hu\/wp-json\/wp\/v2\/media\/195025"}],"wp:attachment":[{"href":"https:\/\/www.europesays.com\/hu\/wp-json\/wp\/v2\/media?parent=195024"}],"wp:term":[{"taxonomy":"category","embeddable":true,"href":"https:\/\/www.europesays.com\/hu\/wp-json\/wp\/v2\/categories?post=195024"},{"taxonomy":"post_tag","embeddable":true,"href":"https:\/\/www.europesays.com\/hu\/wp-json\/wp\/v2\/tags?post=195024"}],"curies":[{"name":"wp","href":"https:\/\/api.w.org\/{rel}","templated":true}]}}