{"id":195214,"date":"2026-08-03T16:17:08","date_gmt":"2026-08-03T16:17:08","guid":{"rendered":"https:\/\/www.europesays.com\/hu\/195214\/"},"modified":"2026-08-03T16:17:08","modified_gmt":"2026-08-03T16:17:08","slug":"a-labdarugas-uj-rocksztarjat-orult-tomeg-varta-chileben","status":"publish","type":"post","link":"https:\/\/www.europesays.com\/hu\/195214\/","title":{"rendered":"A labdar\u00fag\u00e1s \u00faj rockszt\u00e1rj\u00e1t \u0151r\u00fclt t\u00f6meg v\u00e1rta Chil\u00e9ben"},"content":{"rendered":"<p>T\u00f6bb napos bizonytalans\u00e1g ut\u00e1n v\u00e9gre meg\u00e9rkezett Chil\u00e9be az idei vil\u00e1gbajnoks\u00e1g egyik nagy felfedezettje, a Z\u00f6ld-foki szigetek v\u00e1logatottj\u00e1nak 40 \u00e9ves kapusa, Vozinha, aki vas\u00e1rnap este landolt Santiag\u00f3ban, hogy csatlakozzon a Colo Col\u00f3hoz.<\/p>\n<p>Nagyon boldog vagyok, hogy ide\u00e9rkeztem, k\u00f6sz\u00f6n\u00f6m a szurkol\u00f3knak a t\u00fcrelmet, amellyel v\u00e1rtak r\u00e1m<\/p>\n<p>\u2013 mondta.<\/p>\n<p><a id=\"galeria-1\" class=\"m-nextGallery _ce_measure_widget _ce_measure_link\" href=\"https:\/\/24.hu\/sport\/foci\/2026\/08\/03\/foci-vb-2026-vozinha-atigazolas-colo-colo\/?gallery=1\/1\/6-2.jpg\" data-ce-measure-widget=\"gallery-open\" rel=\"nofollow noopener\" target=\"_blank\"><\/p>\n<p>\t\t<img loading=\"lazy\" decoding=\"async\" width=\"2000\" height=\"1333\" src=\"https:\/\/www.europesays.com\/hu\/wp-content\/uploads\/2026\/08\/6-2.jpg\" class=\"m-nextGallery__featureImage wp-image-4786580\" alt=\"Cape Verde's goalkeeper #01 Vozinha eyes the ball as he dives during the 2026 World Cup round of 32 football match between Argentina and Cape Verde at the Miami Stadium in Miami Gardens on July 3, 2026. Vozinha, the 40-year-old goalkeeper who was one of the heroes of Cape Verde's fairytale run at the World Cup, is signing for Colo Colo, the Chilean club announced on July 24, 2026.\"  \/>\t<\/p>\n<p><\/a><\/p>\n<p>A chilei labdar\u00fag\u00e1s legsikeresebb klubja j\u00falius 24-\u00e9n jelentette be a szerz\u0151dtet\u00e9s\u00e9t, de sz\u00e1mos bonyodalom \u2013 t\u00f6bbek k\u00f6z\u00f6tt okm\u00e1nyprobl\u00e9m\u00e1k \u00e9s szem\u00e9lyes \u00fcgyek \u2013 miatt h\u00e1rom alkalommal is elhalasztott\u00e1k az utaz\u00e1s\u00e1t, ami k\u00e9ts\u00e9geket \u00e9bresztett a transzfer lez\u00e1r\u00e1s\u00e1t illet\u0151en.<\/p>\n<p>V\u00e9g\u00fcl a rep\u00fcl\u0151g\u00e9p vas\u00e1rnap este, helyi id\u0151 szerint 20.35-kor landolt Santiag\u00f3ban, \u00e9s a 40 \u00e9ves kapust a Colo Colo-szurkol\u00f3k t\u00f6mege fogadta, akik z\u00e1szl\u00f3kkal, dobokkal \u00e9s \u00e9nekekkel \u00e9rkeztek a rep\u00fcl\u0151t\u00e9rre, hogy \u00fcdv\u00f6z\u00f6lj\u00e9k a helyi \u00e1tigazol\u00e1si piac legjobban v\u00e1rt \u00faj szerzem\u00e9ny\u00e9t.<\/p>\n<p>M\u00e9g a sz\u00f6vets\u00e9g is meghajolt el\u0151tt<\/p>\n<p>Vozinha szerz\u0151d\u00e9se ugyan hat h\u00f3napra sz\u00f3l, de tartalmaz egy tov\u00e1bbi tizenk\u00e9t h\u00f3napra sz\u00f3l\u00f3 hosszabb\u00edt\u00e1si opci\u00f3t is.<\/p>\n<p>Ami \u00e9rdekess\u00e9g, hogy miatta a Chilei Labdar\u00fag\u00f3 Sz\u00f6vets\u00e9g p\u00e9nteken m\u00f3dos\u00edtotta a szab\u00e1lyzat\u00e1t, hogy enged\u00e9lyezze sz\u00e1m\u00e1ra a Vozinha n\u00e9v haszn\u00e1lat\u00e1t a mez\u00e9n. Eddig ugyanis a futballist\u00e1knak kiz\u00e1r\u00f3lag a vezet\u00e9kneve szerepelhetett, a becen\u00e9v nem.<\/p>\n<p>Vozinha nem csup\u00e1n a p\u00e1ly\u00e1n remekelt a v\u00e9b\u00e9n: am\u00edg a torna el\u0151tt mind\u00f6ssze 50 ezer k\u00f6vet\u0151je volt a k\u00f6z\u00f6ss\u00e9gi m\u00e9di\u00e1ban, a torna ut\u00e1n azonban ez a sz\u00e1m meghaladta a 29,5 milli\u00f3t, \u00edgy a vil\u00e1gbajnoks\u00e1g egyik legn\u00e9pszer\u0171bb futballist\u00e1j\u00e1v\u00e1 v\u00e1lt.<\/p>\n<p>A Colo Col\u00f3n\u00e1l rem\u00e9lik, hogy ez a m\u00e9diavisszhang a sportteljes\u00edtm\u00e9nyben is megmutatkozik majd. A csapat 17 fordul\u00f3 ut\u00e1n meggy\u0151z\u0151, 12 pontos el\u0151nnyel vezeti a chilei bajnoks\u00e1got.<\/p>\n","protected":false},"excerpt":{"rendered":"T\u00f6bb napos bizonytalans\u00e1g ut\u00e1n v\u00e9gre meg\u00e9rkezett Chil\u00e9be az idei vil\u00e1gbajnoks\u00e1g egyik nagy felfedezettje, a Z\u00f6ld-foki szigetek v\u00e1logatottj\u00e1nak 40&hellip;\n","protected":false},"author":2,"featured_media":195215,"comment_status":"","ping_status":"","sticky":false,"template":"","format":"standard","meta":{"footnotes":"","_share_on_mastodon":"0"},"categories":[14],"tags":[42123,1031,52604,378,7631,44,42,40,502,43,41,45,131,42975,44738],"class_list":["post-195214","post","type-post","status-publish","format-standard","has-post-thumbnail","category-sport","tag-2026-os-fifa-vilagbajnoksag","tag-atigazolas","tag-colo-colo","tag-foci","tag-foci-vb-2026","tag-hu","tag-hungarian","tag-hungary","tag-labdarugas","tag-magyar","tag-magyarorszag","tag-sport","tag-sports","tag-vozinha","tag-zold-foki-valogatott"],"share_on_mastodon":{"url":"https:\/\/pubeurope.com\/@hu\/117032481372426507","error":""},"_links":{"self":[{"href":"https:\/\/www.europesays.com\/hu\/wp-json\/wp\/v2\/posts\/195214","targetHints":{"allow":["GET"]}}],"collection":[{"href":"https:\/\/www.europesays.com\/hu\/wp-json\/wp\/v2\/posts"}],"about":[{"href":"https:\/\/www.europesays.com\/hu\/wp-json\/wp\/v2\/types\/post"}],"author":[{"embeddable":true,"href":"https:\/\/www.europesays.com\/hu\/wp-json\/wp\/v2\/users\/2"}],"replies":[{"embeddable":true,"href":"https:\/\/www.europesays.com\/hu\/wp-json\/wp\/v2\/comments?post=195214"}],"version-history":[{"count":0,"href":"https:\/\/www.europesays.com\/hu\/wp-json\/wp\/v2\/posts\/195214\/revisions"}],"wp:featuredmedia":[{"embeddable":true,"href":"https:\/\/www.europesays.com\/hu\/wp-json\/wp\/v2\/media\/195215"}],"wp:attachment":[{"href":"https:\/\/www.europesays.com\/hu\/wp-json\/wp\/v2\/media?parent=195214"}],"wp:term":[{"taxonomy":"category","embeddable":true,"href":"https:\/\/www.europesays.com\/hu\/wp-json\/wp\/v2\/categories?post=195214"},{"taxonomy":"post_tag","embeddable":true,"href":"https:\/\/www.europesays.com\/hu\/wp-json\/wp\/v2\/tags?post=195214"}],"curies":[{"name":"wp","href":"https:\/\/api.w.org\/{rel}","templated":true}]}}