{"id":195228,"date":"2026-08-03T16:31:10","date_gmt":"2026-08-03T16:31:10","guid":{"rendered":"https:\/\/www.europesays.com\/hu\/195228\/"},"modified":"2026-08-03T16:31:10","modified_gmt":"2026-08-03T16:31:10","slug":"index-sport-kokot-padlora-kuldtek-a-repuloteren-erre-meg-o-sem-szamitott","status":"publish","type":"post","link":"https:\/\/www.europesays.com\/hu\/195228\/","title":{"rendered":"Index &#8211; Sport &#8211; Kok\u00f3t padl\u00f3ra k\u00fcldt\u00e9k a rep\u00fcl\u0151t\u00e9ren, erre m\u00e9g \u0151 sem sz\u00e1m\u00edtott"},"content":{"rendered":"<p>1996. augusztus harmadika jeles d\u00e1tum a magyar \u00f6k\u00f6lv\u00edv\u00f3sport, de \u00fagy \u00e1ltal\u00e1ban a magyar sport t\u00f6rt\u00e9net\u00e9ben: Kov\u00e1cs \u201eKok\u00f3\u201d Istv\u00e1n ezen a napon lett olimpiai bajnok az atlantai j\u00e1t\u00e9kokon, az 54 kil\u00f3s s\u00falycsoportban. Ez volt a magyar \u00f6k\u00f6lv\u00edv\u00e1s tizedik olimpiai arany\u00e9rme, akkor azt hitt\u00fck, nem az utols\u00f3, de mindm\u00e1ig nem siker\u00fclt megism\u00e9telni.<\/p>\n<p> Kok\u00f3 m\u00e1r vil\u00e1g- \u00e9s Eur\u00f3pa-bajnokk\u00e9nt utazott ki az el\u0151z\u0151, 1992-es barcelonai olimpi\u00e1ra, \u0151 volt az arany\u00e9rem es\u00e9lyese, de egy Csoj Csol Szu nev\u0171 \u00e9szak-koreai buny\u00f3s meg\u00e1ll\u00edtotta az el\u0151d\u00f6nt\u0151ben. Ez a veres\u00e9g annyira les\u00fajtotta az akkor m\u00e9g csak 22 \u00e9ves magyar fi\u00fat, hogy abba akarta hagyni a sportot. Szerencs\u00e9re szeretett mestere, Sz\u00e1nt\u00f3 Imre lebesz\u00e9lte, \u00e9s a k\u0151b\u00e1nyai sr\u00e1c n\u00e9gy \u00e9vvel k\u00e9s\u0151bb fel\u00e1llt a dobog\u00f3 tetej\u00e9re Atlant\u00e1ban.<\/p>\n","protected":false},"excerpt":{"rendered":"1996. augusztus harmadika jeles d\u00e1tum a magyar \u00f6k\u00f6lv\u00edv\u00f3sport, de \u00fagy \u00e1ltal\u00e1ban a magyar sport t\u00f6rt\u00e9net\u00e9ben: Kov\u00e1cs \u201eKok\u00f3\u201d Istv\u00e1n&hellip;\n","protected":false},"author":2,"featured_media":195229,"comment_status":"","ping_status":"","sticky":false,"template":"","format":"standard","meta":{"footnotes":"","_share_on_mastodon":"0"},"categories":[14],"tags":[38296,44,42,40,54483,6494,43,41,4464,45,131],"class_list":["post-195228","post","type-post","status-publish","format-standard","has-post-thumbnail","category-sport","tag-atlanta","tag-hu","tag-hungarian","tag-hungary","tag-koko","tag-kovacs-istvan","tag-magyar","tag-magyarorszag","tag-okolvivas","tag-sport","tag-sports"],"share_on_mastodon":{"url":"https:\/\/pubeurope.com\/@hu\/117032536062900676","error":""},"_links":{"self":[{"href":"https:\/\/www.europesays.com\/hu\/wp-json\/wp\/v2\/posts\/195228","targetHints":{"allow":["GET"]}}],"collection":[{"href":"https:\/\/www.europesays.com\/hu\/wp-json\/wp\/v2\/posts"}],"about":[{"href":"https:\/\/www.europesays.com\/hu\/wp-json\/wp\/v2\/types\/post"}],"author":[{"embeddable":true,"href":"https:\/\/www.europesays.com\/hu\/wp-json\/wp\/v2\/users\/2"}],"replies":[{"embeddable":true,"href":"https:\/\/www.europesays.com\/hu\/wp-json\/wp\/v2\/comments?post=195228"}],"version-history":[{"count":0,"href":"https:\/\/www.europesays.com\/hu\/wp-json\/wp\/v2\/posts\/195228\/revisions"}],"wp:featuredmedia":[{"embeddable":true,"href":"https:\/\/www.europesays.com\/hu\/wp-json\/wp\/v2\/media\/195229"}],"wp:attachment":[{"href":"https:\/\/www.europesays.com\/hu\/wp-json\/wp\/v2\/media?parent=195228"}],"wp:term":[{"taxonomy":"category","embeddable":true,"href":"https:\/\/www.europesays.com\/hu\/wp-json\/wp\/v2\/categories?post=195228"},{"taxonomy":"post_tag","embeddable":true,"href":"https:\/\/www.europesays.com\/hu\/wp-json\/wp\/v2\/tags?post=195228"}],"curies":[{"name":"wp","href":"https:\/\/api.w.org\/{rel}","templated":true}]}}