{"id":195422,"date":"2026-08-03T19:47:14","date_gmt":"2026-08-03T19:47:14","guid":{"rendered":"https:\/\/www.europesays.com\/hu\/195422\/"},"modified":"2026-08-03T19:47:14","modified_gmt":"2026-08-03T19:47:14","slug":"index-sport-sajat-beosztottjai-kuldtek-padlora-kokot-oriasi-volt-a-meglepetes","status":"publish","type":"post","link":"https:\/\/www.europesays.com\/hu\/195422\/","title":{"rendered":"Index &#8211; Sport &#8211; Saj\u00e1t beosztottjai k\u00fcldt\u00e9k padl\u00f3ra Kok\u00f3t, \u00f3ri\u00e1si volt a meglepet\u00e9s"},"content":{"rendered":"<p>1996. augusztus harmadika jeles d\u00e1tum a magyar \u00f6k\u00f6lv\u00edv\u00f3sport, de \u00fagy \u00e1ltal\u00e1ban a magyar sport t\u00f6rt\u00e9net\u00e9ben: Kov\u00e1cs \u201eKok\u00f3\u201d Istv\u00e1n ezen a napon lett olimpiai bajnok az atlantai j\u00e1t\u00e9kokon, az 54 kil\u00f3s s\u00falycsoportban. Ez volt a magyar \u00f6k\u00f6lv\u00edv\u00e1s tizedik olimpiai arany\u00e9rme, akkor azt hitt\u00fck, nem az utols\u00f3, de mindm\u00e1ig nem siker\u00fclt megism\u00e9telni.<\/p>\n<p>Kok\u00f3 m\u00e1r vil\u00e1g- \u00e9s Eur\u00f3pa-bajnokk\u00e9nt utazott ki az el\u0151z\u0151, 1992-es barcelonai olimpi\u00e1ra, \u0151 volt az arany\u00e9rem es\u00e9lyese, de egy Csoj Csol Szu nev\u0171 \u00e9szak-koreai buny\u00f3s meg\u00e1ll\u00edtotta az el\u0151d\u00f6nt\u0151ben. Ez a veres\u00e9g annyira les\u00fajtotta az akkor m\u00e9g csak 22 \u00e9ves magyar fi\u00fat, hogy abba akarta hagyni a sportot. Szerencs\u00e9re szeretett mestere, Sz\u00e1nt\u00f3 Imre lebesz\u00e9lte, \u00e9s a k\u0151b\u00e1nyai sr\u00e1c n\u00e9gy \u00e9vvel k\u00e9s\u0151bb fel\u00e1llt a dobog\u00f3 tetej\u00e9re Atlant\u00e1ban.<\/p>\n<p>Az a d\u00f6nt\u0151, Borb\u00e9ly Zolt\u00e1n tolm\u00e1csol\u00e1s\u00e1ban, \u00fagy, hogy a k\u00e9s\u0151bbi amat\u0151r \u00e9s profi vil\u00e1gbajnok Erdei Zsolt, vagyis h\u00e1t Mad\u00e1r volt a szakkomment\u00e1tor, m\u00e9g h\u00e1rom \u00e9vtized t\u00e1vol\u00e1b\u00f3l is hidegr\u00e1z\u00f3s \u00e9lm\u00e9ny. Kok\u00f3 azt csin\u00e1lt a kubai Arnaldo Mes\u00e1val, amit csak akart, a harmadik negyed elej\u00e9n m\u00e1r 14-7-re vezetett, \u00e9s ez is maradt a v\u00e9geredm\u00e9ny, a d\u00fch\u00f6s karibi az utols\u00f3 k\u00e9t percben meg sem tudta \u00fctni a pillang\u00f3k\u00e9nt t\u00e1ncol\u00f3 magyar zsenit.\u00a0<\/p>\n<p>Kok\u00f3 a jubileum alkalm\u00e1b\u00f3l meghat\u00f3 posztot tett ki a Facebook profilj\u00e1ra, amelynek f\u0151szerepl\u0151je nem is annyira \u00f6nmaga, mint im\u00e1dott mestere, a j\u00falius 15-\u00e9n elhunyt Sz\u00e1nt\u00f3 Imre, vagyis h\u00e1t \u00d6csi b\u00e1csi volt.\u00a0<\/p>\n<p>\u201eHa van valami, ami igaz\u00e1n hi\u00e1nyzik ebb\u0151l a harmincadik \u00e9vfordul\u00f3b\u00f3l, az nem egy \u00fajabb \u00e9rem, nem egy \u00fajabb c\u00edm, vagy feladat, hanem egy rutinszer\u0171 telefonh\u00edv\u00e1s. Huszonkilenc \u00e9ven kereszt\u00fcl augusztus 3-\u00e1n mindig megsz\u00f3lalt a telefon. Vagy \u00e9n h\u00edvtam \u00d6csi b\u00e1csit, vagy \u0151 engem. Ez nem egyszer\u0171 k\u00f6sz\u00f6nt\u00e9s volt. Ez egy szertart\u00e1s volt. Egy besz\u00e9lget\u00e9s, amit egyik\u00fcnk sem hagyott volna ki semmi\u00e9rt. (&#8230;) \u0150 mindig ugyanazzal kezdte:\u00a0<\/p>\n<p>Boldog sz\u00fclet\u00e9snapot, Pisti!<\/p>\n<p>\u00c9s mire eljutottunk a harmadik mondatig, m\u00e1r tan\u00edtott. (&#8230;) \u00c9s ezek a besz\u00e9lget\u00e9sek mindig er\u0151t adtak. Nemcsak az\u00e9rt, mert megdics\u00e9rt, hanem az\u00e9rt is, mert soha nem hagyta, hogy elhiggyem: m\u00e1r mindent tudok, m\u00e1r mindent l\u00e1ttam.\u201d<\/p>\n<p>\u00c9s hogy mi\u00e9rt volt ez a d\u00e1tum Kok\u00f3 sz\u00fclet\u00e9snapja, mik\u00f6zben val\u00f3j\u00e1ban augusztus 17-\u00e9n sz\u00fcletett? Mert ez volt a nagy \u00e1lom beteljes\u00fcl\u00e9se, a szor\u00edt\u00f3m\u0171v\u00e9sz m\u00e1sodik sz\u00fclet\u00e9snapja.<\/p>\n<p>                        <a href=\"https:\/\/galeria.index.hu\/sport\/2026\/08\/03\/kokonak_a_liszt_ferenc_nemzetkozi_repuloteren_meglepetesszeru_fogadtatasban_volt_resze_a_jubileum_alkalmabol\/\" class=\"image-link\" target=\"galesz70832661\" data-contentid=\"6257279\" data-js-galeria-url=\"https:\/\/galeria.index.hu\/sport\/2026\/08\/03\/kokonak_a_liszt_ferenc_nemzetkozi_repuloteren_meglepetesszeru_fogadtatasban_volt_resze_a_jubileum_alkalmabol\/\" data-js-galeria-open-with=\"\" rel=\"nofollow noopener\"><br \/>\n                            <img decoding=\"async\" id=\"kep70832661\" alt=\"\" border=\"0\" loading=\"lazy\" src=\"https:\/\/www.europesays.com\/hu\/wp-content\/uploads\/2026\/08\/70832757_f13f37959deff878a46fed3d7a5153d3_wm.jpg\" width=\"738\" height=\"492\" data-image_width=\"738\" data-image_height=\"492\"\/><br \/>\n                        <\/a><br \/>\n                        <a href=\"https:\/\/galeria.index.hu\/sport\/2026\/08\/03\/kokonak_a_liszt_ferenc_nemzetkozi_repuloteren_meglepetesszeru_fogadtatasban_volt_resze_a_jubileum_alkalmabol\/\" class=\"image-link\" target=\"galesz70832667\" data-contentid=\"6257279\" data-js-galeria-url=\"https:\/\/galeria.index.hu\/sport\/2026\/08\/03\/kokonak_a_liszt_ferenc_nemzetkozi_repuloteren_meglepetesszeru_fogadtatasban_volt_resze_a_jubileum_alkalmabol\/\" data-js-galeria-open-with=\"\" rel=\"nofollow noopener\"><br \/>\n                            <img decoding=\"async\" id=\"kep70832667\" alt=\"Kok\u00f3\" border=\"0\" loading=\"lazy\" src=\"https:\/\/www.europesays.com\/hu\/wp-content\/uploads\/2026\/08\/70832759_12ca60478075a3eb277c8d63a3d611e6_wm.jpg\" width=\"369\" height=\"246\" data-image_width=\"369\" data-image_height=\"246\"\/><br \/>\n                        <\/a><br \/>\n                        <a href=\"https:\/\/galeria.index.hu\/sport\/2026\/08\/03\/kokonak_a_liszt_ferenc_nemzetkozi_repuloteren_meglepetesszeru_fogadtatasban_volt_resze_a_jubileum_alkalmabol\/\" class=\"image-link\" target=\"galesz70832671\" data-contentid=\"6257279\" data-js-galeria-url=\"https:\/\/galeria.index.hu\/sport\/2026\/08\/03\/kokonak_a_liszt_ferenc_nemzetkozi_repuloteren_meglepetesszeru_fogadtatasban_volt_resze_a_jubileum_alkalmabol\/\" data-js-galeria-open-with=\"\" rel=\"nofollow noopener\"><br \/>\n                            <img decoding=\"async\" id=\"kep70832671\" alt=\"\" border=\"0\" loading=\"lazy\" src=\"https:\/\/www.europesays.com\/hu\/wp-content\/uploads\/2026\/08\/70832761_f53f6521dbe838b8589bf56a9a48472b_wm.jpg\" width=\"369\" height=\"246\" data-image_width=\"369\" data-image_height=\"246\"\/><\/p>\n<p>                         10        <\/p>\n<p>                        <\/a><\/p>\n<p>\n                        Gal\u00e9ria: Kok\u00f3nak a Liszt Ferenc Nemzetk\u00f6zi Rep\u00fcl\u0151t\u00e9ren meglepet\u00e9sszer\u0171 fogadtat\u00e1sban volt r\u00e9sze a jubileum alkalm\u00e1b\u00f3lFot\u00f3: Szoll\u00e1r Zs\u00f3fi \/ Index<\/p>\n<p>Nos h\u00e1t, Kok\u00f3 h\u00e9tf\u0151n \u00e9rkezett haza g\u00f6r\u00f6gorsz\u00e1gi nyaral\u00e1s\u00e1b\u00f3l feles\u00e9ge \u00e9s k\u00e9t kisfia t\u00e1rsas\u00e1g\u00e1ban \u2013 az\u00e9rt k\u00f6zbeiktatott egy supervisori mel\u00f3t a sza\u00fad-ar\u00e1biai Dzsidd\u00e1ban, az Anthony Joshua\u2013Kristian Prenga meccsen \u2013, \u00e9s amikor kil\u00e9pett a Liszt Ferenc Nemzetk\u00f6zi Rep\u00fcl\u0151t\u00e9r v\u00e1r\u00f3term\u00e9be, leesett az \u00e1lla. Ha st\u00edlszer\u0171ek akarunk lenni, padl\u00f3t fogott.<\/p>\n<p>Ugyanis falrenget\u0151 \u00fcdvrivalg\u00e1ssal fogadta a nagy bajnokot a Magyar \u00d6k\u00f6lv\u00edv\u00f3k Sz\u00f6vets\u00e9g\u00e9nek teljes kollekt\u00edv\u00e1ja, b\u00e1tyja, Kov\u00e1cs Gyula, tov\u00e1bb\u00e1 szeretett klubja, a Vasas ifj\u00fa \u00e9s kev\u00e9sb\u00e9 ifj\u00fa \u00f6k\u00f6lv\u00edv\u00f3i \u00e9s edz\u0151i. \u00c9s amikor Deze, polg\u00e1ri nev\u00e9n Tak\u00e1cs P\u00e9ter, a hazai bokszesem\u00e9nyek d\u00f6rg\u0151 hang\u00fa ringszp\u00edkere felkonfer\u00e1lta az \u00fcnnepeltet, az eg\u00e9sz v\u00e1r\u00f3terem tapsviharban t\u00f6rt ki. Bokszol\u00f3k, hazat\u00e9r\u0151 turist\u00e1k, m\u00e9g a k\u00fclf\u00f6ldiek is.\u00a0<\/p>\n<p>A barn\u00e1ra s\u00fclt Kok\u00f3 szeme pedig igencsak gyan\u00fasan csillogott.<\/p>\n<p>Hogy mennyi volt az atlantai d\u00f6nt\u0151 eredm\u00e9nye? V\u00e1rjunk csak&#8230;tizenn\u00e9gy-h\u00e9t! Igen, \u00e9s ez volt a magyar csapat \u00f6t\u00f6dik atlantai arany\u00e9rme, arra is eml\u00e9kszem. \u00c9n \u00fagy mentem ki Atlant\u00e1ba, ahogy a sp\u00e1rtaik a csat\u00e1ba: vagy pajzzsal t\u00e9rek vissza, vagy pajzson&#8230; Az el\u0151bbi j\u00f6tt be. A m\u00e1sodik menet ut\u00e1ni sz\u00fcnetben \u00d6csi b\u00e1csi elkezdte magyar\u00e1zni, hogy mit csin\u00e1ljak, hogyan \u0151rizzem az el\u0151ny\u00f6met, de \u00e9n megnyugtattam: Ez az arany m\u00e1r a zs\u00e1kban van. Csod\u00e1latos ez a fogadtat\u00e1s, csak egyvalaki hi\u00e1nyzik, de \u0151 nagyon: \u00d6csi b\u00e1csi&#8230;<\/p>\n<p>\u2013 mondta Kok\u00f3 az Indexnek.<\/p>\n<p>Azt\u00e1n kattogtak a f\u00e9nyk\u00e9pez\u0151g\u00e9pek, mindenki Kok\u00f3val akart fot\u00f3zkodni.<\/p>\n<p>Minden id\u0151k egyik legnagyobb \u00f6k\u00f6lv\u00edv\u00f3j\u00e1val.<\/p>\n<p>\n                          (Bor\u00edt\u00f3k\u00e9p: Szoll\u00e1r Zs\u00f3fi \/ Index)\u00a0\n                        <\/p>\n<p><a href=\"https:\/\/dex.hu\/x.php?id=googlepref_desktop&amp;url=https:\/\/google.com\/preferences\/source?q=https:\/\/index.hu\" class=\"google-pref-banner \" id=\"googlePrefBanner\" rel=\"nofollow noopener\" target=\"_blank\"><\/p>\n<p>    Itt \u00e1ll\u00edtsa be, hogy az Index az els\u0151k k\u00f6z\u00f6tt legyen a Google-tal\u00e1latokban!<\/p>\n<p><\/a><\/p>\n<p>    <img decoding=\"async\" src=\"https:\/\/index.hu\/assets\/images\/social-follow\/logo-big.svg\" alt=\"Index.hu logo\"\/><\/p>\n<p>K\u00f6vesse az Indexet Facebookon is!<\/p>\n<p>    <a href=\"https:\/\/facebook.com\/Indexhu\" target=\"_blank\" rel=\"nofollow noopener\"><\/p>\n<p>        K\u00f6vetem!<br \/>\n    <\/a><\/p>\n","protected":false},"excerpt":{"rendered":"1996. augusztus harmadika jeles d\u00e1tum a magyar \u00f6k\u00f6lv\u00edv\u00f3sport, de \u00fagy \u00e1ltal\u00e1ban a magyar sport t\u00f6rt\u00e9net\u00e9ben: Kov\u00e1cs \u201eKok\u00f3\u201d Istv\u00e1n&hellip;\n","protected":false},"author":2,"featured_media":195423,"comment_status":"","ping_status":"","sticky":false,"template":"","format":"standard","meta":{"footnotes":"","_share_on_mastodon":"0"},"categories":[14],"tags":[54507,1419,38296,54508,44,42,40,54483,6494,759,43,41,45,131],"class_list":["post-195422","post","type-post","status-publish","format-standard","has-post-thumbnail","category-sport","tag-30-eve","tag-arany","tag-atlanta","tag-fogadtatas","tag-hu","tag-hungarian","tag-hungary","tag-koko","tag-kovacs-istvan","tag-liszt-ferenc-nemzetkozi-repuloter","tag-magyar","tag-magyarorszag","tag-sport","tag-sports"],"share_on_mastodon":{"url":"https:\/\/pubeurope.com\/@hu\/117033307266539108","error":""},"_links":{"self":[{"href":"https:\/\/www.europesays.com\/hu\/wp-json\/wp\/v2\/posts\/195422","targetHints":{"allow":["GET"]}}],"collection":[{"href":"https:\/\/www.europesays.com\/hu\/wp-json\/wp\/v2\/posts"}],"about":[{"href":"https:\/\/www.europesays.com\/hu\/wp-json\/wp\/v2\/types\/post"}],"author":[{"embeddable":true,"href":"https:\/\/www.europesays.com\/hu\/wp-json\/wp\/v2\/users\/2"}],"replies":[{"embeddable":true,"href":"https:\/\/www.europesays.com\/hu\/wp-json\/wp\/v2\/comments?post=195422"}],"version-history":[{"count":0,"href":"https:\/\/www.europesays.com\/hu\/wp-json\/wp\/v2\/posts\/195422\/revisions"}],"wp:featuredmedia":[{"embeddable":true,"href":"https:\/\/www.europesays.com\/hu\/wp-json\/wp\/v2\/media\/195423"}],"wp:attachment":[{"href":"https:\/\/www.europesays.com\/hu\/wp-json\/wp\/v2\/media?parent=195422"}],"wp:term":[{"taxonomy":"category","embeddable":true,"href":"https:\/\/www.europesays.com\/hu\/wp-json\/wp\/v2\/categories?post=195422"},{"taxonomy":"post_tag","embeddable":true,"href":"https:\/\/www.europesays.com\/hu\/wp-json\/wp\/v2\/tags?post=195422"}],"curies":[{"name":"wp","href":"https:\/\/api.w.org\/{rel}","templated":true}]}}