{"id":195652,"date":"2026-08-04T01:00:15","date_gmt":"2026-08-04T01:00:15","guid":{"rendered":"https:\/\/www.europesays.com\/hu\/195652\/"},"modified":"2026-08-04T01:00:15","modified_gmt":"2026-08-04T01:00:15","slug":"mult-szazadi-halozat-es-a-tulfogyasztas-uj-megoldas-kell-hogy-ne-fogyjon-el-az-aram","status":"publish","type":"post","link":"https:\/\/www.europesays.com\/hu\/195652\/","title":{"rendered":"M\u00falt sz\u00e1zadi h\u00e1l\u00f3zat \u00e9s a t\u00falfogyaszt\u00e1s: \u00faj megold\u00e1s kell, hogy ne fogyjon el az \u00e1ram"},"content":{"rendered":"<p data-alignment=\"left\" class=\"text-left\" data-block-key=\"6fx27\">Az energiapiacon jelenleg egyetlen biztos pont van: a folyamatos v\u00e1ltoz\u00e1s. A kl\u00edmav\u00e1ltoz\u00e1s hat\u00e1sai Magyarorsz\u00e1gon is k\u00f6zvetlen\u00fcl \u00e9rezhet\u0151k, a ny\u00e1ri h\u0151s\u00e9griad\u00f3k alatt a lakoss\u00e1gi kl\u00edmaberendez\u00e9sek t\u00f6meges haszn\u00e1lata miatt drasztikusan megugrott a villamosenergia-fogyaszt\u00e1s. Ezzel p\u00e1rhuzamosan az <a href=\"https:\/\/www.economx.hu\/gazdasag\/2026\/02\/23\/kaderjak-peter-interju-energiatarolok-napelem-palyazat-energiafuggoseg-orosz-levalas-rezsicsokkentes-824298\/\" target=\"_blank\" rel=\" noopener noreferrer nofollow\">energiatermel\u00e9si<\/a> szerkezet is \u00e1talakult: m\u00edg egy 100 megawattos naper\u0151m\u0171 meg\u00e9p\u00edt\u00e9se alig egy \u00e9vet vesz ig\u00e9nybe, a hagyom\u00e1nyos er\u0151m\u0171vek l\u00e9tes\u00edt\u00e9se 3\u20135, vagy ak\u00e1r 10\u201315 \u00e9vig is eltarthat.<\/p>\n<p data-alignment=\"left\" class=\"text-left\" data-block-key=\"1u7i5\">A piaci bizonytalans\u00e1got a geopolitikai v\u00e1ls\u00e1gok is fokozz\u00e1k. Az orosz-ukr\u00e1n h\u00e1bor\u00fa k\u00f6vetkezt\u00e9ben a lakoss\u00e1gi f\u00f6ldg\u00e1z\u00e1rak \u00e1tlagosan 0,07-r\u0151l, 0,13 eur\u00f3\/kilowatt\u00f3r\u00e1ra emelkedtek, a k\u00f6zel-keleti konfliktusok pedig tov\u00e1bb n\u00f6velik a fosszilis hordoz\u00f3k \u00e1ringadoz\u00e1s\u00e1t.<\/p>\n<p>  <a rel=\"noopener nofollow\" href=\"https:\/\/indamediasales.hu\/2019\/06\/25\/quality_placement_minosegbiztositasi_tajekoztato_728\" target=\"_blank\" class=\"flex items-center\"><\/p>\n<p>      <img loading=\"lazy\" decoding=\"async\" src=\"https:\/\/www.economx.hu\/neon\/static\/images\/brand\/quality_placement_logo.svg\" alt=\"Quality Placement\" width=\"150\" height=\"15\"\/><\/p>\n<p>  <\/a><\/p>\n<p>\n  hirdet\u00e9s<\/p>\n<p>    X<\/p>\n<p data-alignment=\"left\" class=\"text-left\" data-block-key=\"ef0ak\">A legnagyobb probl\u00e9m\u00e1t m\u00e9gis az jelenti, hogy Eur\u00f3pa elektromos h\u00e1l\u00f3zata alapvet\u0151en 19. sz\u00e1zadi elvekre \u00e9p\u00fclt. A rendszert egyir\u00e1ny\u00fa energia\u00e1raml\u00e1sra tervezt\u00e9k: a nagy er\u0151m\u0171vek annyi \u00e1ramot termeltek, amennyit a fogyaszt\u00f3k \u00e9ppen felhaszn\u00e1ltak. Ezzel szemben a 21. sz\u00e1zadban a meg\u00fajul\u00f3 energiaforr\u00e1sok termel\u00e9se rendk\u00edv\u00fcl kisz\u00e1m\u00edthatatlan \u2013 el\u00e9g egy \u00e1tvonul\u00f3 felh\u0151 a napelempark felett \u2013, mik\u00f6zben a h\u00e1ztart\u00e1sok a <a href=\"https:\/\/www.economx.hu\/gazdasag\/2026\/03\/03\/energia-napelem-sokan-milliokat-koltottek-ra-megis-elszallt-a-villanyszamla-mikor-eri-meg-824409\/\" target=\"_blank\" rel=\" noopener noreferrer nofollow\" data-link-preview=\"true\" data-og-title=\"Sokan milli\u00f3kat k\u00f6lt\u00f6ttek r\u00e1, m\u00e9gis elsz\u00e1llt a villanysz\u00e1mla \u2013 mikor \u00e9ri meg a napelem?\" data-og-description=\"A napelem sok\u00e1ig biztos \u00fatnak t\u0171nt a rezsik\u00f6lts\u00e9gek cs\u00f6kkent\u00e9s\u00e9re, volt is egy nagy lakoss\u00e1gi boom, melynek k\u00f6sz\u00f6nhet\u0151en ma m\u00e1r Magyarorsz\u00e1gon t\u00f6bb sz\u00e1z ezer h\u00e1ztart\u00e1s termel \u00e1ramot a saj\u00e1t tet\u0151j\u00e9n. A megt\u00e9r\u00fcl\u00e9s azonban messze nem mindenkin\u00e9l ugyanaz: az elsz\u00e1mol\u00e1si szab\u00e1lyok v\u00e1ltoz\u00e1sa, a fogyaszt\u00e1s nagys\u00e1ga \u00e9s az energia\u00e1rak alakul\u00e1sa is d\u00f6nt\u0151en befoly\u00e1solja, hogy val\u00f3ban meg\u00e9ri-e a beruh\u00e1z\u00e1s.\" data-og-image=\"https:\/\/www.economx.hu\/neon\/media\/images\/image1772114409.format-avif.max-600x400.avif\" data-og-image-small=\"https:\/\/www.economx.hu\/neon\/media\/images\/image1772114409.format-avif.max-370x278.avif\" data-og-column=\"Gazdas\u00e1g\" data-og-tags=\"[&quot;Gazdas\\u00e1g&quot;, &quot;napenergia&quot;, &quot;energia&quot;, &quot;napelem&quot;, &quot;beruh\\u00e1z\\u00e1s&quot;, &quot;villany&quot;, &quot;\\u00e1ram&quot;, &quot;megt\\u00e9r\\u00fcl\\u00e9s&quot;, &quot;napelemes_rendszer&quot;]\">napelemek<\/a> r\u00e9v\u00e9n maguk is termel\u0151kk\u00e9 (prosumerekk\u00e9) v\u00e1ltak.<\/p>\n<p data-alignment=\"left\" class=\"text-left\" data-block-key=\"defkl\">A helyzetet tov\u00e1bb nehez\u00edti, hogy a ny\u00e1ri k\u00e1nikul\u00e1ban a t\u00falmeleged\u0151 vezet\u00e9kek fizikai tulajdons\u00e1gaik miatt kevesebb \u00e1ramot tudnak \u00e1tengedni. Az Eur\u00f3pai Uni\u00f3 felismerte a h\u00e1l\u00f3zati sz\u0171k keresztmetszetek vesz\u00e9ly\u00e9t, ez\u00e9rt 2026 \u00e9v v\u00e9g\u00e9ig 584 milli\u00e1rd eur\u00f3t alok\u00e1l a h\u00e1l\u00f3zatok fejleszt\u00e9s\u00e9re, m\u00edg az ENTSO-E keretein bel\u00fcl az eur\u00f3pai orsz\u00e1gok egyeztetik a hat\u00e1rokon \u00e1tny\u00fal\u00f3 kapacit\u00e1sokat (Moldova \u00e9s T\u00f6r\u00f6korsz\u00e1g csatlakoz\u00e1sa is folyamatban van).<\/p>\n<p>      T\u00faltermel\u00e9s \u00e9s negat\u00edv \u00e1ram\u00e1rak<\/p>\n<p data-alignment=\"left\" class=\"text-left\" data-block-key=\"eusci\">A hazai \u00e9s a kelet-k\u00f6z\u00e9p-eur\u00f3pai h\u00e1l\u00f3zat nem tudott l\u00e9p\u00e9st tartani a meg\u00fajul\u00f3 kapacit\u00e1sok vill\u00e1mgyors ki\u00e9p\u00fcl\u00e9s\u00e9vel. Magyarorsz\u00e1gon az ipari naper\u0151m\u0171vi kapacit\u00e1s el\u00e9ri az 5000 megawattot, m\u00edg a h\u00e1ztart\u00e1si m\u00e9ret\u0171 kiser\u0151m\u0171vek (HMKE) tov\u00e1bbi k\u00f6r\u00fclbel\u00fcl 2880 megawattot tesznek hozz\u00e1. A mintegy 8000 megawattos \u00f6sszkapacit\u00e1s megel\u0151zi a hazai 7700 megawatt k\u00f6r\u00fcli cs\u00facsfogyaszt\u00e1st.<\/p>\n<p data-alignment=\"left\" class=\"text-left\" data-block-key=\"e2rkn\">Mik ennek a k\u00f6vetkezm\u00e9nyei?<\/p>\n<p>Negat\u00edv spot \u00e1ram\u00e1rak: a napos ny\u00e1ri id\u0151szakokban a t\u00faltermel\u00e9s miatt a villamos energia \u00e1ra drasztikusan leesik, ak\u00e1r negat\u00edv tartom\u00e1nyba is csaphat.Ir\u00e1ny\u00edthat\u00f3s\u00e1gi vakfoltok: a rendszerir\u00e1ny\u00edt\u00f3 (MAVIR) nem l\u00e1t r\u00e1 a k\u00f6zel 3000 megawattnyi lakoss\u00e1gi napelemre, \u00edgy azokat szab\u00e1lyozni sem tudja.K\u00e9nyszer\u0171 lekapcsol\u00e1sok: t\u00falterhel\u00e9s eset\u00e9n a szolg\u00e1ltat\u00f3k v\u00e9gs\u0151 megold\u00e1sk\u00e9nt lekapcsolj\u00e1k az ipari napelemparkokat a h\u00e1l\u00f3zatr\u00f3l, ami jelent\u0151s termel\u00e9si vesztes\u00e9get okoz.<\/p>\n<p data-alignment=\"left\" class=\"text-left\" data-block-key=\"4ovb4\">A korm\u00e1nyzat kiemelt c\u00e9lk\u00e9nt kezeli a h\u00e1l\u00f3zat moderniz\u00e1ci\u00f3j\u00e1t, amelyre id\u00e9n 486 milli\u00e1rd forintot ford\u00edtanak. Ez a fejleszt\u00e9s t\u00f6bb ezer megawattnyi szabad kapacit\u00e1st szabad\u00edthat fel, amit els\u0151sorban a sz\u00e9ler\u0151m\u0171vek integr\u00e1ci\u00f3j\u00e1ra sz\u00e1nnak \u2013 a sz\u00e9lenergia nagy el\u0151nye ugyanis a napelemekkel szemben, hogy \u00e9jszaka is k\u00e9pes energi\u00e1t termelni.<\/p>\n<p>      Technol\u00f3giai v\u00e1lasz kell<\/p>\n<p data-alignment=\"left\" class=\"text-left\" data-block-key=\"1hirl\">A fizikai vezet\u00e9kcsere \u00e9s az \u00faj al\u00e1llom\u00e1sok \u00e9p\u00edt\u00e9se neh\u00e9zkes, dr\u00e1ga \u00e9s id\u0151ig\u00e9nyes: egy kisfesz\u00fclts\u00e9g\u0171 h\u00e1l\u00f3zatb\u0151v\u00edt\u00e9s a tervez\u00e9st\u0151l a kivitelez\u00e9sig 1\u20131,5 \u00e9vet is ig\u00e9nybe vehet, mik\u00f6zben \u00e1ramsz\u00fcnetekkel j\u00e1r. Ezzel szemben az Energrid Smart Technologies olyan intelligens hardver-szoftver \u00f6kosziszt\u00e9m\u00e1t fejlesztett ki, amely beavatkozik a <a href=\"https:\/\/www.economx.hu\/magyar-gazdasag\/2026\/07\/18\/kapitany-istvan-szelenergia-eu-fejlesztes-palyazatok\/\" target=\"_blank\" rel=\" noopener noreferrer nofollow\">h\u00e1l\u00f3zat<\/a> m\u0171k\u00f6d\u00e9s\u00e9be, \u00e9s \u00f3r\u00e1k alatt telep\u00edthet\u0151.<\/p>\n<p data-alignment=\"left\" class=\"text-left\" data-block-key=\"ahuot\">A c\u00e9get Petr\u00f3 B\u00e1lint \u00e9s \u00dajlaki Bal\u00e1zs k\u00f6z\u00f6sen alap\u00edtotta. Deep-tech startupk\u00e9nt k\u00f6zvetlen\u00fcl az \u00e1rameloszt\u00f3 t\u00e1rsas\u00e1gokat (DSO-kat) c\u00e9lozz\u00e1k meg. H\u00e1rom megold\u00e1si egys\u00e9get\/szintet hat\u00e1roztak meg a probl\u00e9ma megold\u00e1s\u00e1ra:<\/p>\n<p>OLTC (on-load tap changer \u2013 terhel\u00e9s alatti fesz\u00fclts\u00e9gszab\u00e1lyoz\u00e1s transzform\u00e1tork\u00f6rzeten bel\u00fcl): a hagyom\u00e1nyos transzform\u00e1torok fesz\u00fclts\u00e9g\u00e9t jelenleg csak k\u00e9zzel \u00e9s a h\u00e1l\u00f3zat lekapcsol\u00e1sa (\u00e1ramsz\u00fcnet) mellett lehet m\u00f3dos\u00edtani. Az Energrid eszk\u00f6ze ezzel szemben fesz\u00fclts\u00e9g alatt, megszak\u00edt\u00e1s n\u00e9lk\u00fcl szab\u00e1lyozza a fesz\u00fclts\u00e9get.SVR (step voltage regulator \u2013 f\u00e1zisonk\u00e9nti fesz\u00fclts\u00e9gszab\u00e1lyoz\u00f3): k\u00f6zvetlen\u00fcl a h\u00e1l\u00f3zati oszlopokra szerelhet\u0151 eszk\u00f6z, amely f\u00e1zisonk\u00e9nt k\u00fcl\u00f6n szab\u00e1lyozza a fesz\u00fclts\u00e9get a hosszabb vezet\u00e9kcs\u0151szakaszokon (ez k\u00fcl\u00f6n\u00f6sen a hossz\u00fa vezet\u00e9kekkel rendelkez\u0151 piacokon, mint Rom\u00e1nia, jelent elengedhetetlen megold\u00e1st).SSB (smart switchboard \u2013 t\u00e1vvez\u00e9relt intelligens eloszt\u00f3szekr\u00e9ny): a transzform\u00e1torok alatt elhelyezett okos kapcsol\u00f3t\u00e1bla a r\u00e9gi olvad\u00f3biztos\u00edt\u00e9kokat v\u00e1ltja fel. Jelenleg a szolg\u00e1ltat\u00f3 csak akkor \u00e9rtes\u00fcl a hib\u00e1r\u00f3l, ha a fogyaszt\u00f3 betelefon\u00e1l \u2013 ekkor a szerel\u0151knek ki kell vonulniuk, \u00e9s a jav\u00edt\u00e1s idej\u00e9re le kell kapcsolniuk a h\u00e1l\u00f3zatot. Az SSB digit\u00e1lisan \u00e9rz\u00e9keli a hib\u00e1t, z\u00e1rlat hi\u00e1ny\u00e1ban automatikusan visszakapcsolja az \u00e1ramot, z\u00e1rlat eset\u00e9n pedig azonnal pontos hibajelz\u00e9st k\u00fcld a k\u00f6zpontnak.<\/p>\n<p data-alignment=\"left\" class=\"text-left\" data-block-key=\"fjbhj\">Az eszk\u00f6z\u00f6k \u00f6n\u00e1ll\u00f3an, auton\u00f3m m\u00f3don hoznak d\u00f6nt\u00e9seket a m\u00e9rt adatok alapj\u00e1n, de t\u00e1volr\u00f3l is vez\u00e9relhet\u0151k \u00e9s monitorozhat\u00f3k.<\/p>\n<p data-alignment=\"left\" class=\"text-left\" data-block-key=\"kstf9\">Az Energrid Smart Technologies eszk\u00f6zeinek megt\u00e9r\u00fcl\u00e9se, a traf\u00f3k\u00f6rzetek architekt\u00far\u00e1j\u00e1t\u00f3l f\u00fcgg\u0151en 5\u201310 \u00e9v \u2013 mondt\u00e1k lapunk k\u00e9rd\u00e9s\u00e9re az alap\u00edt\u00f3k.<\/p>\n<p>      Mi a j\u00f6v\u0151?<\/p>\n<p data-alignment=\"left\" class=\"text-left\" data-block-key=\"d5she\">A villamosenergia-szektor saj\u00e1toss\u00e1ga, hogy az <a href=\"https:\/\/www.economx.hu\/magyar-gazdasag\/2026\/06\/16\/mvm-valtoztatas-ugyintezesek-rendszerek-energia\/\" target=\"_blank\" rel=\" noopener noreferrer nofollow\">\u00e1ramszolg\u00e1ltat\u00f3k<\/a> 45 milli\u00f3 forint feletti megrendel\u00e9sekn\u00e9l k\u00f6telesek k\u00f6zbeszerz\u00e9si tendereket ki\u00edrni. A sk\u00e1l\u00e1z\u00f3d\u00e1shoz ez\u00e9rt elengedhetetlenek a sikeres mintaprojektek.<\/p>\n<p data-alignment=\"left\" class=\"text-left\" data-block-key=\"4iefg\">Az Energrid jelenleg h\u00e1rom gy\u00e1rt\u00f3partnerral dolgozik egy\u00fctt, \u00e9s eszk\u00f6zeiket m\u00e1r \u00e9les k\u00f6rnyezetben (p\u00e9ld\u00e1ul az MVM h\u00e1l\u00f3zat\u00e1n) tesztelik. A tesztek sor\u00e1n valid\u00e1lt\u00e1k, hogy a berendez\u00e9sek \u00e9rdemben cs\u00f6kkentik a szolg\u00e1ltat\u00f3k kisz\u00e1ll\u00e1si \u00e9s m\u0171k\u00f6d\u00e9si k\u00f6lts\u00e9geit (OPEX), valamint a kies\u0151 \u00e1ram miatti k\u00f6tb\u00e9rfizet\u00e9si k\u00f6telezetts\u00e9geket.<\/p>\n<p data-alignment=\"left\" class=\"text-left\" data-block-key=\"90qc3\">A t\u00e1rsas\u00e1g p\u00e9nz\u00fcgyileg a k\u00f6vetkez\u0151 \u00e9vben v\u00e1r jelent\u0151sebb \u00e1tt\u00f6r\u00e9st \u00e9s bev\u00e9teln\u00f6veked\u00e9st, ahogy a lefut\u00f3 pilotprojektek t\u00f6meges megrendel\u00e9sekk\u00e9 \u00e9s tendergy\u0151zelmekk\u00e9 form\u00e1l\u00f3dnak.<\/p>\n<p>Magyarorsz\u00e1g mellett a szlov\u00e1kiai \u00e9s a rom\u00e1niai piacon val\u00f3 elindul\u00e1s a k\u00f6zvetlen c\u00e9l, ezt k\u00f6vet\u0151en a sz\u00e9lesebb kelet-k\u00f6z\u00e9p-eur\u00f3pai (KKE) r\u00e9gi\u00f3 lefed\u00e9se k\u00f6vetkezik.A hardveres beavatkoz\u00e1son t\u00fal a szoftveres \u00e1gra f\u00f3kusz\u00e1lnak. Olyan predikt\u00edv h\u00e1l\u00f3zatoptimaliz\u00e1l\u00e1si \u00e9s energia\u00fctemez\u00e9si algoritmusokat fejlesztenek, amelyek k\u00e9pesek el\u0151re jelezni a h\u00e1l\u00f3zati meghib\u00e1sod\u00e1sokat, \u00edgy a karbantart\u00e1s tervezhet\u0151v\u00e9 v\u00e1lik, a h\u00e1l\u00f3zat rugalmass\u00e1ga pedig a maxim\u00e1lisra n\u00f6velhet\u0151.<\/p>\n<p><a href=\"https:\/\/google.com\/preferences\/source?q=https%3A\/\/www.economx.hu\" rel=\"noopener nofollow\" referrerpolicy=\"no-referrer-when-downgrade\" class=\"!flex !items-center !gap-5 !py-2 !px-3 w-full !rounded-xl !font-bold cursor-pointer !no-underline relative !bg-white !text-[#202124] !border !border-[#858585] dark:!bg-[#323232] dark:!text-white dark:border-none mb-4 \" target=\"_blank\"><br \/>\n  <img decoding=\"async\" src=\"https:\/\/www.economx.hu\/neon\/static\/images\/favicons\/google_favicon.svg\" alt=\"Google\" class=\"shrink-0 w-7 h-7\"\/><br \/>\n  \u00c1ll\u00edtsd be, hogy az Economx az els\u0151k k\u00f6z\u00f6tt legyen a Google-tal\u00e1latokban!<\/p>\n<p><\/a><\/p>\n","protected":false},"excerpt":{"rendered":"Az energiapiacon jelenleg egyetlen biztos pont van: a folyamatos v\u00e1ltoz\u00e1s. A kl\u00edmav\u00e1ltoz\u00e1s hat\u00e1sai Magyarorsz\u00e1gon is k\u00f6zvetlen\u00fcl \u00e9rezhet\u0151k, a&hellip;\n","protected":false},"author":2,"featured_media":195653,"comment_status":"","ping_status":"","sticky":false,"template":"","format":"standard","meta":{"footnotes":"","_share_on_mastodon":"0"},"categories":[8],"tags":[3768,43223,4164,42,43,47118,34,21355,94,5056,54562,93,92],"class_list":["post-195652","post","type-post","status-publish","format-standard","has-post-thumbnail","category-vilag","tag-aram","tag-aramszolgaltato","tag-fogyasztas","tag-hungarian","tag-magyar","tag-mavir","tag-news","tag-trafo","tag-vilag","tag-villany","tag-villanyvezetek","tag-world","tag-world-news"],"share_on_mastodon":{"url":"https:\/\/pubeurope.com\/@hu\/117034538140083877","error":""},"_links":{"self":[{"href":"https:\/\/www.europesays.com\/hu\/wp-json\/wp\/v2\/posts\/195652","targetHints":{"allow":["GET"]}}],"collection":[{"href":"https:\/\/www.europesays.com\/hu\/wp-json\/wp\/v2\/posts"}],"about":[{"href":"https:\/\/www.europesays.com\/hu\/wp-json\/wp\/v2\/types\/post"}],"author":[{"embeddable":true,"href":"https:\/\/www.europesays.com\/hu\/wp-json\/wp\/v2\/users\/2"}],"replies":[{"embeddable":true,"href":"https:\/\/www.europesays.com\/hu\/wp-json\/wp\/v2\/comments?post=195652"}],"version-history":[{"count":0,"href":"https:\/\/www.europesays.com\/hu\/wp-json\/wp\/v2\/posts\/195652\/revisions"}],"wp:featuredmedia":[{"embeddable":true,"href":"https:\/\/www.europesays.com\/hu\/wp-json\/wp\/v2\/media\/195653"}],"wp:attachment":[{"href":"https:\/\/www.europesays.com\/hu\/wp-json\/wp\/v2\/media?parent=195652"}],"wp:term":[{"taxonomy":"category","embeddable":true,"href":"https:\/\/www.europesays.com\/hu\/wp-json\/wp\/v2\/categories?post=195652"},{"taxonomy":"post_tag","embeddable":true,"href":"https:\/\/www.europesays.com\/hu\/wp-json\/wp\/v2\/tags?post=195652"}],"curies":[{"name":"wp","href":"https:\/\/api.w.org\/{rel}","templated":true}]}}