{"id":196335,"date":"2026-08-04T14:40:08","date_gmt":"2026-08-04T14:40:08","guid":{"rendered":"https:\/\/www.europesays.com\/hu\/196335\/"},"modified":"2026-08-04T14:40:08","modified_gmt":"2026-08-04T14:40:08","slug":"wolf-kati-a-valasa-utan-igy-osztozott-a-vagyonon","status":"publish","type":"post","link":"https:\/\/www.europesays.com\/hu\/196335\/","title":{"rendered":"Wolf Kati a v\u00e1l\u00e1sa ut\u00e1n \u00edgy osztozott a vagyonon"},"content":{"rendered":"<p>Wolf Kati a napokban ny\u00edltan besz\u00e9lt <a href=\"https:\/\/nlc.hu\/sztarok\/20190814\/wolf-kati-erdodi-akos-csaba-valas-20-ev-utan-elkoltozott-gyerekek\/\" rel=\"nofollow noopener\" target=\"_blank\">h\u00e1zass\u00e1ga v\u00e9g\u00e9r\u0151l<\/a> \u00e9s a v\u00e1l\u00e1s ut\u00e1ni id\u0151szakr\u00f3l \u2013 szeml\u00e9zte a <a href=\"https:\/\/story.hu\/napi-friss\/2026\/08\/04\/wolf-kati-valas-penz-exferj\/89fy63z?utm_term=Autofeed&amp;utm_medium=Social&amp;utm_source=Facebook&amp;fbclid=IwY2xjawTeuGBwZG9mBWV4dG4DYWVtAjExAHNydGMGYXBwX2lkEDIyMjAzOTE3ODgyMDA4OTIAAR6JU882dJEsplPiKvPpguWVq6xVg9pj8qG292MMNOodaNNHnSpAKsAYggMN1g_aem_GElyPXhE5BGJ-beQlpYayg#Echobox=1785845164\" target=\"_blank\" rel=\"noopener noreferrer nofollow\">story.hu<\/a>. Az \u00e9nekesn\u0151 kor\u00e1bban m\u00e1r el\u00e1rulta, hogy b\u00e1r a kapcsolatuk utols\u00f3 id\u0151szak\u00e1ban sok fesz\u00fclts\u00e9g \u00e9s vita volt k\u00f6zte \u00e9s volt f\u00e9rje k\u00f6z\u00f6tt, m\u00e1ra siker\u00fclt rendezni\u00fck a viszonyukat, \u00e9s a gyerekeik miatt is fontosnak tartj\u00e1k, hogy j\u00f3 kapcsolatban maradjanak. Most az is kider\u00fclt, hogy a n\u00e9zetelt\u00e9r\u00e9sek h\u00e1tter\u00e9ben nem a p\u00e9nz vagy a vagyonmegoszt\u00e1s \u00e1llt.<\/p>\n<p>Wolf Kati az \u00c9n \u00e9s a p\u00e9nz c\u00edm\u0171 YouTube-m\u0171sor vend\u00e9gek\u00e9nt mes\u00e9lt arr\u00f3l, hogyan zajlott a v\u00e1l\u00e1sa, \u00e9s azt is elmondta, hogy anyagi k\u00e9rd\u00e9sekben siker\u00fclt <a href=\"https:\/\/nlc.hu\/tv_sztarok\/20241102\/wolf-kati-volt-ferjerol-mai-napig-beszelunk\/\" rel=\"nofollow noopener\" target=\"_blank\">b\u00e9k\u00e9s meg\u00e1llapod\u00e1sra jutniuk<\/a>.<\/p>\n<p>Nem volt h\u00e1zass\u00e1gi szerz\u0151d\u00e9s\u00fcnk, \u00e9s nem veszekedt\u00fcnk. M\u00e1rmint volt veszeked\u00e9s, de nem az anyagiak miatt. Elhat\u00e1roztuk, hogy a gyerekek miatt fontos, hogy j\u00f3ban legy\u00fcnk. Az is fontos, hogy \u0151 norm\u00e1lisan tudjon \u00e9lni, \u00e9s \u00e9n is. Addig mindent egy\u00fctt \u00e9p\u00edtett\u00fcnk, \u00e9s mindent felesben is fizett\u00fcnk<\/p>\n<p>\u2013 fogalmazott az \u00e9nekesn\u0151. Hangs\u00falyozta, hogy eg\u00e9sz \u00e9let\u00e9ben <a href=\"https:\/\/nlc.hu\/sztarok\/20191203\/wolf-kati-bababarat-hivatas-karrier-csalad\/\" rel=\"nofollow noopener\" target=\"_blank\">fontos volt sz\u00e1m\u00e1ra az \u00f6n\u00e1ll\u00f3s\u00e1g<\/a>, \u00e9s soha nem sz\u00e1m\u00edtott arra, hogy egy p\u00e1rkapcsolatban majd m\u00e1s tartja el.<\/p>\n<p>Engem soha egy f\u00e9rfi sem tartott el, aki mellettem volt. Erre nagyon b\u00fcszke vagyok. Teh\u00e1t sajnos nem volt olyan, hogy \u2019Dr\u00e1g\u00e1m, itt van egy no limit k\u00e1rtya, legy\u00e9l j\u00f3l!\u2019 De m\u00e9g lehet, hogy lesz ilyen, nem tudom<\/p>\n<p>\u2013 mondta nevetve. Az \u00e9nekesn\u0151 hozz\u00e1tette, hogy mindig maga dolgozott meg az\u00e9rt, amije van. A v\u00e1l\u00e1s ut\u00e1n a k\u00f6z\u00f6s otthon k\u00e9rd\u00e9s\u00e9t is siker\u00fclt rendezni\u00fck: a lak\u00e1sban v\u00e9g\u00fcl <a href=\"https:\/\/nlc.hu\/sztarok\/20220311\/wolf-kati-vallomas-exferj-viszonyuk\/\" rel=\"nofollow noopener\" target=\"_blank\">volt f\u00e9rje maradt<\/a>, aki kifizette Kati r\u00e9sz\u00e9t. \u201eAnnak a fel\u00e9t kifizette. Majd vettem fel hitelt, \u00e9s mentem tov\u00e1bb\u201d \u2013 mes\u00e9lte.<\/p>\n<p><img fetchpriority=\"high\" decoding=\"async\" class=\"img-responsive alignnone size-full wp-image-2167570\" src=\"https:\/\/www.europesays.com\/hu\/wp-content\/uploads\/2026\/08\/wolf-kati.jpg\" alt=\"wolf kati\" width=\"1280\" height=\"720\"   style=\"; margin-bottom: 0;\" loading=\"lazy\"\/>(Forr\u00e1s: \u00c9n \u00e9s a p\u00e9nz podcast)<\/p>\n<p>\u201eNagyon gyorsan fel\u00e9led, amit f\u00e9lreraksz\u201d<\/p>\n<p>A v\u00e1l\u00e1s id\u0151szaka azonban nem volt egyszer\u0171 sz\u00e1m\u00e1ra, hiszen nem sokkal k\u00e9s\u0151bb a koronav\u00edrus-j\u00e1rv\u00e1ny is komoly neh\u00e9zs\u00e9geket hozott. A fell\u00e9p\u00e9sek elmaradtak, a bev\u00e9telei jelent\u0151sen cs\u00f6kkentek, \u00edgy megtapasztalta, milyen gyorsan elfogyhat az addig f\u00e9lretett p\u00e9nz. \u201eNagyon gyorsan fel\u00e9led azt, amit f\u00e9lreraksz\u2026 Ezt tudjuk, pl\u00e1ne, ha nem j\u00f6n be semmi\u201d \u2013 mondta.<\/p>\n<p>A neh\u00e9z helyzetben \u00faj lehet\u0151s\u00e9geket keresett, \u00e9s egyre komolyabban kezdett foglalkozni az \u00e9nektan\u00edt\u00e1ssal is. Ez az\u00f3ta is fontos r\u00e9sze az \u00e9let\u00e9nek: a debreceni egyetemen oktat\u00f3k\u00e9nt dolgozik, ahol fiatalokat tan\u00edt. \u201eElkezdtem sokkal komolyabban tan\u00edtani. Most ez egy m\u00e1sik l\u00e1b, amin az\u00f3ta \u00e1llok\u2026 F\u00e9l\u00e1ll\u00e1sban ott dolgozom mint \u00e9nektan\u00e1r. Fiatalokkal foglalkozom, \u00e9s minden h\u00e9ten lej\u00e1rok Debrecenbe\u201d \u2013 \u00e1rulta el.<\/p>\n<p>B\u00e1r azt nem mondta el pontosan, mennyit keres egyetemi oktat\u00f3k\u00e9nt, azt el\u00e1rulta, hogy szeretne el\u0151rel\u00e9pni ezen a ter\u00fcleten. Ennek \u00e9rdek\u00e9ben hamarosan \u00fajra hallgat\u00f3i szerepbe ker\u00fcl. \u201eMost megyek mesterk\u00e9pz\u00e9sre, hogy jobb legyen a besorol\u00e1som\u2026 Szeptembert\u0151l vissza\u00fcl\u00f6k az iskolapadba: a debreceni egyetemre megyek \u00e9nek szakra mesterk\u00e9pz\u00e9sre\u201d \u2013 mes\u00e9lte, hozz\u00e1t\u00e9ve, hogy ak\u00e1r a doktori fokozat megszerz\u00e9s\u00e9t is elk\u00e9pzelhet\u0151nek tartja.<\/p>\n","protected":false},"excerpt":{"rendered":"Wolf Kati a napokban ny\u00edltan besz\u00e9lt h\u00e1zass\u00e1ga v\u00e9g\u00e9r\u0151l \u00e9s a v\u00e1l\u00e1s ut\u00e1ni id\u0151szakr\u00f3l \u2013 szeml\u00e9zte a story.hu. Az&hellip;\n","protected":false},"author":2,"featured_media":196336,"comment_status":"","ping_status":"","sticky":false,"template":"","format":"standard","meta":{"footnotes":"","_share_on_mastodon":"0"},"categories":[21],"tags":[198,137,199,44,42,40,43,41,138,235,3994,614,6924],"class_list":["post-196335","post","type-post","status-publish","format-standard","has-post-thumbnail","category-hiressegek","tag-celebrities","tag-entertainment","tag-hiressegek","tag-hu","tag-hungarian","tag-hungary","tag-magyar","tag-magyarorszag","tag-szorakozas","tag-sztarok","tag-vagyon","tag-valas","tag-wolf-kati"],"share_on_mastodon":{"url":"https:\/\/pubeurope.com\/@hu\/117037762509651471","error":""},"_links":{"self":[{"href":"https:\/\/www.europesays.com\/hu\/wp-json\/wp\/v2\/posts\/196335","targetHints":{"allow":["GET"]}}],"collection":[{"href":"https:\/\/www.europesays.com\/hu\/wp-json\/wp\/v2\/posts"}],"about":[{"href":"https:\/\/www.europesays.com\/hu\/wp-json\/wp\/v2\/types\/post"}],"author":[{"embeddable":true,"href":"https:\/\/www.europesays.com\/hu\/wp-json\/wp\/v2\/users\/2"}],"replies":[{"embeddable":true,"href":"https:\/\/www.europesays.com\/hu\/wp-json\/wp\/v2\/comments?post=196335"}],"version-history":[{"count":0,"href":"https:\/\/www.europesays.com\/hu\/wp-json\/wp\/v2\/posts\/196335\/revisions"}],"wp:featuredmedia":[{"embeddable":true,"href":"https:\/\/www.europesays.com\/hu\/wp-json\/wp\/v2\/media\/196336"}],"wp:attachment":[{"href":"https:\/\/www.europesays.com\/hu\/wp-json\/wp\/v2\/media?parent=196335"}],"wp:term":[{"taxonomy":"category","embeddable":true,"href":"https:\/\/www.europesays.com\/hu\/wp-json\/wp\/v2\/categories?post=196335"},{"taxonomy":"post_tag","embeddable":true,"href":"https:\/\/www.europesays.com\/hu\/wp-json\/wp\/v2\/tags?post=196335"}],"curies":[{"name":"wp","href":"https:\/\/api.w.org\/{rel}","templated":true}]}}