{"id":19638,"date":"2026-03-08T21:18:07","date_gmt":"2026-03-08T21:18:07","guid":{"rendered":"https:\/\/www.europesays.com\/hu\/19638\/"},"modified":"2026-03-08T21:18:07","modified_gmt":"2026-03-08T21:18:07","slug":"ukrajna-az-eu-ellenorzo-szerveitol-ker-vizsgalatot-a-penzszallitoktol-magyarorszagon-lefoglalt-vagyona-miatt","status":"publish","type":"post","link":"https:\/\/www.europesays.com\/hu\/19638\/","title":{"rendered":"Ukrajna az EU ellen\u0151rz\u0151 szerveit\u0151l k\u00e9r vizsg\u00e1latot a p\u00e9nzsz\u00e1ll\u00edt\u00f3kt\u00f3l Magyarorsz\u00e1gon lefoglalt vagyona miatt"},"content":{"rendered":"<p>Ukrajna az Eur\u00f3pai Uni\u00f3 p\u00e9nz\u00fcgyi \u00e9s ellen\u0151rz\u0151 szerveihez fordul az Oscsadbank ukr\u00e1n \u00e1llami bank Magyarorsz\u00e1gon lefoglalt vagyona \u00fcgy\u00e9ben \u2013 <a href=\"https:\/\/www.facebook.com\/pyshnyy\/posts\/pfbid0gbDZKv8GSQ7LpwPqCWFUWeeCYSPMJVUPZFkPbwkfmvysHD6r94HLBE5uK3PzfqaNl\" target=\"_blank\" rel=\"nofollow noopener\">jelentette be<\/a> vas\u00e1rnap Andrij Pisnij, az Ukr\u00e1n Nemzeti Bank eln\u00f6ke. Az ukr\u00e1n \u00e1llami tulajdon\u00fa p\u00e9nzint\u00e9zet szerint illeg\u00e1lisan foglalt\u00e1k le a magyar hat\u00f3s\u00e1gok a vagyont, \u00e9s <a href=\"https:\/\/telex.hu\/gazdasag\/2026\/03\/08\/oscsadbank-ukrajna-allami-bank-magyarorszag-tek-nav\" rel=\"nofollow noopener\" target=\"_blank\">vissza is k\u00f6vetelik<\/a> azt. Az ukr\u00e1n jegybankeln\u00f6k Magyarorsz\u00e1got arra k\u00e9rte, t\u00e1mogassa a f\u00fcggetlen vizsg\u00e1lat elv\u00e9gz\u00e9s\u00e9t.<\/p>\n<p>\u201eAz Eur\u00f3pai K\u00f6zponti Bank vezet\u00e9s\u00e9hez, az Osztr\u00e1k K\u00f6zponti Bankhoz, az Eur\u00f3pai Bizotts\u00e1g P\u00e9nz\u00fcgyi Stabilit\u00e1s, a P\u00e9nz\u00fcgyi Szolg\u00e1ltat\u00e1sok \u00e9s a T\u0151kepiaci Uni\u00f3 F\u0151igazgat\u00f3s\u00e1g\u00e1hoz, az EU k\u00fcl\u00fcgyi \u00e9s biztons\u00e1gpolitikai f\u0151k\u00e9pvisel\u0151j\u00e9hez \u00e9s m\u00e1sokhoz fogunk fordulni\u201d \u2013 \u00edrta Pisnij a Facebook-oldal\u00e1n.<\/p>\n<p>\u201eOlyan helyzetbe ker\u00fclt\u00fcnk, amikor a konzul nem juthat el az orsz\u00e1g\u00e1nak \u00e1llampolg\u00e1raihoz, az \u00fcgyv\u00e9d nem f\u00e9r hozz\u00e1 \u00fcgyfeleihez, politikai nyilatkozatok hangzanak el mindenf\u00e9le meger\u0151s\u00edt\u00e9s n\u00e9lk\u00fcl, \u00e9s a lej\u00e1rat\u00e1s lesz a f\u0151 c\u00e9l \u2013 ilyen cselekm\u00e9nyek nem maradhatnak megfelel\u0151 \u00e9rt\u00e9kel\u00e9s n\u00e9lk\u00fcl\u201d \u2013 \u00edrta a jegybankeln\u00f6k.<\/p>\n<p>A h\u00e9t elfogott ukr\u00e1n \u00e1llampolg\u00e1rt, akik a p\u00e9nzsz\u00e1ll\u00edt\u00e1sban r\u00e9szt vettek, <a href=\"https:\/\/telex.hu\/belfold\/2026\/03\/07\/ukran-penszallito-ugyved-raiffeisen-bank-lefoglalas-simaszk-bilincs\" rel=\"nofollow noopener\" target=\"_blank\">ford\u00edtott s\u00edmaszkban \u00e9s bilincsben vitt\u00e9k el<\/a> a TEK \u00e9s a NAV kommand\u00f3sai. \u201eZs\u00e1kot h\u00faztak a fej\u00fckre, \u00e9s \u00fagy sz\u00e1ll\u00edtott\u00e1k \u0151ket, mint a legvesz\u00e9lyesebb terrorist\u00e1kat, annak ellen\u00e9re, hogy nem gyan\u00fas\u00edtott\u00e1k meg \u0151ket semmivel\u201d \u2013 mondta az ukr\u00e1nok \u00fcgyv\u00e9dje, aki szerint semmi szokatlan nem volt abban a sz\u00e1ll\u00edtm\u00e1nyban, amit Ausztri\u00e1b\u00f3l Ukrajn\u00e1ba akartak eljuttatni a p\u00e9nzsz\u00e1ll\u00edt\u00f3k.<\/p>\n<p>Az ukr\u00e1n jegybankeln\u00f6k vas\u00e1rnap azt \u00edrta, hogy az incidensnek megfelel\u0151 jogi \u00e9rt\u00e9kel\u00e9st \u00e9s v\u00e1laszreakci\u00f3t kell kapnia az eur\u00f3pai k\u00f6z\u00f6ss\u00e9g r\u00e9sz\u00e9r\u0151l. Pisnij szerint \u201eaz Oscsadbank nem s\u00e9rtette meg a t\u00f6rv\u00e9nyeket, alkalmazottai pedig nemzetk\u00f6zi szerz\u0151d\u00e9sek keret\u00e9ben \u00e9s t\u00f6rv\u00e9nyes alapon v\u00e9gezt\u00e9k munk\u00e1jukat\u201d.<\/p>\n<p>Ukrajna f\u00fcggetlen ellen\u0151rz\u00e9st fog kezdem\u00e9nyezni, ami a p\u00e9nzeszk\u00f6z\u00f6k \u00e9s \u00e9rt\u00e9kek sz\u00e1ll\u00edt\u00e1s\u00e1ban r\u00e9szt vev\u0151 felek szerz\u0151d\u00e9ses kapcsolataira is kiterjed. A jegybankeln\u00f6k k\u00f6z\u00f6lte, hogy egy nemzetk\u00f6zi c\u00e9get fognak megb\u00edzni az ellen\u0151rz\u00e9s elv\u00e9gz\u00e9s\u00e9vel. \u201eK\u00fcl\u00f6n szeretn\u00e9m felk\u00e9rni a magyar felet, hogy t\u00e1mogassa a f\u00fcggetlen ellen\u0151rz\u00e9st. P\u00e9ld\u00e1ul az Eur\u00f3pai Bizotts\u00e1g f\u00fcggetlen, harmadik f\u00e9lk\u00e9nt l\u00e9phetne fel az incidens \u00f6sszes k\u00f6r\u00fclm\u00e9ny\u00e9nek objekt\u00edv \u00e9s p\u00e1rtatlan kivizsg\u00e1l\u00e1sa \u00e9rdek\u00e9ben.\u201d<\/p>\n<p>Az ukr\u00e1n p\u00e9nzsz\u00e1ll\u00edt\u00f3k cs\u00fct\u00f6rt\u00f6ki elfog\u00e1sa tov\u00e1bb fokozta az egy\u00e9bk\u00e9nt is fesz\u00fclt magyar\u2013ukr\u00e1n kapcsolatokat. Az ukr\u00e1n k\u00fcl\u00fcgyminiszter, Andrij Szibiha \u00fagy fogalmazott, hogy <a href=\"https:\/\/telex.hu\/kulfold\/2026\/03\/06\/urkan-kulugyminiszter-magyar-hatosagok-elfogas-vad\" rel=\"nofollow noopener\" target=\"_blank\">a magyar hat\u00f3s\u00e1gok \u201egyakorlatilag t\u00faszul ejtett\u00e9k\u201d<\/a> az ukr\u00e1n \u00e1llami takar\u00e9kbank alkalmazottait. A miniszter Magyarorsz\u00e1g elleni <a href=\"https:\/\/telex.hu\/kulfold\/2026\/03\/06\/ukrajna-andrij-szibiha-szankciok\" rel=\"nofollow noopener\" target=\"_blank\">szankci\u00f3kat is emlegetett<\/a>, amikor arr\u00f3l posztolt, hogy felel\u0151ss\u00e9gre lesznek vonva, akik az akci\u00f3 m\u00f6g\u00f6tt \u00e1llnak.<\/p>\n","protected":false},"excerpt":{"rendered":"Ukrajna az Eur\u00f3pai Uni\u00f3 p\u00e9nz\u00fcgyi \u00e9s ellen\u0151rz\u0151 szerveihez fordul az Oscsadbank ukr\u00e1n \u00e1llami bank Magyarorsz\u00e1gon lefoglalt vagyona \u00fcgy\u00e9ben&hellip;\n","protected":false},"author":2,"featured_media":19289,"comment_status":"","ping_status":"","sticky":false,"template":"","format":"standard","meta":{"footnotes":"","_share_on_mastodon":"0"},"categories":[6],"tags":[10662,1118,44,42,40,10660,64,43,41,10661,9882,58,4757],"class_list":["post-19638","post","type-post","status-publish","format-standard","has-post-thumbnail","category-magyarorszag","tag-andrij-pisnij","tag-bank","tag-hu","tag-hungarian","tag-hungary","tag-konvoj","tag-kulfold","tag-magyar","tag-magyarorszag","tag-oscsadbank","tag-penzszallito","tag-ukrajna","tag-vizsgalat"],"share_on_mastodon":{"url":"https:\/\/pubeurope.com\/@hu\/116195642813123669","error":""},"_links":{"self":[{"href":"https:\/\/www.europesays.com\/hu\/wp-json\/wp\/v2\/posts\/19638","targetHints":{"allow":["GET"]}}],"collection":[{"href":"https:\/\/www.europesays.com\/hu\/wp-json\/wp\/v2\/posts"}],"about":[{"href":"https:\/\/www.europesays.com\/hu\/wp-json\/wp\/v2\/types\/post"}],"author":[{"embeddable":true,"href":"https:\/\/www.europesays.com\/hu\/wp-json\/wp\/v2\/users\/2"}],"replies":[{"embeddable":true,"href":"https:\/\/www.europesays.com\/hu\/wp-json\/wp\/v2\/comments?post=19638"}],"version-history":[{"count":0,"href":"https:\/\/www.europesays.com\/hu\/wp-json\/wp\/v2\/posts\/19638\/revisions"}],"wp:featuredmedia":[{"embeddable":true,"href":"https:\/\/www.europesays.com\/hu\/wp-json\/wp\/v2\/media\/19289"}],"wp:attachment":[{"href":"https:\/\/www.europesays.com\/hu\/wp-json\/wp\/v2\/media?parent=19638"}],"wp:term":[{"taxonomy":"category","embeddable":true,"href":"https:\/\/www.europesays.com\/hu\/wp-json\/wp\/v2\/categories?post=19638"},{"taxonomy":"post_tag","embeddable":true,"href":"https:\/\/www.europesays.com\/hu\/wp-json\/wp\/v2\/tags?post=19638"}],"curies":[{"name":"wp","href":"https:\/\/api.w.org\/{rel}","templated":true}]}}