{"id":197918,"date":"2026-08-05T21:47:07","date_gmt":"2026-08-05T21:47:07","guid":{"rendered":"https:\/\/www.europesays.com\/hu\/197918\/"},"modified":"2026-08-05T21:47:07","modified_gmt":"2026-08-05T21:47:07","slug":"ujabb-aramszunetek-jonnek-itt-kell-most-felkeszulni-economx-hu","status":"publish","type":"post","link":"https:\/\/www.europesays.com\/hu\/197918\/","title":{"rendered":"\u00dajabb \u00e1ramsz\u00fcnetek j\u00f6nnek: itt kell most felk\u00e9sz\u00fclni &#8211; Economx.hu"},"content":{"rendered":"<p><a href=\"https:\/\/news.google.com\/rss\/articles\/CBMihAFBVV95cUxQal9HN09BYWM5aEtrRTdVWF90WkFWWE41RXIwYllhTVpLLXlFVVBTbkdMMDRSUXJxQWJQTUN4VlU1NFVsaXFISk10WDQzcHpTT1VNT2d0UFdNNzVzQkYtamJQcm9MVU5wNE1lMVBYUmJSVHZZUTU5eS13Wk1EVS1mYU8wZnU?oc=5\" target=\"_blank\" rel=\"nofollow noopener\">\u00dajabb \u00e1ramsz\u00fcnetek j\u00f6nnek: itt kell most felk\u00e9sz\u00fclni<\/a>&nbsp;&nbsp;Economx.hu<a href=\"https:\/\/news.google.com\/rss\/articles\/CBMi0AFBVV95cUxORTNxaGNrWGQxQmYtd2VuN3dvNFUyb2JPeWNkV2RRekkzUnVsdUhHRXk3eWZTZlBCUXlTcjBETnJfSGF1THFPMnJvaWFaWWM4cE5WU1Z3ME9sQjNnSC1TbGpPcWRpR0c5VmNxYndscHNEZHQxVmd1S0xvb25OZDZiSTJIdXpQM2VsQkYyY3pqemI5OTg4Q0FiT3RoT3Y0SHpwUzVnVXRUdnZNUG9md1VvWlpFTV9LcUU5MFVmelZoVndZRkxBR3B6Y3dlUGY1amRp?oc=5\" target=\"_blank\" rel=\"nofollow noopener\">Belf\u00f6ld &#8211; Orsz\u00e1gszerte t\u00f6bb helyen \u00e1ramsz\u00fcnet v\u00e1rhat\u00f3, az MVM k\u00f6z\u00f6lte a r\u00e9szleteket<\/a>&nbsp;&nbsp;Index.hu<a href=\"https:\/\/news.google.com\/rss\/articles\/CBMie0FVX3lxTFByQThOZVhOZjVzcW1HT0RKS0d6aWhxdjRUOWFIYjFTTzZwcklvU1JhOUQ2anp1M19icU0zM1B3VlduVDVSZk0tTUEtMVlubzg5VElhTEVvOTJocGlkZVZmeDVlWUZtb1R6STBGVFRpQ0NLX0didDljc3NQTQ?oc=5\" target=\"_blank\" rel=\"nofollow noopener\">\u00c1ramsz\u00fcnetek j\u00f6nnek az orsz\u00e1gban a h\u00e9ten: ezek a telep\u00fcl\u00e9sek \u00e9rintettek<\/a>&nbsp;&nbsp;Femina.hu<a href=\"https:\/\/news.google.com\/rss\/articles\/CBMimgFBVV95cUxQNXc5RlozWmdNa2o3VjFEMU9KcGppUnZBbWVyUmJlNzREUExZWWVFaWhQRFMxdkV3cXBnbjQxLXFPRllTTHVOaEFvNG03OGNlV1l1ejNYSmhVaEM4NUxpcVV6czhzNjBfOTdBc3p0Q1BxeVhfM3ZmOWkyOGVsZnpBNU5rQ3FkSk1pSkVzRHV5cWhOeGxGRmVOS0tn0gGfAUFVX3lxTE9YMkczVVk4OTNiamFMV2RxVE54ekcwb2ZJTEhQTTRPUlY3Rm1IN3VGMVU0TF9rYnZIdWFwdEh3ZGd5ZDNKeG9LeW5WbWtWQnRrVGJja1FKbkNWUkdrQnRGWlRNN0R2SF9GRTVPMkVOa1o0YUt3NmkzY1VpOGxVWmM2QXZEVXFtUXRqd0hnNUxDaDRFZmVmcF9xcWFYMnZTbw?oc=5\" target=\"_blank\" rel=\"nofollow noopener\">Ezeken a telep\u00fcl\u00e9seken r\u00e9szleges \u00e1ramsz\u00fcnet v\u00e1rhat\u00f3<\/a>&nbsp;&nbsp;Infostart<a href=\"https:\/\/news.google.com\/rss\/articles\/CBMiuwFBVV95cUxQV2pSU09rZG00NEJ3S3JDaldObnczT2tGbnlSY0pyRFJralFnWjBYUjhGVi15Z2pYZndLbllORGpYSGI2cURud1hEZXdrMWVQUnhKejFTeVBlaGE1d1RrZnZNODJFa2dXcVl0S2FVN01IYW53V29IZEFSYnIzckNSa1pKWWMyQnJCaDB2RTNETjY0eHkwMWZOMElNd1Y2RHA5eXdSbDNUdDlWdFZFWV90Q0xUeFBjVFJiVmdz?oc=5\" target=\"_blank\" rel=\"nofollow noopener\">Nincs v\u00e9ge! A 40 fokos k\u00e1nikul\u00e1ban \u00f3r\u00e1kig nem lesz \u00e1ram ezeken a telep\u00fcl\u00e9seken<\/a>&nbsp;&nbsp;Blikk<\/p>\n","protected":false},"excerpt":{"rendered":"\u00dajabb \u00e1ramsz\u00fcnetek j\u00f6nnek: itt kell most felk\u00e9sz\u00fclni&nbsp;&nbsp;Economx.huBelf\u00f6ld &#8211; Orsz\u00e1gszerte t\u00f6bb helyen \u00e1ramsz\u00fcnet v\u00e1rhat\u00f3, az MVM k\u00f6z\u00f6lte a r\u00e9szleteket&nbsp;&nbsp;Index.hu\u00c1ramsz\u00fcnetek&hellip;\n","protected":false},"author":2,"featured_media":197919,"comment_status":"","ping_status":"","sticky":false,"template":"","format":"standard","meta":{"footnotes":"","_share_on_mastodon":"0"},"categories":[6],"tags":[1321,44,42,40,6677,43,41,43221],"class_list":["post-197918","post","type-post","status-publish","format-standard","has-post-thumbnail","category-magyarorszag","tag-aramszunet","tag-hu","tag-hungarian","tag-hungary","tag-karbantartas","tag-magyar","tag-magyarorszag","tag-mvm_next"],"share_on_mastodon":{"url":"","error":""},"_links":{"self":[{"href":"https:\/\/www.europesays.com\/hu\/wp-json\/wp\/v2\/posts\/197918","targetHints":{"allow":["GET"]}}],"collection":[{"href":"https:\/\/www.europesays.com\/hu\/wp-json\/wp\/v2\/posts"}],"about":[{"href":"https:\/\/www.europesays.com\/hu\/wp-json\/wp\/v2\/types\/post"}],"author":[{"embeddable":true,"href":"https:\/\/www.europesays.com\/hu\/wp-json\/wp\/v2\/users\/2"}],"replies":[{"embeddable":true,"href":"https:\/\/www.europesays.com\/hu\/wp-json\/wp\/v2\/comments?post=197918"}],"version-history":[{"count":0,"href":"https:\/\/www.europesays.com\/hu\/wp-json\/wp\/v2\/posts\/197918\/revisions"}],"wp:featuredmedia":[{"embeddable":true,"href":"https:\/\/www.europesays.com\/hu\/wp-json\/wp\/v2\/media\/197919"}],"wp:attachment":[{"href":"https:\/\/www.europesays.com\/hu\/wp-json\/wp\/v2\/media?parent=197918"}],"wp:term":[{"taxonomy":"category","embeddable":true,"href":"https:\/\/www.europesays.com\/hu\/wp-json\/wp\/v2\/categories?post=197918"},{"taxonomy":"post_tag","embeddable":true,"href":"https:\/\/www.europesays.com\/hu\/wp-json\/wp\/v2\/tags?post=197918"}],"curies":[{"name":"wp","href":"https:\/\/api.w.org\/{rel}","templated":true}]}}