{"id":198530,"date":"2026-08-06T11:41:12","date_gmt":"2026-08-06T11:41:12","guid":{"rendered":"https:\/\/www.europesays.com\/hu\/198530\/"},"modified":"2026-08-06T11:41:12","modified_gmt":"2026-08-06T11:41:12","slug":"peldatlan-ami-az-olasz-tengerparton-tortenik-elkezdtek-a-fizetos-strandok-felszabaditasat","status":"publish","type":"post","link":"https:\/\/www.europesays.com\/hu\/198530\/","title":{"rendered":"P\u00e9ld\u00e1tlan, ami az olasz tengerparton t\u00f6rt\u00e9nik: elkezdt\u00e9k a fizet\u0151s strandok felszabad\u00edt\u00e1s\u00e1t"},"content":{"rendered":"<p>\t\t\t\t\t\t\t<a class=\"m-article__categoryLink\" href=\"https:\/\/www.startlap.hu\/utazas\/vilag\/\" rel=\"nofollow noopener\" target=\"_blank\">Vil\u00e1g<\/a><\/p>\n<p>\t\t\t\t\t\t\t\t2026. augusztus 06.\t\t\t\t\t\t\t<\/p>\n<p>\t\t\t\t\t\t\t\t<a class=\"m-article__categoryLink\" href=\"https:\/\/www.startlap.hu\/utazas\/vilag\/\" rel=\"nofollow noopener\" target=\"_blank\">Vil\u00e1g<\/a><\/p>\n<p>\t\t\t\t\t\t\t\t\t 2026. augusztus 06.\t\t\t\t\t\t\t\t<\/p>\n<p>\n\t\t\t\t\t\t\t\tOlaszorsz\u00e1g t\u00f6bb partszakaszon is nekil\u00e1tott a mag\u00e1nk\u00e9zben m\u0171k\u00f6d\u0151 strandl\u00e9tes\u00edtm\u00e9nyek \u00e1talak\u00edt\u00e1s\u00e1nak, egyes helyeken pedig m\u00e1r be is z\u00e1rtak vagy lebontottak n\u00e9pszer\u0171 beach clubokat. Mi lesz ezek hely\u00e9n? \u00c9s mit jelent ez a nyaral\u00f3kra n\u00e9zve? Cikk\u00fcnkb\u0151l kider\u00fcl.\t\t\t\t\t\t\t<\/p>\n<p>Az <a href=\"https:\/\/www.startlap.hu\/utazas\/strandolasi-tilalom-puglia-olaszorszag\/\" target=\"_blank\" rel=\"noopener nofollow\">olasz tengerpart<\/a> sokak sz\u00e1m\u00e1ra egyet jelent a <a href=\"https:\/\/www.startlap.hu\/utazas\/szardinia-strand-napernyo-korlatozas\/\" target=\"_blank\" rel=\"noopener nofollow\">naperny\u0151k<\/a> szab\u00e1lyos soraival, a b\u00e9relhet\u0151 nap\u00e1gyakkal \u00e9s a beach clubok (\u2018fizet\u0151s strandok\u2019, olaszul: stabilimento balneare) k\u00e9nyelmi szolg\u00e1ltat\u00e1saival. Ez a k\u00e9p azonban a k\u00f6vetkez\u0151 \u00e9vekben fokozatosan megv\u00e1ltozhat. A c\u00e9l az, hogy ism\u00e9t nagyobb ter\u00fclet jusson a mindenki sz\u00e1m\u00e1ra szabadon haszn\u00e1lhat\u00f3 strandoknak.<\/p>\n<p>A v\u00e1ltoz\u00e1sok nemcsak az olaszokat \u00e9rintik, hanem azt a t\u00f6bb milli\u00f3 turist\u00e1t is, akik minden ny\u00e1ron az orsz\u00e1g tengerpartjait v\u00e1lasztj\u00e1k \u00fati c\u00e9lk\u00e9nt.<\/p>\n<p>M\u00e1r nem minden a fizet\u0151s strand: \u00faj ir\u00e1nyt vesz a tengerpartok hasznos\u00edt\u00e1sa<\/p>\n<p><a href=\"https:\/\/www.startlap.hu\/utazas\/strandolasi-tilalom-puglia-olaszorszag\/\" target=\"_blank\" rel=\"noopener nofollow\">Olaszorsz\u00e1gban<\/a> hossz\u00fa \u00e9vtizedek \u00f3ta bevett gyakorlat, hogy a legn\u00e9pszer\u0171bb partszakaszok jelent\u0151s r\u00e9sz\u00e9t \u00fagynevezett beach clubok \u00fczemeltetik. Ezeken a helyeken a l\u00e1togat\u00f3k nap\u00e1gyat, naperny\u0151t, \u00f6lt\u00f6z\u0151t, zuhanyz\u00f3t, vend\u00e9gl\u00e1t\u00f3helyeket \u00e9s egy\u00e9b szolg\u00e1ltat\u00e1sokat vehetnek ig\u00e9nybe, t\u00f6bbnyire bel\u00e9p\u0151 vagy b\u00e9rleti d\u00edj ellen\u00e9ben.<\/p>\n<p>Az ut\u00f3bbi \u00e9vekben azonban egyre t\u00f6bb kritika \u00e9rte ezt a modellt. Sz\u00e1mos olasz r\u00e9gi\u00f3ban a strandok nagy r\u00e9sz\u00e9t fizet\u0151s szolg\u00e1ltat\u00e1sok foglalj\u00e1k el, mik\u00f6zben<\/p>\n<p>az ingyenesen haszn\u00e1lhat\u00f3 partszakaszok ar\u00e1nya sok helyen minim\u00e1lisra cs\u00f6kkent.<\/p>\n<p>A mostani int\u00e9zked\u00e9sek ezt az egyens\u00falyt pr\u00f3b\u00e1lj\u00e1k helyre\u00e1ll\u00edtani.<\/p>\n<p>Osti\u00e1ban m\u00e1r bontj\u00e1k az egyik legismertebb strandot<\/p>\n<p>A v\u00e1ltoz\u00e1s egyik legismertebb p\u00e9ld\u00e1ja Ostia, <a href=\"https:\/\/www.startlap.hu\/utazas\/trevi-kut-jegy-roma\/\" target=\"_blank\" rel=\"noopener nofollow\">R\u00f3ma<\/a> tengerparti v\u00e1rosr\u00e9sze, ahol megkezd\u0151d\u00f6tt a Shilling nev\u0171 strandl\u00e9tes\u00edtm\u00e9ny teljes elbont\u00e1sa \u2013 sz\u00e1molt be az osztr\u00e1k <a href=\"https:\/\/www.heute.at\/s\/jetzt-macht-italien-erste-strandbaeder-dicht-120233123\" target=\"_blank\" rel=\"noopener nofollow\">Heute<\/a>.<\/p>\n<p>A hat\u00f3s\u00e1gok kor\u00e1bban \u00e9p\u00edt\u00e9si szab\u00e1lytalans\u00e1gokra \u00e9s m\u00e1s jogi probl\u00e9m\u00e1kra hivatkozva foglalt\u00e1k le az ingatlant. A bont\u00e1s ut\u00e1n a tervek szerint olyan nyilv\u00e1nos strandszakaszt alak\u00edtanak ki, amelyet b\u00e1rki ingyenesen haszn\u00e1lhat.<\/p>\n<p>Nem ez az egyetlen eset. A szint\u00e9n Osti\u00e1ban m\u0171k\u00f6d\u0151 Village strandklub elvesz\u00edtette \u00fczemeltet\u00e9si jog\u00e1t, miut\u00e1n az \u00fczemeltet\u0151vel kapcsolatban maffiaellenes vizsg\u00e1lat indult. A m\u0171k\u00f6dtet\u00e9st ezt k\u00f6vet\u0151en egy sz\u00f6vetkezet vette \u00e1t.<\/p>\n<p>B\u00e1r ezek az \u00fcgyek r\u00e9szben egyedi k\u00f6r\u00fclm\u00e9nyek miatt t\u00f6rt\u00e9ntek, j\u00f3l mutatj\u00e1k, hogy az olasz tengerpartokon egy \u00faj szeml\u00e9let kezd kibontakozni.<\/p>\n<p>Mi \u00e1ll a v\u00e1ltoz\u00e1sok h\u00e1tter\u00e9ben?<\/p>\n<p>A folyamatnak t\u00f6bb oka is van.\u00a0Az egyik legfontosabb, hogy az olasz jog szerint a tengerpart alapvet\u0151en \u00e1llami tulajdon. Ez azt is jelenti, hogy a tengerhez val\u00f3 hozz\u00e1f\u00e9r\u00e9snek elvileg mindenki sz\u00e1m\u00e1ra biztos\u00edtottnak kell lennie.\u00a0Az elm\u00falt \u00e9vtizedekben azonban sz\u00e1mos partszakaszt hossz\u00fa id\u0151re ugyanazok a v\u00e1llalkoz\u00e1sok b\u00e9reltek, \u00edgy sok helyen a strandok jelent\u0151s r\u00e9sze fizet\u0151s \u00f6vezett\u00e9 v\u00e1lt.<\/p>\n<p>K\u00f6zben az <a href=\"https:\/\/www.startlap.hu\/utazas\/oraatallitas-nyari-idoszamitas-eltorles-olaszorszag\/\" target=\"_blank\" rel=\"noopener nofollow\">Eur\u00f3pai Uni\u00f3<\/a> is t\u00f6bbsz\u00f6r jelezte, hogy a strand\u00fczemeltet\u00e9si koncesszi\u00f3kat rendszeresen, \u00e1tl\u00e1that\u00f3 p\u00e1ly\u00e1zatokon kellene oda\u00edt\u00e9lni. A jelenlegi tervek szerint 2027-t\u0151l fokozatosan \u00faj rendszer l\u00e9phet \u00e9letbe, amely nagyobb versenyt \u00e9s \u00e1tl\u00e1that\u00f3bb m\u0171k\u00f6d\u00e9st hozhat.<\/p>\n<p><a href=\"https:\/\/www.startlap.hu\/utazas\/uploads\/sites\/3\/2026\/08\/tengerpart-ures-strand-napernyok.jpg\" rel=\"nofollow noopener\" target=\"_blank\"><img title=\"Italy Rome Ostia closed beach parasols and walkway - Startlap Utaz\u00e1s\" loading=\"lazy\" decoding=\"async\" class=\"size-article-size-large-image wp-image-111568\" src=\"https:\/\/www.europesays.com\/hu\/wp-content\/uploads\/2026\/08\/tengerpart-ures-strand-napernyok-755x421.jpg\" alt=\"\u00dcres tengerparti strand lecsukott s\u00e1rga naperny\u0151kkel.\" width=\"755\" height=\"421\"  \/><\/a>Sz\u00e1mos olasz r\u00e9gi\u00f3ban a strandok nagy r\u00e9sz\u00e9t fizet\u0151s szolg\u00e1ltat\u00e1sok foglalj\u00e1k el, mik\u00f6zben<br \/>az ingyenesen haszn\u00e1lhat\u00f3 partszakaszok ar\u00e1nya sok helyen minim\u00e1lisra cs\u00f6kkent. Fot\u00f3: Getty ImagesEzeken a helyeken is napirenden van az \u00e1talak\u00edt\u00e1s<\/p>\n<p>A vita m\u00e1r nemcsak Osti\u00e1t \u00e9rinti. T\u00f6bb n\u00e9pszer\u0171 tengerparti r\u00e9gi\u00f3ban is vizsg\u00e1lj\u00e1k, hogyan lehetne n\u00f6velni a k\u00f6zhaszn\u00e1lat\u00fa strandszakaszok ar\u00e1ny\u00e1t. A leggyakrabban emlegetett t\u00e9rs\u00e9gek k\u00f6z\u00f6tt szerepel:<\/p>\n<p>Liguria;<br \/>\nPuglia;<br \/>\nLazio egyes partszakaszai;<br \/>\nm\u00e1s n\u00e9pszer\u0171 <a href=\"https:\/\/www.startlap.hu\/utazas\/adria-romvaros-strand\/\" target=\"_blank\" rel=\"noopener nofollow\">adriai<\/a> \u00e9s tirr\u00e9n-tengeri \u00fcd\u00fcl\u0151helyek.<\/p>\n<p>A c\u00e9l nem a fizet\u0151s strandok teljes felsz\u00e1mol\u00e1sa, hanem az, hogy a fizet\u0151s \u00e9s az ingyenes strandok k\u00f6z\u00f6tt kiegyens\u00falyozottabb legyen az ar\u00e1ny.<\/p>\n<p>Mit jelenthet ez a magyar turist\u00e1knak?<\/p>\n<p>Magyarorsz\u00e1gr\u00f3l is \u00e9vr\u0151l \u00e9vre t\u00f6bb sz\u00e1zezren utaznak Olaszorsz\u00e1gba nyaralni, ez\u00e9rt a v\u00e1ltoz\u00e1sok a hazai utaz\u00f3kat is \u00e9rinthetik.<\/p>\n<p>Hosszabb t\u00e1von t\u00f6bb el\u0151nye is lehet az \u00faj ir\u00e1nynak:<\/p>\n<p>k\u00f6nnyebben lehet majd ingyenes strandszakaszt tal\u00e1lni;<br \/>\ncs\u00f6kkenhetnek a strandol\u00e1s napi k\u00f6lts\u00e9gei;<br \/>\nkev\u00e9sb\u00e9 zs\u00fafol\u00f3dhatnak \u00f6ssze a szabadon haszn\u00e1lhat\u00f3 partszakaszok;<br \/>\nnagyobb v\u00e1laszt\u00e1si lehet\u0151s\u00e9g ny\u00edlhat a fizet\u0151s \u00e9s az ingyenes strandok k\u00f6z\u00f6tt.<\/p>\n<p>Ugyanakkor azoknak sem kell agg\u00f3dniuk, akik a k\u00e9nyelmesebb strandol\u00e1st kedvelik. A <a href=\"https:\/\/www.startlap.hu\/utazas\/torolkozo-napagy-birosag\/\" target=\"_blank\" rel=\"noopener nofollow\">nap\u00e1gyas<\/a> beach clubok v\u00e1rhat\u00f3an tov\u00e1bbra is az olasz tengerpart fontos szerepl\u0151i maradnak.<\/p>\n<p>Nem t\u0171nnek el a beach clubok, de \u00e1talakulhat a rendszer<\/p>\n<p>Az olasz tengerparti kult\u00far\u00e1hoz szorosan hozz\u00e1tartoznak a j\u00f3l felszerelt strandf\u00fcrd\u0151k. Ezek nemcsak nap\u00e1gyakat k\u00edn\u00e1lnak, hanem \u00e9ttermeket, b\u00e1rokat, sportol\u00e1si lehet\u0151s\u00e9geket, gyermekprogramokat \u00e9s k\u00fcl\u00f6nf\u00e9le k\u00e9nyelmi szolg\u00e1ltat\u00e1sokat is.\u00a0\u00c9ppen ez\u00e9rt szak\u00e9rt\u0151k szerint nem val\u00f3sz\u00edn\u0171, hogy a fizet\u0151s strandok elt\u0171nn\u00e9nek. Ink\u00e1bb arra lehet sz\u00e1m\u00edtani, hogy a j\u00f6v\u0151ben nagyobb hangs\u00falyt kapnak a nyilv\u00e1nos, ingyenesen el\u00e9rhet\u0151 partszakaszok, mik\u00f6zben a szolg\u00e1ltat\u00e1st ny\u00fajt\u00f3 strandok tov\u00e1bbra is m\u0171k\u00f6dnek, de szigor\u00fabb szab\u00e1lyok \u00e9s \u00e1tl\u00e1that\u00f3bb koncesszi\u00f3s rendszer mellett.<\/p>\n<p>A nyaral\u00f3k sz\u00e1m\u00e1ra mindez kedvez\u0151 v\u00e1ltoz\u00e1sokat hozhat: ha val\u00f3ban n\u0151 a szabadon haszn\u00e1lhat\u00f3 strandok ar\u00e1nya, egy olasz tengerparti pihen\u00e9s nemcsak rugalmasabb, hanem p\u00e9nzt\u00e1rcabar\u00e1tabb is lehet. Aki pedig tov\u00e1bbra is a teljes k\u00e9nyelmet keresi, v\u00e1rhat\u00f3an a j\u00f6v\u0151ben is tal\u00e1l majd j\u00f3l felszerelt beach clubokat \u2013 csak \u00e9ppen egy \u00e1tl\u00e1that\u00f3bb \u00e9s kiegyens\u00falyozottabb rendszerben.<\/p>\n<p><a href=\"https:\/\/www.vienna.at\/italien-raeumt-straende-erste-beach-clubs-muessen-schliessen\/10370285\" target=\"_blank\" rel=\"noopener nofollow\">via<\/a><\/p>\n","protected":false},"excerpt":{"rendered":"Vil\u00e1g 2026. augusztus 06. Vil\u00e1g 2026. augusztus 06. Olaszorsz\u00e1g t\u00f6bb partszakaszon is nekil\u00e1tott a mag\u00e1nk\u00e9zben m\u0171k\u00f6d\u0151 strandl\u00e9tes\u00edtm\u00e9nyek \u00e1talak\u00edt\u00e1s\u00e1nak,&hellip;\n","protected":false},"author":2,"featured_media":198531,"comment_status":"","ping_status":"","sticky":false,"template":"","format":"standard","meta":{"footnotes":"","_share_on_mastodon":"0"},"categories":[8],"tags":[20249,42,43,34,428,1427,1426,94,93,92],"class_list":["post-198530","post","type-post","status-publish","format-standard","has-post-thumbnail","category-vilag","tag-fizetos","tag-hungarian","tag-magyar","tag-news","tag-olaszorszag","tag-strand","tag-tengerpart","tag-vilag","tag-world","tag-world-news"],"share_on_mastodon":{"url":"https:\/\/pubeurope.com\/@hu\/117048383349018628","error":""},"_links":{"self":[{"href":"https:\/\/www.europesays.com\/hu\/wp-json\/wp\/v2\/posts\/198530","targetHints":{"allow":["GET"]}}],"collection":[{"href":"https:\/\/www.europesays.com\/hu\/wp-json\/wp\/v2\/posts"}],"about":[{"href":"https:\/\/www.europesays.com\/hu\/wp-json\/wp\/v2\/types\/post"}],"author":[{"embeddable":true,"href":"https:\/\/www.europesays.com\/hu\/wp-json\/wp\/v2\/users\/2"}],"replies":[{"embeddable":true,"href":"https:\/\/www.europesays.com\/hu\/wp-json\/wp\/v2\/comments?post=198530"}],"version-history":[{"count":0,"href":"https:\/\/www.europesays.com\/hu\/wp-json\/wp\/v2\/posts\/198530\/revisions"}],"wp:featuredmedia":[{"embeddable":true,"href":"https:\/\/www.europesays.com\/hu\/wp-json\/wp\/v2\/media\/198531"}],"wp:attachment":[{"href":"https:\/\/www.europesays.com\/hu\/wp-json\/wp\/v2\/media?parent=198530"}],"wp:term":[{"taxonomy":"category","embeddable":true,"href":"https:\/\/www.europesays.com\/hu\/wp-json\/wp\/v2\/categories?post=198530"},{"taxonomy":"post_tag","embeddable":true,"href":"https:\/\/www.europesays.com\/hu\/wp-json\/wp\/v2\/tags?post=198530"}],"curies":[{"name":"wp","href":"https:\/\/api.w.org\/{rel}","templated":true}]}}