{"id":199471,"date":"2026-08-07T07:04:09","date_gmt":"2026-08-07T07:04:09","guid":{"rendered":"https:\/\/www.europesays.com\/hu\/199471\/"},"modified":"2026-08-07T07:04:09","modified_gmt":"2026-08-07T07:04:09","slug":"10-kilometert-is-meghalado-torlodas-az-m1-esen","status":"publish","type":"post","link":"https:\/\/www.europesays.com\/hu\/199471\/","title":{"rendered":"10 kilom\u00e9tert is meghalad\u00f3 torl\u00f3d\u00e1s az M1-esen"},"content":{"rendered":"<p>Az M1-es aut\u00f3p\u00e1ly\u00e1n, a Tatab\u00e1nya \u00e9s az M0-s aut\u00f3\u00fat k\u00f6z\u00f6tt ki\u00e9p\u00edtett terel\u00e9sben p\u00e9nteken reggel t\u00f6bb baleset is t\u00f6rt\u00e9nt, ami miatt 10 km-t meghalad\u00f3 torl\u00f3d\u00e1s alakult ki a f\u0151v\u00e1ros fel\u00e9 \u2013 <a target=\"_blank\" href=\"https:\/\/www.utinform.hu\/hu\/news\/balesetek-torlodasok-rendkivuli-kozlekedesi-esemenyek?d=0\" rel=\"nofollow noopener\">\u00edrja az \u00datinform<\/a>.<\/p>\n<p>A 17-es km-n\u00e9l, Biatorb\u00e1gy \u00e9s T\u00f6r\u00f6kb\u00e1lint k\u00f6z\u00f6tt szint\u00e9n egy baleset okoz fennakad\u00e1st ebbe az ir\u00e1nyba, mivel csak a bels\u0151, sz\u0171k\u00edtett s\u00e1von lehet haladni.<\/p>\n<p>A fentiek miatt az M1-es aut\u00f3p\u00e1lya f\u0151v\u00e1ros fel\u00e9 vezet\u0151 r\u00e9sz\u00e9n legal\u00e1bb 30-40 perces menetid\u0151n\u00f6veked\u00e9sre kell k\u00e9sz\u00fclni. Aki teheti, v\u00e1lassza az 1-es f\u0151utat, vagy m\u00e1s alternat\u00edv \u00fatvonalat. <\/p>\n<p>Az ellenkez\u0151, Hegyeshalom fel\u00e9 vezet\u0151 oldalon is karambol t\u00f6rt\u00e9nt p\u00e9ntek reggel: k\u00e9t szem\u00e9lyaut\u00f3 \u00fctk\u00f6z\u00f6tt \u00f6ssze. A 25-\u00f6s km-n\u00e9l, Herceghalomn\u00e1l a korl\u00e1toz\u00e1s megsz\u0171nt, de a kor\u00e1bban kialakult, 5 km-t is meghalad\u00f3 torl\u00f3ds lassan oszlik fel.<\/p>\n","protected":false},"excerpt":{"rendered":"Az M1-es aut\u00f3p\u00e1ly\u00e1n, a Tatab\u00e1nya \u00e9s az M0-s aut\u00f3\u00fat k\u00f6z\u00f6tt ki\u00e9p\u00edtett terel\u00e9sben p\u00e9nteken reggel t\u00f6bb baleset is t\u00f6rt\u00e9nt,&hellip;\n","protected":false},"author":2,"featured_media":199472,"comment_status":"","ping_status":"","sticky":false,"template":"","format":"standard","meta":{"footnotes":"","_share_on_mastodon":"0"},"categories":[6],"tags":[469,73,44,42,40,530,43,41,3738],"class_list":["post-199471","post","type-post","status-publish","format-standard","has-post-thumbnail","category-magyarorszag","tag-baleset","tag-budapest","tag-hu","tag-hungarian","tag-hungary","tag-m1-es-autopalya","tag-magyar","tag-magyarorszag","tag-torlodas"],"share_on_mastodon":{"url":"https:\/\/pubeurope.com\/@hu\/117052956218507824","error":""},"_links":{"self":[{"href":"https:\/\/www.europesays.com\/hu\/wp-json\/wp\/v2\/posts\/199471","targetHints":{"allow":["GET"]}}],"collection":[{"href":"https:\/\/www.europesays.com\/hu\/wp-json\/wp\/v2\/posts"}],"about":[{"href":"https:\/\/www.europesays.com\/hu\/wp-json\/wp\/v2\/types\/post"}],"author":[{"embeddable":true,"href":"https:\/\/www.europesays.com\/hu\/wp-json\/wp\/v2\/users\/2"}],"replies":[{"embeddable":true,"href":"https:\/\/www.europesays.com\/hu\/wp-json\/wp\/v2\/comments?post=199471"}],"version-history":[{"count":0,"href":"https:\/\/www.europesays.com\/hu\/wp-json\/wp\/v2\/posts\/199471\/revisions"}],"wp:featuredmedia":[{"embeddable":true,"href":"https:\/\/www.europesays.com\/hu\/wp-json\/wp\/v2\/media\/199472"}],"wp:attachment":[{"href":"https:\/\/www.europesays.com\/hu\/wp-json\/wp\/v2\/media?parent=199471"}],"wp:term":[{"taxonomy":"category","embeddable":true,"href":"https:\/\/www.europesays.com\/hu\/wp-json\/wp\/v2\/categories?post=199471"},{"taxonomy":"post_tag","embeddable":true,"href":"https:\/\/www.europesays.com\/hu\/wp-json\/wp\/v2\/tags?post=199471"}],"curies":[{"name":"wp","href":"https:\/\/api.w.org\/{rel}","templated":true}]}}