{"id":199743,"date":"2026-08-07T11:20:09","date_gmt":"2026-08-07T11:20:09","guid":{"rendered":"https:\/\/www.europesays.com\/hu\/199743\/"},"modified":"2026-08-07T11:20:09","modified_gmt":"2026-08-07T11:20:09","slug":"vilag-video-ausztriaban-tombolo-viharokkal-arvizekkel-es-sarlavinakkal-ert-veget-a-hohullam","status":"publish","type":"post","link":"https:\/\/www.europesays.com\/hu\/199743\/","title":{"rendered":"Vil\u00e1g: Vide\u00f3: Ausztri\u00e1ban tombol\u00f3 viharokkal, \u00e1rvizekkel \u00e9s s\u00e1rlavin\u00e1kkal \u00e9rt v\u00e9get a h\u0151hull\u00e1m"},"content":{"rendered":"<p>Ausztri\u00e1ban heves viharokkal \u00e9rt v\u00e9get a h\u0151hull\u00e1m, cs\u00fct\u00f6rt\u00f6k este Salzburg t\u00e9rs\u00e9g\u00e9ben a felh\u0151szakad\u00e1sok miatt t\u00f6bb patak is kil\u00e9pett a medr\u00e9b\u0151l, \u00e9s vill\u00e1m\u00e1rvizek alakultak ki \u2013 sz\u00e1molt be az <a href=\"https:\/\/salzburg.orf.at\/stories\/3365941\/\" target=\"_blank\" rel=\"nofollow noopener\">ORF<\/a>.<\/p>\n<p>A fels\u0151-pinzgaui Uttendorf k\u00f6zs\u00e9gben a Tobersbach-patak l\u00e9pett ki a medr\u00e9b\u0151l. Az \u00e1radat utat t\u00f6rt mag\u00e1nak a h\u00e1zak k\u00f6z\u00f6tt, \u00e9s vitt mindent. Sz\u00e1mos \u00e9p\u00fclet megrong\u00e1l\u00f3dott, pinc\u00e9ket \u00e1rasztott el a v\u00edz.<\/p>\n<p> <a href=\"https:\/\/x.com\/nrw_blaulicht\/status\/2085642217268371628\" target=\"_blank\" rel=\"nofollow\"> <\/p>\n<p>https:\/\/x.com\/nrw_blaulicht\/status\/2085642217268371628<\/p>\n<p>Pirtendorfn\u00e1l is a patak medr\u00e9t leoml\u00f3 szikl\u00e1k \u00e9s k\u0151t\u00f6rmel\u00e9k torlaszolta el, majd az \u00e1rv\u00edz \u00e9s a s\u00e1rlavin\u00e1k t\u00f6bb h\u00e1zat is megrong\u00e1ltak.<\/p>\n<p> <a href=\"https:\/\/www.facebook.com\/ffstuhlfelden\/posts\/pfbid02AmQwFo1ukQm2yLsTm8uj6gpj5BAtDAt9G8duhEaXuMkUwrYwvojAt1Dqhpn4GPhGl\" target=\"_blank\" rel=\"nofollow noopener\"> <\/p>\n<p>https:\/\/www.facebook.com\/ffstuhlfelden\/posts\/pfbid02AmQwFo1ukQm2yLsTm8uj6gpj5BAtDAt9G8duhEaXuMkUwrYwvojAt1Dqhpn4GPhGl<\/p>\n<p>Bad Gasteinben t\u00f6bb hidat is elsodortak a s\u00e1rlavin\u00e1k, m\u00edg vill\u00e1mcsap\u00e1s miatt a lungaui r\u00e9gi\u00f3ban kigyulladt az erd\u0151. A k\u00f6rny\u00e9kr\u0151l t\u00f6bb t\u00far\u00e1z\u00f3t helikopterekkel kellett kimenteni, mivel egy mened\u00e9kh\u00e1zban rekedtek az egyik hegyen az \u00edt\u00e9letid\u0151ben.<\/p>\n<p> <a href=\"https:\/\/hvg.hu\/elet\/20260805_hokupola-hoseg-vege-varhato-csapadek-arviz-ebx\" target=\"_self\" rel=\"nofollow noopener\"> <\/p>\n<p>https:\/\/hvg.hu\/elet\/20260805_hokupola-hoseg-vege-varhato-csapadek-arviz-ebx<\/p>\n<p>Nyit\u00f3k\u00e9p\u00fcnk\u00f6n a pirtendorfi puszt\u00edt\u00e1s nyomai. Fot\u00f3: Facebook \/ Feuerwehr Stuhlfelden<\/p>\n","protected":false},"excerpt":{"rendered":"Ausztri\u00e1ban heves viharokkal \u00e9rt v\u00e9get a h\u0151hull\u00e1m, cs\u00fct\u00f6rt\u00f6k este Salzburg t\u00e9rs\u00e9g\u00e9ben a felh\u0151szakad\u00e1sok miatt t\u00f6bb patak is kil\u00e9pett&hellip;\n","protected":false},"author":2,"featured_media":199744,"comment_status":"","ping_status":"","sticky":false,"template":"","format":"standard","meta":{"footnotes":"","_share_on_mastodon":"0"},"categories":[8],"tags":[3060,630,42,278,43,34,7581,48274,94,44666,93,92],"class_list":["post-199743","post","type-post","status-publish","format-standard","has-post-thumbnail","category-vilag","tag-arviz","tag-ausztria","tag-hungarian","tag-idojaras","tag-magyar","tag-news","tag-salzburg","tag-termeszeti-katasztrofak","tag-vilag","tag-villamarviz","tag-world","tag-world-news"],"share_on_mastodon":{"url":"https:\/\/pubeurope.com\/@hu\/117053962819478103","error":""},"_links":{"self":[{"href":"https:\/\/www.europesays.com\/hu\/wp-json\/wp\/v2\/posts\/199743","targetHints":{"allow":["GET"]}}],"collection":[{"href":"https:\/\/www.europesays.com\/hu\/wp-json\/wp\/v2\/posts"}],"about":[{"href":"https:\/\/www.europesays.com\/hu\/wp-json\/wp\/v2\/types\/post"}],"author":[{"embeddable":true,"href":"https:\/\/www.europesays.com\/hu\/wp-json\/wp\/v2\/users\/2"}],"replies":[{"embeddable":true,"href":"https:\/\/www.europesays.com\/hu\/wp-json\/wp\/v2\/comments?post=199743"}],"version-history":[{"count":0,"href":"https:\/\/www.europesays.com\/hu\/wp-json\/wp\/v2\/posts\/199743\/revisions"}],"wp:featuredmedia":[{"embeddable":true,"href":"https:\/\/www.europesays.com\/hu\/wp-json\/wp\/v2\/media\/199744"}],"wp:attachment":[{"href":"https:\/\/www.europesays.com\/hu\/wp-json\/wp\/v2\/media?parent=199743"}],"wp:term":[{"taxonomy":"category","embeddable":true,"href":"https:\/\/www.europesays.com\/hu\/wp-json\/wp\/v2\/categories?post=199743"},{"taxonomy":"post_tag","embeddable":true,"href":"https:\/\/www.europesays.com\/hu\/wp-json\/wp\/v2\/tags?post=199743"}],"curies":[{"name":"wp","href":"https:\/\/api.w.org\/{rel}","templated":true}]}}