{"id":199980,"date":"2026-08-07T14:53:08","date_gmt":"2026-08-07T14:53:08","guid":{"rendered":"https:\/\/www.europesays.com\/hu\/199980\/"},"modified":"2026-08-07T14:53:08","modified_gmt":"2026-08-07T14:53:08","slug":"index-kulfold-robbanas-tortent-a-mol-tulajdonaban-levo-slovnaft-pozsonyi-finomitojaban","status":"publish","type":"post","link":"https:\/\/www.europesays.com\/hu\/199980\/","title":{"rendered":"Index &#8211; K\u00fclf\u00f6ld &#8211; Robban\u00e1s t\u00f6rt\u00e9nt a Mol tulajdon\u00e1ban l\u00e9v\u0151 Slovnaft pozsonyi finom\u00edt\u00f3j\u00e1ban"},"content":{"rendered":"<p>Robban\u00e1s t\u00f6rt\u00e9nt a Mol tulajdon\u00e1ban l\u00e9v\u0151 Slovnaft pozsonyi finom\u00edt\u00f3j\u00e1ban \u2013 \u00edrja az <a href=\"https:\/\/ujszo.com\/regio\/robbanas-tortent-a-slovnaft-pozsonyi-finomitojaban-a-detonacio-a-kornyek-epuleteit-is\" id=\"hyperlink_bc36c3dd5164b8f9041e7cd8fbf48013\" rel=\"nofollow noopener\" target=\"_blank\">\u00daj Sz\u00f3<\/a>. Szemtan\u00fak besz\u00e1mol\u00f3i alapj\u00e1n a robban\u00e1s hatalmas d\u00f6rren\u00e9ssel j\u00e1rt, amelyet j\u00f3l lehetett hallani a k\u00f6rny\u00e9ken, \u00e9s t\u00f6bb k\u00f6zeli \u00e9p\u00fclet ablakai is beleremegtek.<\/p>\n<p>Az esetr\u0151l Magyar P\u00e9ter a korm\u00e1nyzati sajt\u00f3t\u00e1j\u00e9koztat\u00f3n \u00e9rtes\u00fclt, \u00e9pp amikor az Index feltette k\u00e9rd\u00e9s\u00e9t, amire \u00edgy nem tudott v\u00e1laszolni, azt k\u00e9s\u0151bbre \u00edg\u00e9rte. A minisztereln\u00f6k szerint nincs s\u00e9r\u00fcl\u00e9s, \u00e9s ell\u00e1t\u00e1sbiztons\u00e1gi k\u00f6vetkezm\u00e9nye sincs a balesetnek.<\/p>\n<p>\u201eKora d\u00e9lut\u00e1n megs\u00e9r\u00fclt az egyik k\u0151olajterm\u00e9keket t\u00e1rol\u00f3 tart\u00e1ly a Slovnaft v\u00e1llalat ter\u00fclet\u00e9n, ami a t\u00e1rolt term\u00e9k meggyullad\u00e1s\u00e1t okozta. Jelenleg a v\u00e1llalat t\u0171zolt\u00f3s\u00e1ga dolgozik a t\u0171z olt\u00e1s\u00e1n. A helyzet sor\u00e1n nem t\u00f6rt\u00e9nt szem\u00e9lyi s\u00e9r\u00fcl\u00e9s, a t\u0171zolt\u00f3k pedig fokozatosan teljesen ellen\u0151rz\u00e9s\u00fck al\u00e1 vonj\u00e1k a helyzetet. A k\u00f6rnyez\u0151 v\u00e1rosr\u00e9szeket \u00e9s lakosokat k\u00f6zvetlen vesz\u00e9ly nem fenyegeti\u201d \u2013 k\u00f6z\u00f6lte p\u00e9ntek d\u00e9lut\u00e1n a Slovnaft <a href=\"https:\/\/www.facebook.com\/MySlovnaft\/posts\/pfbid0dsiGxpqNv2K5PJQQoTjMwwRubMyM5D6ZhJXrZVTC2bTfZ14egPYZiTDiDzRmauUbl\" id=\"hyperlink_4687116b2ac9d3decb8132ec38955c0a\" rel=\"nofollow noopener\" target=\"_blank\">Facebookon<\/a>.<\/p>\n<p>Anton Moln\u00e1r, a v\u00e1llalat sz\u00f3viv\u0151je azt mondta, hogy a t\u0171zesetet az egyik k\u0151olajterm\u00e9keket t\u00e1rol\u00f3 tart\u00e1ly s\u00e9r\u00fcl\u00e9se el\u0151zte meg, majd a benne l\u00e9v\u0151 anyag meggyulladt. Elmondta, hogy egy k\u00e9tfal\u00fa tart\u00e1lyr\u00f3l van sz\u00f3, amely megfelel a legszigor\u00fabb biztons\u00e1gi el\u0151\u00edr\u00e1soknak. A t\u0171z nem terjedt \u00e1t m\u00e1s technol\u00f3giai egys\u00e9gekre \u00e9s t\u00e1rol\u00f3kra, a finom\u00edt\u00f3 termel\u00e9s\u00e9t nem akad\u00e1lyozta, a balesetben senki nem s\u00e9r\u00fclt meg.<\/p>\n<p>A helysz\u00ednen m\u00e1r alig l\u00e1that\u00f3 f\u00fcst, a l\u00e1ngok gyakorlatilag kialudtak, \u00e9s azokat r\u00f6vid id\u0151n bel\u00fcl teljesen eloltj\u00e1k<\/p>\n<p>\u2013 id\u00e9zte a sz\u00f3viv\u0151t az MTI.<\/p>\n<p>A finom\u00edt\u00f3 k\u00f6zel\u00e9ben fekv\u0151 Cs\u00f6lle \u00f6nkorm\u00e1nyzata arra k\u00e9ri a a lakosokat a k\u00f6z\u00f6ss\u00e9gi m\u00e9di\u00e1ban, hogy a t\u0171z miatt lehet\u0151leg ne tart\u00f3zkodjanak a szabadban, \u00e9s z\u00e1rj\u00e1k be az ablakokat. Emellett azt tan\u00e1csolj\u00e1k, kapcsolj\u00e1k ki a l\u00e9gkondicion\u00e1l\u00f3t, figyeljenek oda a gyerekekre, az id\u0151sekre \u00e9s a l\u00e9g\u00fati megbeteged\u00e9sekben szenved\u0151kre.\u00a0A robban\u00e1s pontos k\u00f6r\u00fclm\u00e9nyeit \u00e9s ok\u00e1t m\u00e9g vizsg\u00e1lj\u00e1k.<\/p>\n<p lang=\"und\" dir=\"ltr\">Moment\u00e1lna situ\u00e1cia v bartislavskom z\u00e1vode Slovnaft. Bola po\u010du\u0165 expl\u00f3zia okolo 13:40, n\u00e1sledne vysok\u00e9 plamene a moment\u00e1lne sa hust\u00fd \u010dierny dym val\u00ed na Petr\u017ealku a smerom do Rak\u00faska. <a href=\"https:\/\/t.co\/PA9afM7sjP\" rel=\"nofollow\">pic.twitter.com\/PA9afM7sjP<\/a><\/p>\n<p>\u2014 Peter Svitek (@SvitekPeter) <a href=\"https:\/\/x.com\/SvitekPeter\/status\/2085697058422366624?ref_src=twsrc%5Etfw\" rel=\"nofollow\">August 7, 2026<\/a> <\/p>\n<p>\n                          (Bor\u00edt\u00f3k\u00e9p: A Slovnaft pozsonyi finom\u00edt\u00f3ja 2026. j\u00falius 15-\u00e9n. Fot\u00f3: Jens Kalaene \/ Getty Images)\n                        <\/p>\n<p><a href=\"https:\/\/dex.hu\/x.php?id=googlepref_desktop&amp;url=https:\/\/google.com\/preferences\/source?q=https:\/\/index.hu\" class=\"google-pref-banner \" id=\"googlePrefBanner\" rel=\"nofollow noopener\" target=\"_blank\"><\/p>\n<p>    Itt \u00e1ll\u00edtsa be, hogy az Index az els\u0151k k\u00f6z\u00f6tt legyen a Google-tal\u00e1latokban!<\/p>\n<p><\/a><\/p>\n<p>    <img decoding=\"async\" src=\"https:\/\/index.hu\/assets\/images\/social-follow\/logo-big.svg\" alt=\"Index.hu logo\"\/><\/p>\n<p>K\u00f6vesse az Indexet Facebookon is!<\/p>\n<p>    <a href=\"https:\/\/facebook.com\/Indexhu\" target=\"_blank\" rel=\"nofollow noopener\"><\/p>\n<p>        K\u00f6vetem!<br \/>\n    <\/a><\/p>\n<p>                    <script async src=\"https:\/\/platform.twitter.com\/widgets.js\" charset=\"utf-8\"><\/script><\/p>\n","protected":false},"excerpt":{"rendered":"Robban\u00e1s t\u00f6rt\u00e9nt a Mol tulajdon\u00e1ban l\u00e9v\u0151 Slovnaft pozsonyi finom\u00edt\u00f3j\u00e1ban \u2013 \u00edrja az \u00daj Sz\u00f3. Szemtan\u00fak besz\u00e1mol\u00f3i alapj\u00e1n a&hellip;\n","protected":false},"author":2,"featured_media":199981,"comment_status":"","ping_status":"","sticky":false,"template":"","format":"standard","meta":{"footnotes":"","_share_on_mastodon":"0"},"categories":[8],"tags":[360,42,64,43,34,20746,8818,3321,94,93,92],"class_list":["post-199980","post","type-post","status-publish","format-standard","has-post-thumbnail","category-vilag","tag-finomito","tag-hungarian","tag-kulfold","tag-magyar","tag-news","tag-pozsony","tag-slovnaft","tag-tuz","tag-vilag","tag-world","tag-world-news"],"share_on_mastodon":{"url":"https:\/\/pubeurope.com\/@hu\/117054800643008047","error":""},"_links":{"self":[{"href":"https:\/\/www.europesays.com\/hu\/wp-json\/wp\/v2\/posts\/199980","targetHints":{"allow":["GET"]}}],"collection":[{"href":"https:\/\/www.europesays.com\/hu\/wp-json\/wp\/v2\/posts"}],"about":[{"href":"https:\/\/www.europesays.com\/hu\/wp-json\/wp\/v2\/types\/post"}],"author":[{"embeddable":true,"href":"https:\/\/www.europesays.com\/hu\/wp-json\/wp\/v2\/users\/2"}],"replies":[{"embeddable":true,"href":"https:\/\/www.europesays.com\/hu\/wp-json\/wp\/v2\/comments?post=199980"}],"version-history":[{"count":0,"href":"https:\/\/www.europesays.com\/hu\/wp-json\/wp\/v2\/posts\/199980\/revisions"}],"wp:featuredmedia":[{"embeddable":true,"href":"https:\/\/www.europesays.com\/hu\/wp-json\/wp\/v2\/media\/199981"}],"wp:attachment":[{"href":"https:\/\/www.europesays.com\/hu\/wp-json\/wp\/v2\/media?parent=199980"}],"wp:term":[{"taxonomy":"category","embeddable":true,"href":"https:\/\/www.europesays.com\/hu\/wp-json\/wp\/v2\/categories?post=199980"},{"taxonomy":"post_tag","embeddable":true,"href":"https:\/\/www.europesays.com\/hu\/wp-json\/wp\/v2\/tags?post=199980"}],"curies":[{"name":"wp","href":"https:\/\/api.w.org\/{rel}","templated":true}]}}