{"id":201987,"date":"2026-08-09T10:34:09","date_gmt":"2026-08-09T10:34:09","guid":{"rendered":"https:\/\/www.europesays.com\/hu\/201987\/"},"modified":"2026-08-09T10:34:09","modified_gmt":"2026-08-09T10:34:09","slug":"forsthoffer-agnes-nem-vart-helyen-bukkant-fel","status":"publish","type":"post","link":"https:\/\/www.europesays.com\/hu\/201987\/","title":{"rendered":"Forsthoffer \u00c1gnes nem v\u00e1rt helyen bukkant fel"},"content":{"rendered":"<p>Forsthoffer \u00c1gnes a helysz\u00ednen megismerkedett a seg\u00e9lyszervezet tev\u00e9kenys\u00e9g\u00e9vel, kiemelve a 10\u201316 \u00e9v k\u00f6z\u00f6tti koroszt\u00e1ly sz\u00e1m\u00e1ra szervezett programokat.<\/p>\n<p>A balatoni t\u00e1borban f\u0151leg olyan gyerekek \u00fcd\u00fclnek, akik \u00f6ner\u0151b\u0151l biztosan nem jutn\u00e1nak el a magyar tengerhez. \u00c9vente \u00f6sszesen 400-an.<\/p>\n<p>A t\u00e1borban a k\u00f6z\u00f6ss\u00e9gi \u00e9lm\u00e9nyek mellett egy interakt\u00edv, j\u00e1t\u00e9kos foglalkoz\u00e1s keret\u00e9ben<\/p>\n<p>a demokr\u00e1cia alapjaival is megismerkedhettek<\/p>\n<p>a gyermekek.<\/p>\n","protected":false},"excerpt":{"rendered":"Forsthoffer \u00c1gnes a helysz\u00ednen megismerkedett a seg\u00e9lyszervezet tev\u00e9kenys\u00e9g\u00e9vel, kiemelve a 10\u201316 \u00e9v k\u00f6z\u00f6tti koroszt\u00e1ly sz\u00e1m\u00e1ra szervezett programokat. A&hellip;\n","protected":false},"author":2,"featured_media":201988,"comment_status":"","ping_status":"","sticky":false,"template":"","format":"standard","meta":{"footnotes":"","_share_on_mastodon":"0"},"categories":[6],"tags":[55716,8070,44,42,40,55715,43,41],"class_list":["post-201987","post","type-post","status-publish","format-standard","has-post-thumbnail","category-magyarorszag","tag-balatonakali","tag-forsthoffer-agnes","tag-hu","tag-hungarian","tag-hungary","tag-katolikus-karitasz","tag-magyar","tag-magyarorszag"],"share_on_mastodon":{"url":"https:\/\/pubeurope.com\/@hu\/117065106308081722","error":""},"_links":{"self":[{"href":"https:\/\/www.europesays.com\/hu\/wp-json\/wp\/v2\/posts\/201987","targetHints":{"allow":["GET"]}}],"collection":[{"href":"https:\/\/www.europesays.com\/hu\/wp-json\/wp\/v2\/posts"}],"about":[{"href":"https:\/\/www.europesays.com\/hu\/wp-json\/wp\/v2\/types\/post"}],"author":[{"embeddable":true,"href":"https:\/\/www.europesays.com\/hu\/wp-json\/wp\/v2\/users\/2"}],"replies":[{"embeddable":true,"href":"https:\/\/www.europesays.com\/hu\/wp-json\/wp\/v2\/comments?post=201987"}],"version-history":[{"count":0,"href":"https:\/\/www.europesays.com\/hu\/wp-json\/wp\/v2\/posts\/201987\/revisions"}],"wp:featuredmedia":[{"embeddable":true,"href":"https:\/\/www.europesays.com\/hu\/wp-json\/wp\/v2\/media\/201988"}],"wp:attachment":[{"href":"https:\/\/www.europesays.com\/hu\/wp-json\/wp\/v2\/media?parent=201987"}],"wp:term":[{"taxonomy":"category","embeddable":true,"href":"https:\/\/www.europesays.com\/hu\/wp-json\/wp\/v2\/categories?post=201987"},{"taxonomy":"post_tag","embeddable":true,"href":"https:\/\/www.europesays.com\/hu\/wp-json\/wp\/v2\/tags?post=201987"}],"curies":[{"name":"wp","href":"https:\/\/api.w.org\/{rel}","templated":true}]}}