{"id":202312,"date":"2026-08-09T16:58:09","date_gmt":"2026-08-09T16:58:09","guid":{"rendered":"https:\/\/www.europesays.com\/hu\/202312\/"},"modified":"2026-08-09T16:58:09","modified_gmt":"2026-08-09T16:58:09","slug":"ez-a-legmegbizhatobb-hasznalt-auto-20-evnel-is-tovabb-birja","status":"publish","type":"post","link":"https:\/\/www.europesays.com\/hu\/202312\/","title":{"rendered":"Ez a legmegb\u00edzhat\u00f3bb haszn\u00e1lt aut\u00f3: 20 \u00e9vn\u00e9l is tov\u00e1bb b\u00edrja"},"content":{"rendered":"<p>Tal\u00e1n mindenki \u00e9let\u00e9ben elj\u00f6n az a pont, amikor aut\u00f3v\u00e1s\u00e1rl\u00e1skor m\u00e1r nem a legszebb felnit vagy a legnagyobb kijelz\u0151t keresi, hanem egyszer\u0171en azt szeretn\u00e9, hogy az aut\u00f3 minden reggel elinduljon. F\u0151leg persze, ha haszn\u00e1ltaut\u00f3-v\u00e1s\u00e1rl\u00e1sr\u00f3l van sz\u00f3. Ha a <a href=\"https:\/\/meglepetes.hu\/riportok\/2025\/09\/18\/ezek-a-hasznalt-autok-gyakorlatilag-halhatatlanok-30-evig-szolgalnak-majd-javitas-nelkul\/\" rel=\"nofollow noopener\" target=\"_blank\">megb\u00edzhat\u00f3s\u00e1g az els\u0151 szempont<\/a>, akkor a statisztik\u00e1k szerint egy jap\u00e1n kisaut\u00f3 \u00e9vek \u00f3ta kiemelkedik a mez\u0151nyb\u0151l: a Toyota Yaris.<\/p>\n<p>A n\u00e9met m\u0171szaki vizsg\u00e1k \u00e9s seg\u00e9lyszolg\u00e1lati adatok alapj\u00e1n a Toyota Yaris a haszn\u00e1lt aut\u00f3k egyik legbiztosabb v\u00e1laszt\u00e1s\u00e1nak sz\u00e1m\u00edt. Nem v\u00e9letlen, hogy sok p\u00e9ld\u00e1ny m\u00e9g 20 \u00e9ves kor\u00e1ban is napi haszn\u00e1latban van \u2013 <a href=\"https:\/\/www.nespechej.cz\/clanky\/ani-skoda-ani-hyundai-toto-je-nejspolehlivejsi-ojetina-do-150-tisic-korun-20260303-7221.html\" rel=\"nofollow noopener\" target=\"_blank\">\u00edrta a Nespechej<\/a>.<\/p>\n<p>Mit jelent val\u00f3j\u00e1ban a megb\u00edzhat\u00f3s\u00e1g?<\/p>\n<p>Amikor egy aut\u00f3ra azt mondjuk, hogy megb\u00edzhat\u00f3, nem csup\u00e1n arra gondolunk, hogy <a href=\"https:\/\/meglepetes.hu\/riportok\/2025\/09\/01\/igy-allapithatod-meg-szenvedett-e-balesetet-egy-hasznalt-auto-3-dolgot-ellenorizz\/\" rel=\"nofollow noopener\" target=\"_blank\">ritk\u00e1n romlik el<\/a>.<\/p>\n<p>A <a href=\"https:\/\/www.tuv.com\/press\/en\/press-releases\/tuev_report_2026_en.html\" rel=\"nofollow noopener\" target=\"_blank\">n\u00e9met T\u00dcV Report<\/a> \u00e9vente t\u00f6bb milli\u00f3 j\u00e1rm\u0171 m\u0171szaki vizsgaeredm\u00e9nyeit elemzi, \u00e9s azt vizsg\u00e1lja, milyen ar\u00e1nyban fordulnak el\u0151 s\u00falyos hib\u00e1k.<br \/>\nEmellett az <a href=\"https:\/\/www.adac.de\/\" rel=\"nofollow noopener\" target=\"_blank\">ADAC<\/a>, N\u00e9metorsz\u00e1g legnagyobb aut\u00f3s klubja azt is nyomon k\u00f6veti, mely t\u00edpusok miatt h\u00edvj\u00e1k leggyakrabban az aut\u00f3ment\u0151ket.<\/p>\n<p>A k\u00e9t adatb\u00e1zis egy\u00fctt ad re\u00e1lis k\u00e9pet arr\u00f3l, hogy mely aut\u00f3k hagyj\u00e1k ott tulajdonosukat az \u00fat sz\u00e9l\u00e9n, \u00e9s <a href=\"https:\/\/meglepetes.hu\/riportok\/2025\/08\/22\/ez-az-5-hasznalt-auto-ami-jobb-mint-az-uj-akinek-ilyen-van-megutotte-a-fonyeremenyt\/\" rel=\"nofollow noopener\" target=\"_blank\">melyek szolg\u00e1lnak megb\u00edzhat\u00f3an hossz\u00fa \u00e9veken \u00e1t<\/a>.<\/p>\n<p>A T\u00dcV \u00e9s az ADAC \u00f6sszes\u00edt\u00e9seiben a Toyota Yaris rendszeresen az \u00e9lmez\u0151nyben szerepel, k\u00fcl\u00f6n\u00f6sen az id\u0151sebb koroszt\u00e1lyban fut\u00f3 modellek k\u00f6z\u00f6tt. A Toyota h\u00edrhedten tart\u00f3s benzinmotorjai \u00e9s egyszer\u0171 m\u0171szaki megold\u00e1sai sokat seg\u00edtenek ebben.<\/p>\n<p>Van viszont 3 haszn\u00e1lt aut\u00f3, amit <a href=\"https:\/\/meglepetes.hu\/riportok\/2025\/09\/21\/ezt-a-harom-hasznalt-autot-soha-ne-vedd-meg-nalad-fognak-megrohadni-a-garazsban\/\" rel=\"nofollow noopener\" target=\"_blank\">soha nem aj\u00e1nlan\u00e1nak ezek a szakemberek megv\u00e9telre<\/a>.<\/p>\n<p>Melyik Toyota Yarist \u00e9rdemes keresni a haszn\u00e1ltaut\u00f3-piacon?<br \/>\n<img loading=\"lazy\" title=\"elso-generacios-yaris | Meglepet\u00e9s\" decoding=\"async\" class=\"size-large wp-image-93532\" src=\"https:\/\/www.europesays.com\/hu\/wp-content\/uploads\/2026\/08\/elso-generacios-yaris-1024x683.jpg\" alt=\"els\u0151 gener\u00e1ci\u00f3s toyota yaris\" width=\"1024\" height=\"683\"  \/>Az els\u0151 gener\u00e1ci\u00f3s Toyota Yarisok is furnak m\u00e9g Forr\u00e1s Getty Images<\/p>\n<p>A szak\u00e9rt\u0151k szerint k\u00fcl\u00f6n\u00f6sen j\u00f3 v\u00e1laszt\u00e1s a 2005 \u00e9s 2011 k\u00f6z\u00f6tt gy\u00e1rtott m\u00e1sodik gener\u00e1ci\u00f3s Yaris (XP90), amelyet az 1.0 VVT-i \u00e9s az 1.33 VVT-i benzinmotorokkal szereltek.<\/p>\n<p>Ezek a motorok megfelel\u0151 olajcser\u00e9kkel \u00e9s rendszeres karbantart\u00e1ssal ak\u00e1r 250-300 ezer kilom\u00e9tert is gond n\u00e9lk\u00fcl teljes\u00edthetnek. De sok magyar tulajdonos sz\u00e1mol be enn\u00e9l is magasabb fut\u00e1steljes\u00edtm\u00e9nyr\u0151l.<\/p>\n<p>A 2011 ut\u00e1n gy\u00e1rtott harmadik gener\u00e1ci\u00f3 (XP130) m\u00e1r korszer\u0171bb bels\u0151t, jobb biztons\u00e1gi felszerelts\u00e9get \u00e9s k\u00e9nyelmesebb utasteret k\u00edn\u00e1l, mik\u00f6zben meg\u0151rizte a t\u00edpus legend\u00e1s megb\u00edzhat\u00f3s\u00e1g\u00e1t.<\/p>\n<p>Mennyi\u00e9rt lehet ma Toyota Yarist venni Magyarorsz\u00e1gon?<\/p>\n<p>A <a href=\"https:\/\/www.hasznaltauto.hu\/szemelyauto\/toyota\/yaris\" rel=\"nofollow noopener\" target=\"_blank\">Haszn\u00e1ltaut\u00f3.hu<\/a> \u00e9s a <a href=\"https:\/\/kocsi.hu\/hasznaltauto\/toyota\/yaris\" rel=\"nofollow noopener\" target=\"_blank\">Kocsi.hu<\/a> 2026 j\u00faliusi hirdet\u00e9sei alapj\u00e1n a magyar haszn\u00e1ltaut\u00f3-piacon m\u00e9g mindig tal\u00e1lni els\u0151 gener\u00e1ci\u00f3s Toyota Yarisokat 380-700 ezer forint k\u00f6z\u00f6tt, m\u00edg a jobb \u00e1llapot\u00fa, m\u00e1sodik gener\u00e1ci\u00f3s modellek t\u00f6bbs\u00e9ge 850 ezer \u00e9s 1,5 milli\u00f3 forint k\u00f6z\u00f6tt mozog. A fiatalabb, 2011 ut\u00e1ni p\u00e9ld\u00e1nyok \u00e1ra jellemz\u0151en 2 \u00e9s 3,5 milli\u00f3 forint k\u00f6z\u00f6tt alakul.<\/p>\n<p>A legolcs\u00f3bb, m\u00e9g forgalomban l\u00e9v\u0151 els\u0151 gener\u00e1ci\u00f3s p\u00e9ld\u00e1nyok m\u00e1r 380 ezer forint k\u00f6r\u00fcli \u00f6sszeg\u00e9rt is felbukkannak a hirdet\u00e9sek k\u00f6z\u00f6tt, m\u00edg egy sz\u00e9p \u00e1llapot\u00fa 2005-\u00f6s Yaris \u00e1ra ma nagyj\u00e1b\u00f3l 850-990 ezer forint.<\/p>\n<p>Milyen hib\u00e1k fordulhatnak el\u0151 egy haszn\u00e1lt Toyota Yarison?<\/p>\n<p>T\u00f6k\u00e9letes aut\u00f3 term\u00e9szetesen nem l\u00e9tezik, \u00e9s a Yarisnak is vannak gyenge pontjai.<\/p>\n<p>Az id\u0151sebb p\u00e9ld\u00e1nyokn\u00e1l el\u0151fordulhat:<\/p>\n<p>kipufog\u00f3rendszer korr\u00f3zi\u00f3ja,<br \/>\nker\u00e9kcsap\u00e1gy-kop\u00e1s,<br \/>\nakkumul\u00e1tor-probl\u00e9m\u00e1k,<br \/>\nfut\u00f3m\u0171alkatr\u00e9szek term\u00e9szetes elhaszn\u00e1l\u00f3d\u00e1sa,<br \/>\nid\u0151nk\u00e9nt az elektromos kapcsol\u00f3k meghib\u00e1sod\u00e1sa.<\/p>\n<p>Ezek azonban \u00e1ltal\u00e1ban j\u00f3val kisebb k\u00f6lts\u00e9get jelentenek, mint sz\u00e1mos konkurens t\u00edpusn\u00e1l a vez\u00e9rl\u00e9sprobl\u00e9m\u00e1k, a bonyolult d\u00edzelrendszerek hib\u00e1i vagy az elektronikai meghib\u00e1sod\u00e1sok.<\/p>\n<p>\nEz m\u00e9g nem el\u00e9g? \u00cdgy sp\u00f3rol m\u00e9g neked a Toyota Yaris\n<\/p>\n<p>A Toyota Yaris egyik legnagyobb el\u0151nye, hogy nemcsak ritk\u00e1bban romlik el, hanem jav\u00edtani sem k\u00fcl\u00f6n\u00f6sebben dr\u00e1ga. A legt\u00f6bb kop\u00f3alkatr\u00e9sz k\u00f6nnyen beszerezhet\u0151, a szerel\u0151k j\u00f3l ismerik a t\u00edpust, a benzines motorok pedig egyszer\u0171 fel\u00e9p\u00edt\u00e9s\u0171ek.<\/p>\n<p>Ez hossz\u00fa t\u00e1von t\u00f6bb sz\u00e1zezer forint megtakar\u00edt\u00e1st is jelenthet egy olyan aut\u00f3hoz k\u00e9pest, amely gyakran ig\u00e9nyel v\u00e1ratlan jav\u00edt\u00e1sokat.<\/p>\n<p>Van valamilyen h\u00e1tr\u00e1nya?<br \/>\n<img title=\"hasznaltauto1 | Meglepet\u00e9s\" loading=\"lazy\" decoding=\"async\" class=\"size-large wp-image-93531\" src=\"https:\/\/www.europesays.com\/hu\/wp-content\/uploads\/2026\/08\/hasznaltauto1-1024x591.jpg\" alt=\"haszn\u00e1lt aut\u00f3k \u00e1llnak sorban a keresked\u00e9sben\" width=\"1024\" height=\"591\"  \/>J\u00f3l gondold meg milyen haszn\u00e1lt aut\u00f3t veszel Forr\u00e1s Adobe Stock<\/p>\n<p>Igen, az\u00e9rt az is akad neki. A Yaris alapvet\u0151en v\u00e1rosi kisaut\u00f3.<\/p>\n<p>Az id\u0151sebb gener\u00e1ci\u00f3kn\u00e1l az utast\u00e9r egyszer\u0171, az aut\u00f3p\u00e1ly\u00e1s zajszint magasabb lehet, \u00e9s nyilv\u00e1nval\u00f3an a csomagtart\u00f3 sem vetekszik egy csal\u00e1di kombi\u00e9val. Akinek nagy csal\u00e1dja van vagy rendszeresen hossz\u00fa aut\u00f3p\u00e1ly\u00e1s utakra indul, val\u00f3sz\u00edn\u0171leg t\u00e1gasabb modellt keres majd.<\/p>\n<p>\u00c1m ha a c\u00e9l egy olyan aut\u00f3 megv\u00e9tele, amely reggelente gondolkod\u00e1s n\u00e9lk\u00fcl indul, olcs\u00f3n fenntarthat\u00f3, \u00e9s ak\u00e1r k\u00e9t \u00e9vtizeden \u00e1t is h\u0171s\u00e9ges t\u00e1rs lehet, a Toyota Yaris m\u00e9g ma is az egyik legjobb v\u00e9tel a haszn\u00e1lt aut\u00f3k k\u00f6z\u00f6tt.<\/p>\n<p>A T\u00dcV Report \u00e9s az ADAC \u00e9vek \u00f3ta a legmegb\u00edzhat\u00f3bb kisaut\u00f3k k\u00f6z\u00f6tt tartja sz\u00e1mon a t\u00edpust, mik\u00f6zben a magyar haszn\u00e1ltaut\u00f3-piac k\u00edn\u00e1lat\u00e1ban tov\u00e1bbra is tal\u00e1lni el\u00e9rhet\u0151 \u00e1r\u00fa p\u00e9ld\u00e1nyokat. Az \u00f6sszk\u00e9p alapj\u00e1n neh\u00e9z vitatkozni a Yaris h\u00edrnev\u00e9vel.<\/p>\n<p>A n\u00e9met vizsgastatisztik\u00e1k \u00e9s a seg\u00e9lyszolg\u00e1latok adatai szerint val\u00f3ban azok k\u00f6z\u00e9 az aut\u00f3k k\u00f6z\u00e9 tartozik, amelyek a korukhoz k\u00e9pest kiv\u00e9telesen j\u00f3l \u00f6regszenek.<\/p>\n<p>Miel\u0151tt elindulsz a keresked\u00e9sbe, olvasd el, hogyan <a href=\"https:\/\/meglepetes.hu\/riportok\/2026\/03\/26\/hasznaltauto-vasarlas-tippek\/\" rel=\"nofollow noopener\" target=\"_blank\">pr\u00f3b\u00e1lhatnak \u00e1tverni a haszn\u00e1ltaut\u00f3-piacon<\/a>, hogy elker\u00fclhesd a legnagyobb buktat\u00f3kat.<\/p>\n<p>\n\t\t\t\tAj\u00e1nlott vide\u00f3\n\t\t\t<\/p>\n","protected":false},"excerpt":{"rendered":"Tal\u00e1n mindenki \u00e9let\u00e9ben elj\u00f6n az a pont, amikor aut\u00f3v\u00e1s\u00e1rl\u00e1skor m\u00e1r nem a legszebb felnit vagy a legnagyobb kijelz\u0151t&hellip;\n","protected":false},"author":2,"featured_media":202313,"comment_status":"","ping_status":"","sticky":false,"template":"","format":"standard","meta":{"footnotes":"","_share_on_mastodon":"0"},"categories":[12],"tags":[11576,44,42,40,43,41,121,120,5358,125,122,1498,124,123,245],"class_list":["post-202312","post","type-post","status-publish","format-standard","has-post-thumbnail","category-tudomany-es-technologia","tag-autovasarlas","tag-hu","tag-hungarian","tag-hungary","tag-magyar","tag-magyarorszag","tag-science","tag-science-technology","tag-sporolas","tag-technologia","tag-technology","tag-tippek-es-trukkok","tag-tudomany","tag-tudomany-es-technologia","tag-vezetes"],"share_on_mastodon":{"url":"https:\/\/pubeurope.com\/@hu\/117066616187722412","error":""},"_links":{"self":[{"href":"https:\/\/www.europesays.com\/hu\/wp-json\/wp\/v2\/posts\/202312","targetHints":{"allow":["GET"]}}],"collection":[{"href":"https:\/\/www.europesays.com\/hu\/wp-json\/wp\/v2\/posts"}],"about":[{"href":"https:\/\/www.europesays.com\/hu\/wp-json\/wp\/v2\/types\/post"}],"author":[{"embeddable":true,"href":"https:\/\/www.europesays.com\/hu\/wp-json\/wp\/v2\/users\/2"}],"replies":[{"embeddable":true,"href":"https:\/\/www.europesays.com\/hu\/wp-json\/wp\/v2\/comments?post=202312"}],"version-history":[{"count":0,"href":"https:\/\/www.europesays.com\/hu\/wp-json\/wp\/v2\/posts\/202312\/revisions"}],"wp:featuredmedia":[{"embeddable":true,"href":"https:\/\/www.europesays.com\/hu\/wp-json\/wp\/v2\/media\/202313"}],"wp:attachment":[{"href":"https:\/\/www.europesays.com\/hu\/wp-json\/wp\/v2\/media?parent=202312"}],"wp:term":[{"taxonomy":"category","embeddable":true,"href":"https:\/\/www.europesays.com\/hu\/wp-json\/wp\/v2\/categories?post=202312"},{"taxonomy":"post_tag","embeddable":true,"href":"https:\/\/www.europesays.com\/hu\/wp-json\/wp\/v2\/tags?post=202312"}],"curies":[{"name":"wp","href":"https:\/\/api.w.org\/{rel}","templated":true}]}}