{"id":202818,"date":"2026-08-10T06:07:11","date_gmt":"2026-08-10T06:07:11","guid":{"rendered":"https:\/\/www.europesays.com\/hu\/202818\/"},"modified":"2026-08-10T06:07:11","modified_gmt":"2026-08-10T06:07:11","slug":"ha-samsung-telefonod-van-a-kanikulaban-mindenkepp-modositsd-ezeket-a-beallitasokat","status":"publish","type":"post","link":"https:\/\/www.europesays.com\/hu\/202818\/","title":{"rendered":"Ha Samsung telefonod van, a k\u00e1nikul\u00e1ban mindenk\u00e9pp m\u00f3dos\u00edtsd ezeket a be\u00e1ll\u00edt\u00e1sokat"},"content":{"rendered":"<p>\t\t\t\t\t\t\t<a class=\"m-article__categoryLink\" href=\"https:\/\/www.startlap.hu\/vasarlas\/trending\/\" rel=\"nofollow noopener\" target=\"_blank\">Trending<\/a><\/p>\n<p>\t\t\t\t\t\t\t\t2026. augusztus 09.\t\t\t\t\t\t\t<\/p>\n<p>\t\t\t\t\t\t\t\t<a class=\"m-article__categoryLink\" href=\"https:\/\/www.startlap.hu\/vasarlas\/trending\/\" rel=\"nofollow noopener\" target=\"_blank\">Trending<\/a><\/p>\n<p>\t\t\t\t\t\t\t\t\t 2026. augusztus 09.\t\t\t\t\t\t\t\t<\/p>\n<p>\n\t\t\t\t\t\t\t\tA ny\u00e1ri k\u00e1nikula a telefonokat is megterheli, k\u00fcl\u00f6n\u00f6sen akkor, ha t\u00f6lt\u00e9s, j\u00e1t\u00e9k vagy navig\u00e1ci\u00f3 k\u00f6zben haszn\u00e1ljuk \u0151ket. A Samsung egyik ingyenes eszk\u00f6z\u00e9vel ellen\u0151rizheted, mennyire melegszik a k\u00e9sz\u00fcl\u00e9k, \u00e9s bizonyos be\u00e1ll\u00edt\u00e1sokkal azt is el\u00e9rheted, hogy hamarabb reag\u00e1ljon a magas h\u0151m\u00e9rs\u00e9kletre.\t\t\t\t\t\t\t<\/p>\n<p>Ha egy k\u00e9sz\u00fcl\u00e9k felmelegszik, az \u00f6nmag\u00e1ban m\u00e9g nem jelent bajt. A <a href=\"https:\/\/www.startlap.hu\/vasarlas\/samsung-galaxy-app-valtozas\/\" target=\"_blank\" rel=\"noopener nofollow\">Samsung Galaxy<\/a> telefonok p\u00e9ld\u00e1ul magukt\u00f3l is visszavesznek bizonyos funkci\u00f3kb\u00f3l, ha t\u00fal magasra emelkedik a h\u0151m\u00e9rs\u00e9klet\u00fck. Ezzel egy\u00fctt a k\u00e1nikul\u00e1ban \u00e9rdemes odafigyelni arra, mennyire terhelj\u00fck a k\u00e9sz\u00fcl\u00e9ket, k\u00fcl\u00f6n\u00f6sen t\u00f6lt\u00e9s k\u00f6zben.<\/p>\n<p>Erre lehet megfelel\u0151 a Samsung Good Guardians alkalmaz\u00e1scsomagja, azon bel\u00fcl is a Thermal Guardian funkci\u00f3. Ez nem valamif\u00e9le k\u00fcl\u00f6n h\u0171t\u0151rendszer, hanem arra szolg\u00e1l, hogy l\u00e1thassad, hogyan alakul a telefonod h\u0151m\u00e9rs\u00e9klete, \u00e9s bizonyos Galaxy modelleken a h\u0151kezel\u00e9shez kapcsol\u00f3d\u00f3 be\u00e1ll\u00edt\u00e1sokat is m\u00f3dos\u00edthasd.<\/p>\n<p>A Samsungnak saj\u00e1t alkalmaz\u00e1sa van a meleg id\u0151re<\/p>\n<p>A Good Guardians alkalmaz\u00e1st a Samsung a Galaxy Store-ban k\u00edn\u00e1lja, \u00e9s t\u00f6bb k\u00fcl\u00f6nb\u00f6z\u0151 modult tartalmaz. Ezek k\u00f6z\u00fcl a Thermal Guardian foglalkozik a k\u00e9sz\u00fcl\u00e9k h\u0151m\u00e9rs\u00e9klet\u00e9vel.<\/p>\n<p>A Thermal Guardian seg\u00edts\u00e9g\u00e9vel k\u00f6vetheted, hogyan v\u00e1ltozik a telefon h\u0151m\u00e9rs\u00e9klete haszn\u00e1lat k\u00f6zben.<\/p>\n<p>Ez az\u00e9rt lehet \u00e9rdekes, mert nem mindig egy\u00e9rtelm\u0171, hogy mi miatt melegszik fel a k\u00e9sz\u00fcl\u00e9k. Egy j\u00e1t\u00e9k, hosszabb vide\u00f3felv\u00e9tel, navig\u00e1ci\u00f3 vagy ak\u00e1r a gyenge mobilh\u00e1l\u00f3zati kapcsolat is nagyobb terhel\u00e9st jelenthet.<\/p>\n<p>A Thermal Guardian grafikonja alapj\u00e1n k\u00f6nnyebb lehet \u00e9szrevenni, hogy mikor \u00e9s mi\u00e9rt ugrik meg a h\u0151m\u00e9rs\u00e9klet. \u00cdgy p\u00e9ld\u00e1ul kider\u00fclhet, hogy egy adott alkalmaz\u00e1s haszn\u00e1lata vagy egy hosszabb m\u0171velet \u00e1ll a h\u00e1tt\u00e9rben.<\/p>\n<p>A h\u0151m\u00e9rs\u00e9kleti k\u00fcsz\u00f6b is m\u00f3dos\u00edthat\u00f3<img title=\"Samsung Galaxy forr Startlap V\u00e1s\u00e1rl\u00e1s\" loading=\"lazy\" decoding=\"async\" class=\"size-article-size-large-image wp-image-2284990\" src=\"https:\/\/www.europesays.com\/hu\/wp-content\/uploads\/2026\/08\/samsung-telefon-755x566.jpg\" alt=\"Egy r\u00e9gebbi Samsung okostelefon k\u00e9sz\u00fcl\u00e9k ny\u00e1ron egy k\u00e9k sz\u00edn\u0171 t\u00f6r\u00fclk\u00f6z\u0151n a napon\" width=\"755\" height=\"566\"  \/>A Samsung k\u00fcl\u00f6n applik\u00e1ci\u00f3val seg\u00edti a Galaxy k\u00e9sz\u00fcl\u00e9keket k\u00e1nikula idej\u00e9n. (Fot\u00f3: Getty Images)<\/p>\n<p>A Thermal Guardian bizonyos k\u00e9sz\u00fcl\u00e9keken lehet\u0151s\u00e9get ad a h\u0151m\u00e9rs\u00e9kleti k\u00fcsz\u00f6b m\u00f3dos\u00edt\u00e1s\u00e1ra. Ezzel azt lehet befoly\u00e1solni, hogy a rendszer mikor kezdjen reag\u00e1lni a meleged\u00e9sre.<\/p>\n<p>Ha p\u00e9ld\u00e1ul rendszeresen meleg k\u00f6rnyezetben haszn\u00e1lod a telefont, \u00e9rdemes lehet valamivel kor\u00e1bban enged\u00e9lyezni a rendszer sz\u00e1m\u00e1ra a teljes\u00edtm\u00e9ny korl\u00e1toz\u00e1s\u00e1t. Ennek viszont van egy nyilv\u00e1nval\u00f3 k\u00f6vetkezm\u00e9nye: a telefon hamarabb visszaveheti a teljes\u00edtm\u00e9nyt.<\/p>\n<p>Ez\u00e9rt ezt nem \u00e9rdemes k\u00f6telez\u0151 be\u00e1ll\u00edt\u00e1sk\u00e9nt kezelni. A Thermal Guardian ink\u00e1bb akkor hasznos, ha szeretn\u00e9d megfigyelni a telefon h\u0151m\u00e9rs\u00e9klet\u00e9t, vagy rendszeresen tapasztalsz t\u00falzott meleged\u00e9st.<\/p>\n<p>Fontos tudni, hogy a Good Guardians \u00e9s a Thermal Guardian el\u00e9rhet\u0151s\u00e9ge, illetve az egyes be\u00e1ll\u00edt\u00e1sok k\u00e9sz\u00fcl\u00e9kt\u0151l \u00e9s One UI-verzi\u00f3t\u00f3l f\u00fcgghetnek.<\/p>\n<p>Mit aj\u00e1nl m\u00e9g a Samsung?<\/p>\n<p>A Thermal Guardian mellett a Samsung t\u00f6bb egyszer\u0171 m\u00f3dszert is <a href=\"https:\/\/www.samsung.com\/hu\/support\/mobile-devices\/what-to-do-when-your-samsung-galaxy-device-heats-up-while-in-use\/?utm_source=chatgpt.com\" target=\"_blank\" rel=\"noopener nofollow\">javasol<\/a> arra az esetre, ha a Galaxy t\u00falmelegszik. Ezekhez k\u00fcl\u00f6n alkalmaz\u00e1st sem kell telep\u00edteni.<\/p>\n<p>Cs\u00f6kkentsd a terhel\u00e9st<\/p>\n<p>Ha a telefon melegszik, \u00e9rdemes bez\u00e1rni a nem haszn\u00e1lt alkalmaz\u00e1sokat, \u00e9s sz\u00fcks\u00e9g eset\u00e9n lefuttatni az eszk\u00f6zkarbantart\u00e1s optimaliz\u00e1l\u00e1s\u00e1t. Ezzel cs\u00f6kkenthet\u0151 a h\u00e1tt\u00e9rben fut\u00f3 folyamatok \u00e1ltal okozott felesleges terhel\u00e9s.<\/p>\n<p>Az energiatakar\u00e9kos m\u00f3d szint\u00e9n seg\u00edthet, ha nincs sz\u00fcks\u00e9ged maxim\u00e1lis teljes\u00edtm\u00e9nyre. Ez k\u00fcl\u00f6n\u00f6sen hosszabb haszn\u00e1lat sor\u00e1n lehet praktikus.<\/p>\n<p>Vedd lejjebb a f\u00e9nyer\u0151t<\/p>\n<p>A Samsung azt is javasolja, hogy meleged\u00e9s eset\u00e9n cs\u00f6kkentsd a kijelz\u0151 f\u00e9nyerej\u00e9t. A kijelz\u0151 magas f\u00e9nyer\u0151n t\u00f6bbet fogyaszthat, \u00edgy a f\u00e9nyer\u0151 visszav\u00e9tele a telefon teljes energiafelhaszn\u00e1l\u00e1s\u00e1t is cs\u00f6kkentheti.<\/p>\n<p>Nem kell emiatt eg\u00e9sz nap minim\u00e1lis f\u00e9nyer\u0151n haszn\u00e1lni a telefont: el\u00e9g lehet visszavenni, amikor a k\u00e9sz\u00fcl\u00e9k m\u00e1r am\u00fagy is meleg.<\/p>\n<p>Ne t\u00f6ltsd, ha m\u00e1r forr\u00f3<\/p>\n<p>Ez k\u00e1nikul\u00e1ban k\u00fcl\u00f6n\u00f6sen fontos.<\/p>\n<p>A <a href=\"https:\/\/www.startlap.hu\/vasarlas\/telefon-tolto-fogyasztas-eloszto-kapcsolo\/\" target=\"_blank\" rel=\"noopener nofollow\">telefon t\u00f6lt\u00e9se<\/a> \u00f6nmag\u00e1ban is termel h\u0151t, ez\u00e9rt ha a telefon m\u00e1r felmelegedett, \u00e9rdemes megszak\u00edtani a t\u00f6lt\u00e9st, \u00e9s hagyni leh\u0171lni.<\/p>\n<p>A Samsung k\u00e9sz\u00fcl\u00e9kei magas h\u0151m\u00e9rs\u00e9klet eset\u00e9n automatikusan is korl\u00e1tozhatj\u00e1k vagy le\u00e1ll\u00edthatj\u00e1k a t\u00f6lt\u00e9st. Ez v\u00e9delmi funkci\u00f3, nem hiba.<\/p>\n<p>A telefont ilyenkor \u00e9rdemes \u00e1rny\u00e9kos, h\u0171v\u00f6sebb helyre helyezni.\u00a0<\/p>\n<p>Nem baj, ha ny\u00e1ron melegebb a telefon<\/p>\n<p>Fontos, hogy ne tekints\u00fcnk minden felmeleged\u00e9st probl\u00e9m\u00e1nak. J\u00e1t\u00e9k, navig\u00e1ci\u00f3, kamerahaszn\u00e1lat, vide\u00f3h\u00edv\u00e1s vagy t\u00f6lt\u00e9s k\u00f6zben term\u00e9szetes, hogy a telefon h\u0151m\u00e9rs\u00e9klete emelkedik.<\/p>\n<p>A l\u00e9nyeg ink\u00e1bb az, hogy tart\u00f3san ne legyen kit\u00e9ve sz\u00e9ls\u0151s\u00e9ges h\u0151m\u00e9rs\u00e9kletnek, \u00e9s ha a k\u00e9sz\u00fcl\u00e9k m\u00e1r kifejezetten forr\u00f3, ne terhelj\u00fck tov\u00e1bb.<\/p>\n<p>\u00c9s m\u00e9g egy apr\u00f3s\u00e1g: b\u00e1rmennyire k\u00e9zenfekv\u0151nek t\u0171nhet, a forr\u00f3 telefont semmik\u00e9ppen nem szabad a <a href=\"https:\/\/www.startlap.hu\/vasarlas\/mobiltelefon-hutes-hutoszekreny\/\" target=\"_blank\" rel=\"noopener nofollow\">h\u0171t\u0151szekr\u00e9nybe<\/a> vagy a fagyaszt\u00f3ba tenni,<\/p>\n<p>hogy leh\u0171ts\u00fck. A hirtelen h\u0151m\u00e9rs\u00e9klet-v\u00e1ltoz\u00e1s \u00e9s a p\u00e1ralecsap\u00f3d\u00e1s miatt ez nem biztons\u00e1gos m\u00f3dszer az elektronika sz\u00e1m\u00e1ra.<\/p>\n<p><a href=\"https:\/\/www.giga.de\/tech\/wer-ein-samsung-handy-hat-sollte-diese-einstellungen-bei-hitze-anpassen--01KYTAS1E23PCY8VP98C18HGT3\" target=\"_blank\" rel=\"noopener nofollow\">via<\/a><\/p>\n","protected":false},"excerpt":{"rendered":"Trending 2026. augusztus 09. Trending 2026. augusztus 09. A ny\u00e1ri k\u00e1nikula a telefonokat is megterheli, k\u00fcl\u00f6n\u00f6sen akkor, ha&hellip;\n","protected":false},"author":2,"featured_media":202819,"comment_status":"","ping_status":"","sticky":false,"template":"","format":"standard","meta":{"footnotes":"","_share_on_mastodon":"0"},"categories":[10],"tags":[110,44,42,40,35548,43,41,3111,3884,55897,1100,47081,111],"class_list":["post-202818","post","type-post","status-publish","format-standard","has-post-thumbnail","category-vallalkozas","tag-business","tag-hu","tag-hungarian","tag-hungary","tag-kanikula","tag-magyar","tag-magyarorszag","tag-okostelefon","tag-samsung","tag-samsung-galaxy","tag-trending","tag-tulmelegedes","tag-vallalkozas"],"share_on_mastodon":{"url":"https:\/\/pubeurope.com\/@hu\/117069719029290562","error":""},"_links":{"self":[{"href":"https:\/\/www.europesays.com\/hu\/wp-json\/wp\/v2\/posts\/202818","targetHints":{"allow":["GET"]}}],"collection":[{"href":"https:\/\/www.europesays.com\/hu\/wp-json\/wp\/v2\/posts"}],"about":[{"href":"https:\/\/www.europesays.com\/hu\/wp-json\/wp\/v2\/types\/post"}],"author":[{"embeddable":true,"href":"https:\/\/www.europesays.com\/hu\/wp-json\/wp\/v2\/users\/2"}],"replies":[{"embeddable":true,"href":"https:\/\/www.europesays.com\/hu\/wp-json\/wp\/v2\/comments?post=202818"}],"version-history":[{"count":0,"href":"https:\/\/www.europesays.com\/hu\/wp-json\/wp\/v2\/posts\/202818\/revisions"}],"wp:featuredmedia":[{"embeddable":true,"href":"https:\/\/www.europesays.com\/hu\/wp-json\/wp\/v2\/media\/202819"}],"wp:attachment":[{"href":"https:\/\/www.europesays.com\/hu\/wp-json\/wp\/v2\/media?parent=202818"}],"wp:term":[{"taxonomy":"category","embeddable":true,"href":"https:\/\/www.europesays.com\/hu\/wp-json\/wp\/v2\/categories?post=202818"},{"taxonomy":"post_tag","embeddable":true,"href":"https:\/\/www.europesays.com\/hu\/wp-json\/wp\/v2\/tags?post=202818"}],"curies":[{"name":"wp","href":"https:\/\/api.w.org\/{rel}","templated":true}]}}