{"id":204136,"date":"2026-08-11T09:57:19","date_gmt":"2026-08-11T09:57:19","guid":{"rendered":"https:\/\/www.europesays.com\/hu\/204136\/"},"modified":"2026-08-11T09:57:19","modified_gmt":"2026-08-11T09:57:19","slug":"index-kultur-igazi-balkani-lagzi-kerekedett-a-szigeten-es-alig-birtuk-a-tempot","status":"publish","type":"post","link":"https:\/\/www.europesays.com\/hu\/204136\/","title":{"rendered":"Index &#8211; Kult\u00far &#8211; Igazi balk\u00e1ni lagzi kerekedett a Szigeten, \u00e9s alig b\u00edrtuk a temp\u00f3t"},"content":{"rendered":"<p>A szigetes \u0151s\u00e9lm\u00e9nnyel rendelkez\u0151 fesztiv\u00e1loz\u00f3k el\u00e9gedetten b\u00f3linthattak, amikor kider\u00fclt, id\u00e9n \u00fajra m\u00ednusz egyedik \u00e9s nulladik nappal jelentkezik a Sziget Fesztiv\u00e1l. Ahogy arr\u00f3l <a href=\"https:\/\/index.hu\/kultur\/2026\/08\/10\/sziget-fesztival-brody-janos-koncert-brody-dalok-napja-azahriah-majka\/\" id=\"hyperlink_a655a68355d100716f7e5881b79a6593\" target=\"_blank\" title=\"Br\u00f3dy J\u00e1nos hangja elcsuklott, Majka \u00fczent, Azahriah az \u00e9desanyj\u00e1val \u00e9nekelt\" rel=\"nofollow noopener\">besz\u00e1moltunk<\/a>, vas\u00e1rnap este a 80 \u00e9ves Br\u00f3dy J\u00e1nos m\u0171v\u00e9szete el\u0151tt tisztelegtek a Nagysz\u00ednpadon a magyar el\u0151ad\u00f3k, k\u00f6zt\u00fck Azahriah, aki \u00e9desanyj\u00e1val egy\u00fctt <a href=\"https:\/\/index.hu\/kultur\/2026\/08\/10\/sziget-fesztival-azahriah-brody-ha-en-rozsa-volnek\/\" id=\"hyperlink_0f30f4e2dc915c97df4614b145fa68ab\" target=\"_blank\" title=\"\u00cdme a meghat\u00f3 vide\u00f3, amikor Azahriah \u00e9desanyj\u00e1val duettezik\" rel=\"nofollow noopener\">\u00e9nekelt<\/a>. A nulladik napon viszont egy id\u0151utaz\u00e1son vehettek r\u00e9szt azon fesztiv\u00e1loz\u00f3k, akik m\u00e1r ak\u00e1r 20 \u00e9vvel ezel\u0151tt is az \u00d3budai-sziget por\u00e1t r\u00fagt\u00e1k. Azok pedig, akik nem \u00e9lhett\u00e9k \u00e1t akkor, milyen is volt a Sziget a h\u0151sid\u0151kben, most kaphattak bel\u0151le egy szeletet.<\/p>\n<p>A szervez\u0151knek egy\u00e9bk\u00e9nt nem titkolt c\u00e9lja volt, hogy teljesen m\u00e1s k\u00f6z\u00f6ns\u00e9get sz\u00f3l\u00edtsanak meg a m\u00ednusz egyedik \u00e9s a nulladik nappal, mint a fesztiv\u00e1l t\u00f6bbi napj\u00e1val, hiszen szeretn\u00e9k \u00fajra k\u00f6zelebb hozni a Sziget \u00e9let\u00e9rz\u00e9st a magyarokhoz. B\u00e1r a kor\u00e1bbi tulajdonosok csak egy sokadik fesztiv\u00e1lk\u00e9nt tekintettek az esem\u00e9nyre, nem t\u00f6r\u0151dve azzal, hogy Magyarorsz\u00e1g legnagyobb kultur\u00e1lis rendezv\u00e9ny\u00e9r\u0151l van sz\u00f3, Gerendai K\u00e1roly alap\u00edt\u00f3 visszat\u00e9r\u00e9s\u00e9vel \u00fajra hangs\u00faly ker\u00fclt arra, hogy a Szigetnek\u00a0nem szabad elvesztenie azon \u00e9rt\u00e9keit, amelyek a magyars\u00e1ghoz f\u0171z\u0151dnek. \u00c9s annak ellen\u00e9re, hogy jelent\u0151s sz\u00e1mban \u00e9rkeznek a fesztiv\u00e1lra k\u00fclf\u00f6ldiek, \u00e9pp\u00fagy kell sz\u00f3lniuk hozz\u00e1juk, mint a magyarokhoz. \u00c9s nem kiz\u00e1r\u00f3lag a fiatalokhoz, hanem az id\u0151sebb gener\u00e1ci\u00f3khoz is.<\/p>\n<p>\u00cdgy nem v\u00e9letlen az sem, hogy a nulladik napra olyan el\u0151ad\u00f3kat h\u00edvtak el, akik kor\u00e1bban m\u00e1r sokszor bizony\u00edtottak a fesztiv\u00e1lon. P\u00e9ld\u00e1ul\u00a0Goran Bregovic\u00a0szerb\u2013horv\u00e1t zeneszerz\u0151t \u00e9s band\u00e1j\u00e1t, akik m\u00e1r hatodj\u00e1ra l\u00e9ptek fel a Szigeten, els\u0151k\u00e9nt 2006. augusztus 10-\u00e9n, legut\u00f3bb pedig tavaly ny\u00e1ron j\u00e1rtak n\u00e1lunk. Szint\u00e9n nagy visszat\u00e9r\u0151k\u00e9nt \u00e9rkezett a fesztiv\u00e1lra\u00a0a brit Morcheeba zenekar, amelynek az idei lehetett a 13. koncertje Magyarorsz\u00e1gon. Az els\u0151 szigetes fell\u00e9p\u00e9s\u00fck 25 \u00e9vvel ezel\u0151tt, 2001. augusztus 4-\u00e9n volt, m\u00edg a legut\u00f3bbi 2005. augusztus 10-\u00e9n.<\/p>\n<p>                        <a href=\"https:\/\/galeria.index.hu\/kult\/2026\/08\/11\/sziget_fesztival_budapset_morcheeba_goran_bregovic_faithless\/\" class=\"image-link\" target=\"galesz70947159\" data-contentid=\"6261121\" data-js-galeria-url=\"https:\/\/galeria.index.hu\/kult\/2026\/08\/11\/sziget_fesztival_budapset_morcheeba_goran_bregovic_faithless\/\" data-js-galeria-open-with=\"\" rel=\"nofollow noopener\"><br \/>\n                            <img decoding=\"async\" id=\"kep70947159\" alt=\"Goran Bregovic with his Wedding &amp; Funeral Orchestra\" border=\"0\" loading=\"lazy\" src=\"https:\/\/www.europesays.com\/hu\/wp-content\/uploads\/2026\/08\/70947165_133e3e787c8e298e2f3fdbcfceb2a9e8_wm.jpg\" width=\"738\" height=\"492\" data-image_width=\"738\" data-image_height=\"492\"\/><br \/>\n                        <\/a><br \/>\n                        <a href=\"https:\/\/galeria.index.hu\/kult\/2026\/08\/11\/sziget_fesztival_budapset_morcheeba_goran_bregovic_faithless\/\" class=\"image-link\" target=\"galesz70947147\" data-contentid=\"6261121\" data-js-galeria-url=\"https:\/\/galeria.index.hu\/kult\/2026\/08\/11\/sziget_fesztival_budapset_morcheeba_goran_bregovic_faithless\/\" data-js-galeria-open-with=\"\" rel=\"nofollow noopener\"><br \/>\n                            <img decoding=\"async\" id=\"kep70947147\" alt=\"Morcheeba\" border=\"0\" loading=\"lazy\" src=\"https:\/\/www.europesays.com\/hu\/wp-content\/uploads\/2026\/08\/70947167_4400ea2b91a141e111619b2b905bd5d4_wm.jpg\" width=\"369\" height=\"246\" data-image_width=\"369\" data-image_height=\"246\"\/><br \/>\n                        <\/a><br \/>\n                        <a href=\"https:\/\/galeria.index.hu\/kult\/2026\/08\/11\/sziget_fesztival_budapset_morcheeba_goran_bregovic_faithless\/\" class=\"image-link\" target=\"galesz70947153\" data-contentid=\"6261121\" data-js-galeria-url=\"https:\/\/galeria.index.hu\/kult\/2026\/08\/11\/sziget_fesztival_budapset_morcheeba_goran_bregovic_faithless\/\" data-js-galeria-open-with=\"\" rel=\"nofollow noopener\"><br \/>\n                            <img decoding=\"async\" id=\"kep70947153\" alt=\"Goran Bregovi\u0107 a Sziget Fesztiv\u00e1l sz\u00ednpad\u00e1n\" border=\"0\" loading=\"lazy\" src=\"https:\/\/www.europesays.com\/hu\/wp-content\/uploads\/2026\/08\/70947169_300d9cf226f1ffba22b823717fa2ff49_wm.jpg\" width=\"368\" height=\"246\" data-image_width=\"368\" data-image_height=\"246\"\/><\/p>\n<p>                         17        <\/p>\n<p>                        <\/a><\/p>\n<p>\n                        Gal\u00e9ria: Goran Bregovic, Morcheeba \u00e9s a Faithless a Sziget nulladik napj\u00e1nFot\u00f3: Szoll\u00e1r Zs\u00f3fi \/ Index<\/p>\n<p>A legink\u00e1bb \u00e9rdekl\u0151d\u00e9st kiv\u00e1lt\u00f3 \u00e9s k\u00e9ts\u00e9gk\u00edv\u00fcl a legnagyobb h\u00faz\u00f3n\u00e9vnek mondhat\u00f3 egy\u00fcttes viszont a szint\u00e9n brit Faithless\u00a0volt, ami \u00f3ri\u00e1si rajong\u00f3i b\u00e1zisra tett szert idehaza t\u00f6bb mint 30 \u00e9ves fenn\u00e1ll\u00e1sa alatt. A nulladik napon a Nagysz\u00ednpadon fell\u00e9p\u0151 h\u00e1rom zenekar k\u00f6z\u00fcl \u0151k bizony\u00edthattak a legkor\u00e1bban magyar k\u00f6z\u00f6ns\u00e9g el\u0151tt, mivel m\u00e1r 1999-ben fell\u00e9ptek a Szigeten, ami akkor m\u00e9g a Pepsi Sziget n\u00e9vre hallgatott. Utolj\u00e1ra 2010-ben ker\u00fcltek bele a fesztiv\u00e1l programj\u00e1ba, de az idei szigetes koncert el\u0151tt k\u00e9tszer \u00fajra megfordultak n\u00e1lunk \u2013 2011-ben \u00e9s 2024-ben.<\/p>\n<p>A Faithless-szel kapcsolatban nem elhanyagolhat\u00f3 t\u00e9nyez\u0151 az sem, hogy az egyik alaptag, Maxi Jazz 2022-ben bek\u00f6vetkezett <a href=\"https:\/\/index.hu\/fomo\/2022\/12\/24\/faithless-maxi-jazz-maxwell-fraser-meghalt\/\" id=\"hyperlink_2a44b63d7a671cf04280837282a3f207\" target=\"_blank\" title=\"Meghalt Maxi Jazz, a Faithless \u00e9nekese\" rel=\"nofollow noopener\">hal\u00e1la<\/a> ut\u00e1n \u00faj alapokra kellett helyezni\u00fck a zenekart. \u00daj fejezetet nyitottak a banda \u00e9let\u00e9ben, amelynek gy\u00fcm\u00f6lcse a 2025 \u0151sz\u00e9n megjelent Champion Sound lemez lett. Rajta olyan szerzem\u00e9nyekkel, mint a\u00a0Find a Way, az\u00a0I&#8217;m Not Alone (Rest Well Maxwell) vagy a Dollars and Dimes. De a k\u00f6z\u00f6ns\u00e9g legink\u00e1bb az Insomnia, a\u00a0God is a DJ vagy\u00a0a\u00a0We Come 1\u00a0dalokr\u00f3l ismerheti \u0151ket, amelyek szerencs\u00e9re mind felcsend\u00fcltek a Sziget nulladik napj\u00e1n is.\u00a0<\/p>\n<p>                        Mintha maj\u00e1lison lett\u00fcnk volna<\/p>\n<p>Az m\u00e1r k\u00f6zvetlen\u00fcl a Sziget ter\u00fclet\u00e9re be\u00e9rve lesz\u0171rhet\u0151 volt, hogy j\u00f3val csal\u00e1diasabb l\u00e9gk\u00f6r uralkodik a fesztiv\u00e1lon, mint ahogy azt a norm\u00e1l Sziget-napokon megszokhattuk. Az els\u0151 nagysz\u00ednpados fell\u00e9p\u0151 kezd\u00e9se el\u0151tt k\u00f6r\u00fclbel\u00fcl egy \u00f3r\u00e1val \u00e9rkeztem meg, \u00edgy volt id\u0151 sz\u00e9tn\u00e9zni az egy\u00e9bk\u00e9nt nem megszokott m\u00f3don ember\u00e1radatt\u00f3l mentes fesztiv\u00e1lon. F\u0151leg a 30\u201340-es koroszt\u00e1ly domin\u00e1lt, sokuk r\u00e1ad\u00e1sul m\u00e9g a gyerekeit is elhozta, ami nem felt\u00e9tlen t\u0171nt egy j\u00f3 d\u00f6nt\u00e9snek. N\u00e9melyik\u00fck mez\u00edtl\u00e1b rohang\u00e1lt, vagy \u00e9pp egy \u00fcres vizes palackot dob\u00e1ltak, \u00e9s elkap\u00e1s k\u00f6zben fetrengtek meg a porban. S\u0151t, szinte egy j\u00e1rni is alig tud\u00f3 kisgyerekbe is belebotlottam, \u00e9s \u00fagy \u00e9reztem magam, mintha egy maj\u00e1lison lenn\u00e9k.\u00a0<\/p>\n<p>                        <a href=\"https:\/\/galeria.index.hu\/kult\/2026\/08\/11\/sziget_fesztival_budapset_morcheeba_goran_bregovic_faithless\/\" class=\"image-link\" target=\"galesz70947155\" data-contentid=\"6261121\" data-js-galeria-url=\"https:\/\/galeria.index.hu\/kult\/2026\/08\/11\/sziget_fesztival_budapset_morcheeba_goran_bregovic_faithless\/\" data-js-galeria-open-with=\"\" rel=\"nofollow noopener\"><br \/>\n                            <img decoding=\"async\" id=\"kep70947155\" alt=\"Goran Bregovic a Sziget Fesztiv\u00e1l sz\u00ednpad\u00e1n\" border=\"0\" loading=\"lazy\" src=\"https:\/\/www.europesays.com\/hu\/wp-content\/uploads\/2026\/08\/70948909_c68b5982edfa5123c098ced9031f3af3_wm.jpg\" width=\"640\" height=\"427\" data-image_width=\"727\" data-image_height=\"485\"\/><\/p>\n<p>                         17        <\/p>\n<p>                        <\/a><\/p>\n<p>\n                        Goran Bregovic a Sziget Fesztiv\u00e1l sz\u00ednpad\u00e1nGal\u00e9ria: Goran Bregovic, Morcheeba \u00e9s a Faithless a Sziget nulladik napj\u00e1n(Fot\u00f3: Szoll\u00e1r Zs\u00f3fi \/ Index)<\/p>\n<p>Ahogy az is felt\u0171nt, hogy Goran Bregovic koncertje el\u0151tt szinte alig lehetett l\u00e1tni fesztiv\u00e1loz\u00f3kat a Nagysz\u00ednpad el\u0151tt \u00e9s m\u00e1r-m\u00e1r megsajn\u00e1ltam \u0151t, mi lesz majd, ha megl\u00e1tja. De amint elkezdt\u00e9k h\u00fazni a n\u00f3t\u00e1t kilenc tag\u00fa zenekar\u00e1val \u2013 k\u00f6zt\u00fck egy trombit\u00e1ssal \u00e9s szaxofonossal \u2013, egyre csak gy\u0171ltek az \u00e9rdekl\u0151d\u00f6k. B\u00e1r akkor m\u00e9g j\u00f3csk\u00e1n vil\u00e1gos volt, \u00edgy nem volt k\u00f6nny\u0171 kib\u00edrni a 35 fokos meleget a sz\u00ednpad el\u0151tt \u00e1llva, h\u0151siesen viselt\u00e9k az id\u0151j\u00e1r\u00e1s viszontags\u00e1gait. Mondjuk ez f\u0151k\u00e9pp azzal magyar\u00e1zhat\u00f3, hogy a zeneszerz\u0151 \u00e9s band\u00e1ja irdatlan j\u00f3 hangulatot csin\u00e1lt. Egy balk\u00e1ni esk\u00fcv\u0151n \u00e9rezt\u00fck magunkat, ahol hajnali kett\u0151 van, \u00e9s m\u00e9g csak most indul be igaz\u00e1n a lagzi. Aki nem is felt\u00e9tlen van oda az ilyen t\u00edpus\u00fa n\u00e9pzen\u00e9\u00e9rt, az sem b\u00edrta ki minim\u00e1lis t\u00e1ncol\u00e1s n\u00e9lk\u00fcl. A legnagyobb sikert viszont nem a p\u00f6rg\u0151sebb, pattog\u00f3sabb dalaikkal \u00e9rt\u00e9k el, hanem az Ederlezivel, amit anno R\u00fazsa Magdi \u00e9nekelt el a Megaszt\u00e1rban, \u00edgy idehaza ink\u00e1bb hozz\u00e1 k\u00f6tj\u00fck ezt a szerzem\u00e9nyt, mint\u00a0Bregovichoz.\u00a0<\/p>\n<p>                        A Faithless nem okozott csal\u00f3d\u00e1st<\/p>\n<p>A balk\u00e1ni esk\u00fcv\u0151r\u0151l k\u00e9s\u0151bb \u00e1tt\u00e9vedt\u00fcnk egy f\u00fcst\u00f6s jazzklubba a Morcheebanak k\u00f6sz\u00f6nhet\u0151en, amire m\u00e1r egy sz\u00e9p t\u00f6meg gy\u0171lt \u00f6ssze a sz\u00ednpad el\u0151tt. A brit zenekar l\u00e9pett fel tal\u00e1n a legjobb id\u0151pontban ahhoz, hogy az aznap m\u00e9g dolgoz\u00f3 fesztiv\u00e1loz\u00f3k ki\u00e9rjenek a helysz\u00ednre. Minden Sziget idej\u00e9n fennakad\u00e1st szokott okozni, hogy a meg\u00e9rkez\u0151 vend\u00e9gek a Revolut Stage fel\u0151l k\u00f6zel\u00edtve leragadnak a Nagysz\u00ednpad rendez\u0151i jobb oldal\u00e1n, m\u00edg a bal oldal \u00fcres marad \u2013 gyakran fel is h\u00edvj\u00e1k erre a figyelmet \u2013, ami l\u00e1tsz\u00f3lag a Morcheeba eset\u00e9ben is \u00edgy alakult.<\/p>\n<p>A banda ugyanakkor egy kifejezetten intim l\u00e9gk\u00f6rt tudott megteremteni, \u00e9s annak ellen\u00e9re, hogy\u00a0Goran Bregovichoz k\u00e9pest egy j\u00f3val lassabb temp\u00f3j\u00fa, melankolikusabb m\u0171sort csin\u00e1ltak, \u00f6r\u00f6mzen\u00e9l\u00e9st l\u00e1thattunk a sz\u00ednpadon, ami m\u00e9g azokat is mag\u00e1val ragadta, akik nem ismerik a munk\u00e1ss\u00e1gukat.\u00a0Skye Edwards irigyl\u00e9sre m\u00e9lt\u00f3 eleganci\u00e1val \u00e9nekelt, \u00e9s amikor \u00e9ppen kommunik\u00e1lni t\u00e1madt kedve a k\u00f6z\u00f6ns\u00e9ggel, olyan \u00e9rdekess\u00e9geket \u00e1rult el, minthogy \u0151 maga k\u00e9sz\u00edtette a koncerten viselt ruh\u00e1j\u00e1t. Az\u00e9rt is k\u00f6sz\u00f6netet mondott, ami\u00e9rt a szervez\u0151k \u00fajra visszah\u00edvt\u00e1k \u0151ket a Szigetre, \u00e9s nem gy\u0151zt\u00e9k hangs\u00falyozni, mekkora \u00f6r\u00f6m ez sz\u00e1mukra.\u00a0<\/p>\n<p>                        <a href=\"https:\/\/galeria.index.hu\/kult\/2026\/08\/11\/sziget_fesztival_budapset_morcheeba_goran_bregovic_faithless\/\" class=\"image-link\" target=\"galesz70947143\" data-contentid=\"6261121\" data-js-galeria-url=\"https:\/\/galeria.index.hu\/kult\/2026\/08\/11\/sziget_fesztival_budapset_morcheeba_goran_bregovic_faithless\/\" data-js-galeria-open-with=\"\" rel=\"nofollow noopener\"><br \/>\n                            <img decoding=\"async\" id=\"kep70947143\" alt=\"Morcheeba\" border=\"0\" loading=\"lazy\" src=\"https:\/\/www.europesays.com\/hu\/wp-content\/uploads\/2026\/08\/70947171_160c2640a9213f4ad4f06ecdbeea02b8_wm.jpg\" width=\"640\" height=\"427\" data-image_width=\"727\" data-image_height=\"485\"\/><\/p>\n<p>                         17        <\/p>\n<p>                        <\/a><\/p>\n<p>\n                        MorcheebaGal\u00e9ria: Goran Bregovic, Morcheeba \u00e9s a Faithless a Sziget nulladik napj\u00e1n(Fot\u00f3: Szoll\u00e1r Zs\u00f3fi \/ Index)<\/p>\n<p>Azt viszont kev\u00e9sb\u00e9 lehetett \u00f6r\u00f6mteli l\u00e1tni a Faithless \u00e9ppen sz\u00ednpadra k\u00e9sz\u00fcl\u0151 tagjainak, hogy a Morcheeba koncertj\u00e9t k\u00f6vet\u0151en olyan \u00fctemben kezdett sz\u00e9tsz\u00e9ledni a t\u00f6meg, hogy csak b\u00edzni lehetett abban, hogy vissza is t\u00e9rnek. \u00c9s amint az els\u0151 \u00fctemek felcsend\u00fcltek, ez \u00edgy is t\u00f6rt\u00e9nt. Neh\u00e9z \u00fagy v\u00e9lem\u00e9nyt alkotni egy Faithless produkci\u00f3r\u00f3l, hogy az embernek nincs viszony\u00edt\u00e1sai alapja, \u00e9s nincs tiszt\u00e1ban azzal, Maxi Jazz hal\u00e1l\u00e1t megel\u0151z\u0151en milyen is lehetett a zenekar egy koncertje.<\/p>\n<p>Amit viszont bizton \u00e1ll\u00edthatok, hogy ann\u00e1l szebben aligha lehetett volna fejet hajtani a 2022-ben elhunyt el\u0151ad\u00f3 m\u0171v\u00e9szete el\u0151tt, ahogy a Faithless jelenlegi turn\u00e9j\u00e1n r\u00e9sztvev\u0151 tagok tett\u00e9k.\u00a0<\/p>\n<p>Mint ismert, a zenekar legut\u00f3bbi albuma, a Champion Sound m\u00e9g tavaly \u00e9v v\u00e9g\u00e9n jelent meg, amellyel mondhatni \u00faj fejezetet nyitottak a banda \u00e9let\u00e9ben, \u00e1m ezzel egy\u00fctt azt sem felejtett\u00e9k el, mi mindent \u00e9rtek el a m\u00faltban. A koncert sor\u00e1n t\u00f6bb dal alatt is megjelent Maxi Jazz k\u00e9pe a kijelz\u0151k\u00f6n k\u00fcl\u00f6nb\u00f6z\u0151 anim\u00e1ci\u00f3kkal k\u00f6r\u00edtve, illetve k\u00f6lt\u0151i megfogalmaz\u00e1saib\u00f3l is kaphattunk n\u00e9mi \u00edzel\u00edt\u0151t. Olyasfajta \u00e9teri hangz\u00e1st vittek sz\u00ednpadra, amit b\u00e1rmelyik sci-fi fi filmben is el tudn\u00e9k k\u00e9pzelni. A zeneipar jelenlegi sztenderdjeit\u0151l elt\u00e9r\u0151en pedig \u0151k a j\u00f3l kiforrott, fel\u00e9p\u00edtett, katarzisig vezet\u0151 szerzem\u00e9nyekben hisznek, egy-egy daluk ak\u00e1r 8-10 perces is lehet, \u00edgy nem restek szembesz\u00e1llni a norm\u00e1kkal.\u00a0<\/p>\n<p>                        <a href=\"https:\/\/galeria.index.hu\/kult\/2026\/08\/11\/sziget_fesztival_budapset_morcheeba_goran_bregovic_faithless\/\" class=\"image-link\" target=\"galesz70948809\" data-contentid=\"6261121\" data-js-galeria-url=\"https:\/\/galeria.index.hu\/kult\/2026\/08\/11\/sziget_fesztival_budapset_morcheeba_goran_bregovic_faithless\/\" data-js-galeria-open-with=\"\" rel=\"nofollow noopener\"><br \/>\n                            <img decoding=\"async\" id=\"kep70948809\" alt=\"Faithless\" border=\"0\" loading=\"lazy\" src=\"https:\/\/www.europesays.com\/hu\/wp-content\/uploads\/2026\/08\/70948903_af38510d5023f6951c2267bcbf5a09da_wm.jpg\" width=\"640\" height=\"427\" data-image_width=\"727\" data-image_height=\"485\"\/><\/p>\n<p>                         17        <\/p>\n<p>                        <\/a><\/p>\n<p>\n                        FaithlessGal\u00e9ria: Goran Bregovic, Morcheeba \u00e9s a Faithless a Sziget nulladik napj\u00e1n(Fot\u00f3: Szoll\u00e1r Zs\u00f3fi \/ Index)<\/p>\n<p>Mondan\u00e1nk, hogy a l\u00e1tv\u00e1nyvil\u00e1got tekintve lehetett volna valamivel l\u00e1tv\u00e1nyosabb a koncert, t\u00f6bb l\u00e9zerrel \u00e9s egy\u00e9b vizu\u00e1lis megold\u00e1sokkal, de tal\u00e1n pont a norm\u00e1kkal val\u00f3 szembesz\u00e1ll\u00e1s az, ami miatt nem a mostani sztenderdek ment\u00e9n mozognak ezen a t\u00e9ren sem. Ahogy arra sz\u00e1m\u00edtani lehetett, az\u00a0Insomnia, a God is a DJ \u00e9s a We Come 1\u00a0alatt \u00e9rt\u00fck el az igazi cs\u00facspontot, amelyekhez a hazai rajong\u00f3kat is sz\u00e9p eml\u00e9kek f\u0171zik. K\u00fcl\u00f6n\u00f6sk\u00e9pp amiatt, mert visszahozza a fiatals\u00e1gukat, \u00e9s most a saj\u00e1t gyerek\u00fckkel egy\u00fctt \u00e9lhett\u00e9k \u00e1t \u00fajra azokat a felh\u0151tlen id\u0151ket, vagyis k\u00f6rbe is \u00e9rt a k\u00f6r. Ki tudja, a k\u00f6vetkez\u0151, 20-30 \u00e9v m\u00falva megval\u00f3sul\u00f3 Faithless koncerten tal\u00e1n ugyan\u00fagy fognak ott \u00e1llni a saj\u00e1t gyerek\u00fckkel. \u00c9s ez a band\u00e1n nem fog m\u00falni.<\/p>\n<p>\n                          (Bor\u00edt\u00f3k\u00e9p:\u00a0Goran Bregovic 2026. augusztus 10-\u00e9n. Fot\u00f3: Szoll\u00e1r Zs\u00f3fi \/ Index)\u00a0\n                        <\/p>\n<p><a href=\"https:\/\/dex.hu\/x.php?id=googlepref_desktop&amp;url=https:\/\/google.com\/preferences\/source?q=https:\/\/index.hu\" class=\"google-pref-banner \" id=\"googlePrefBanner\" rel=\"nofollow noopener\" target=\"_blank\"><\/p>\n<p>    Itt \u00e1ll\u00edtsa be, hogy az Index az els\u0151k k\u00f6z\u00f6tt legyen a Google-tal\u00e1latokban!<\/p>\n<p><\/a><\/p>\n<p>    <img decoding=\"async\" src=\"https:\/\/index.hu\/assets\/images\/social-follow\/logo-big.svg\" alt=\"Index.hu logo\"\/><\/p>\n<p>K\u00f6vesse az Indexet Facebookon is!<\/p>\n<p>    <a href=\"https:\/\/facebook.com\/Indexhu\" target=\"_blank\" rel=\"nofollow noopener\"><\/p>\n<p>        K\u00f6vetem!<br \/>\n    <\/a><\/p>\n","protected":false},"excerpt":{"rendered":"A szigetes \u0151s\u00e9lm\u00e9nnyel rendelkez\u0151 fesztiv\u00e1loz\u00f3k el\u00e9gedetten b\u00f3linthattak, amikor kider\u00fclt, id\u00e9n \u00fajra m\u00ednusz egyedik \u00e9s nulladik nappal jelentkezik a&hellip;\n","protected":false},"author":2,"featured_media":204137,"comment_status":"","ping_status":"","sticky":false,"template":"","format":"standard","meta":{"footnotes":"","_share_on_mastodon":"0"},"categories":[16],"tags":[137,56146,56144,44,42,40,150,43,41,56145,14770,138],"class_list":["post-204136","post","type-post","status-publish","format-standard","has-post-thumbnail","category-szorakozas","tag-entertainment","tag-faithless","tag-goran-bregovic","tag-hu","tag-hungarian","tag-hungary","tag-kultur","tag-magyar","tag-magyarorszag","tag-morcheeba","tag-sziget-fesztival","tag-szorakozas"],"share_on_mastodon":{"url":"https:\/\/pubeurope.com\/@hu\/117076286106287721","error":""},"_links":{"self":[{"href":"https:\/\/www.europesays.com\/hu\/wp-json\/wp\/v2\/posts\/204136","targetHints":{"allow":["GET"]}}],"collection":[{"href":"https:\/\/www.europesays.com\/hu\/wp-json\/wp\/v2\/posts"}],"about":[{"href":"https:\/\/www.europesays.com\/hu\/wp-json\/wp\/v2\/types\/post"}],"author":[{"embeddable":true,"href":"https:\/\/www.europesays.com\/hu\/wp-json\/wp\/v2\/users\/2"}],"replies":[{"embeddable":true,"href":"https:\/\/www.europesays.com\/hu\/wp-json\/wp\/v2\/comments?post=204136"}],"version-history":[{"count":0,"href":"https:\/\/www.europesays.com\/hu\/wp-json\/wp\/v2\/posts\/204136\/revisions"}],"wp:featuredmedia":[{"embeddable":true,"href":"https:\/\/www.europesays.com\/hu\/wp-json\/wp\/v2\/media\/204137"}],"wp:attachment":[{"href":"https:\/\/www.europesays.com\/hu\/wp-json\/wp\/v2\/media?parent=204136"}],"wp:term":[{"taxonomy":"category","embeddable":true,"href":"https:\/\/www.europesays.com\/hu\/wp-json\/wp\/v2\/categories?post=204136"},{"taxonomy":"post_tag","embeddable":true,"href":"https:\/\/www.europesays.com\/hu\/wp-json\/wp\/v2\/tags?post=204136"}],"curies":[{"name":"wp","href":"https:\/\/api.w.org\/{rel}","templated":true}]}}