{"id":204150,"date":"2026-08-11T10:12:11","date_gmt":"2026-08-11T10:12:11","guid":{"rendered":"https:\/\/www.europesays.com\/hu\/204150\/"},"modified":"2026-08-11T10:12:11","modified_gmt":"2026-08-11T10:12:11","slug":"sziget-0-nap-ilyen-volt-a-faithless-es-a-morcheeba","status":"publish","type":"post","link":"https:\/\/www.europesays.com\/hu\/204150\/","title":{"rendered":"Sziget 0. nap: ilyen volt a Faithless \u00e9s a Morcheeba"},"content":{"rendered":"<p>Egy darabig k\u00e9rd\u00e9ses volt, mi lesz az idei Sziget fesztiv\u00e1l sorsa. Nem tudtuk, lesz-e vagy sem, v\u00e9g\u00fcl a fesztiv\u00e1l eredeti meg\u00e1lmod\u00f3j\u00e1nak, Gerendai K\u00e1rolynak k\u00f6sz\u00f6nhet\u0151en <a href=\"https:\/\/24.hu\/kultura\/2025\/10\/27\/gerendai-karoly-sziget-fesztival-cegalapitas\/\" target=\"_blank\" rel=\"noopener nofollow\">menek\u00fclt meg<\/a> a 2026-os felvon\u00e1s.<\/p>\n<p>Gerendainak m\u00e1r j\u00f3 ideje nem volt k\u00f6ze a Szigethez, m\u00e9gis bev\u00e1llalta a szervez\u00e9st, \u00e9s el\u0151re lehetett tudni, hogy valamit szeretne visszahozni a r\u00e9gi szellemis\u00e9g\u00e9b\u0151l \u2013 mennyire j\u00f3l tette! A <a target=\"_blank\" href=\"https:\/\/24.hu\/kultura\/2026\/08\/10\/sziget-2026-brody-janos-dalok-koncert\/\" rel=\"nofollow noopener\">Br\u00f3dy-napr\u00f3l magunk is \u00e1radoztunk<\/a>, az augusztus 10-ei 0. napon pedig a fesztiv\u00e1l 2000-es \u00e9vekb\u0151l ismert atmoszf\u00e9r\u00e1j\u00e1t id\u00e9zt\u00e9k meg a Szigeten olyan kor\u00e1bban t\u00f6bbsz\u00f6r is megfordul\u00f3 el\u0151ad\u00f3kkal, mint a Faithless, a Morcheeba, \u00e9s Goran Bregovi\u0107.<\/p>\n<p>Aki pedig teljes \u00e9lm\u00e9nyt akart, ut\u00e1na m\u00e9g afterozhatott egyet a 2009-es Sziget ikonikus rekl\u00e1marc\u00e1val, Janklovics P\u00e9terrel.<\/p>\n<p><a id=\"galeria-1\" class=\"m-nextGallery _ce_measure_widget _ce_measure_link\" href=\"https:\/\/24.hu\/kultura\/2026\/08\/11\/sziget-2026-0-nap-beszamolo-morcheeba-faithless\/?gallery=1\/1\/central-1122161700.jpg\" data-ce-measure-widget=\"gallery-open\" rel=\"nofollow noopener\" target=\"_blank\"><\/p>\n<p>\t\t<img loading=\"lazy\" decoding=\"async\" width=\"3000\" height=\"2000\" src=\"https:\/\/www.europesays.com\/hu\/wp-content\/uploads\/2026\/08\/central-1122161700.jpg\" class=\"m-nextGallery__featureImage wp-image-4792752\" alt=\"\"  \/>\t<\/p>\n<p><\/a><\/p>\n<p>Siker\u00fclt megsz\u00f3l\u00edtani a c\u00e9lk\u00f6z\u00f6ns\u00e9get<\/p>\n<p>Egy\u00e9rtelm\u0171en a nosztalgia volt a meghat\u00e1roz\u00f3 0. napon, \u00e9s b\u00e1r a szervez\u0151k nem pakolt\u00e1k rogy\u00e1sig a programt\u00e1bl\u00e1t, ami beleker\u00fclt, az t\u00f6k\u00e9letesen visszaadta azt az \u00e9let\u00e9rz\u00e9st, ami\u00e9rt a legt\u00f6bben kil\u00e1togattak h\u00e9tf\u0151 d\u00e9lut\u00e1n.<\/p>\n","protected":false},"excerpt":{"rendered":"Egy darabig k\u00e9rd\u00e9ses volt, mi lesz az idei Sziget fesztiv\u00e1l sorsa. Nem tudtuk, lesz-e vagy sem, v\u00e9g\u00fcl a&hellip;\n","protected":false},"author":2,"featured_media":204151,"comment_status":"","ping_status":"","sticky":false,"template":"","format":"standard","meta":{"footnotes":"","_share_on_mastodon":"0"},"categories":[16],"tags":[3942,137,56146,6985,44,42,40,43,41,56145,14800,138],"class_list":["post-204150","post","type-post","status-publish","format-standard","has-post-thumbnail","category-szorakozas","tag-beszamolo","tag-entertainment","tag-faithless","tag-fesztival","tag-hu","tag-hungarian","tag-hungary","tag-magyar","tag-magyarorszag","tag-morcheeba","tag-sziget-2026","tag-szorakozas"],"share_on_mastodon":{"url":"https:\/\/pubeurope.com\/@hu\/117076344710990044","error":""},"_links":{"self":[{"href":"https:\/\/www.europesays.com\/hu\/wp-json\/wp\/v2\/posts\/204150","targetHints":{"allow":["GET"]}}],"collection":[{"href":"https:\/\/www.europesays.com\/hu\/wp-json\/wp\/v2\/posts"}],"about":[{"href":"https:\/\/www.europesays.com\/hu\/wp-json\/wp\/v2\/types\/post"}],"author":[{"embeddable":true,"href":"https:\/\/www.europesays.com\/hu\/wp-json\/wp\/v2\/users\/2"}],"replies":[{"embeddable":true,"href":"https:\/\/www.europesays.com\/hu\/wp-json\/wp\/v2\/comments?post=204150"}],"version-history":[{"count":0,"href":"https:\/\/www.europesays.com\/hu\/wp-json\/wp\/v2\/posts\/204150\/revisions"}],"wp:featuredmedia":[{"embeddable":true,"href":"https:\/\/www.europesays.com\/hu\/wp-json\/wp\/v2\/media\/204151"}],"wp:attachment":[{"href":"https:\/\/www.europesays.com\/hu\/wp-json\/wp\/v2\/media?parent=204150"}],"wp:term":[{"taxonomy":"category","embeddable":true,"href":"https:\/\/www.europesays.com\/hu\/wp-json\/wp\/v2\/categories?post=204150"},{"taxonomy":"post_tag","embeddable":true,"href":"https:\/\/www.europesays.com\/hu\/wp-json\/wp\/v2\/tags?post=204150"}],"curies":[{"name":"wp","href":"https:\/\/api.w.org\/{rel}","templated":true}]}}