{"id":204185,"date":"2026-08-11T10:45:10","date_gmt":"2026-08-11T10:45:10","guid":{"rendered":"https:\/\/www.europesays.com\/hu\/204185\/"},"modified":"2026-08-11T10:45:10","modified_gmt":"2026-08-11T10:45:10","slug":"telex-tavolleteben-halalra-iteltek-bassar-el-aszad-bukott-sziriai-diktatort","status":"publish","type":"post","link":"https:\/\/www.europesays.com\/hu\/204185\/","title":{"rendered":"Telex: T\u00e1voll\u00e9t\u00e9ben hal\u00e1lra \u00edt\u00e9lt\u00e9k Bass\u00e1r el-Aszad bukott sz\u00edriai dikt\u00e1tort"},"content":{"rendered":"<p><a href=\"https:\/\/telex.hu\/szerzo\/vida-benjamin\" class=\"author__avatar\" rel=\"nofollow noopener\" target=\"_blank\"><img decoding=\"async\" src=\"https:\/\/www.europesays.com\/hu\/wp-content\/uploads\/2026\/08\/1786445110_133_1779968758-temp-d13es9pehhag0mlfahk_avatar@4x.jpg\" alt=\"Vida Benj\u00e1min\" class=\"avatar\" loading=\"lazy\"\/><\/a><\/p>\n<p>\u00c1ll\u00edtsd be a Telexet megb\u00edzhat\u00f3 forr\u00e1snak!<\/p>\n<p>Kedden egy sz\u00edriai b\u00edr\u00f3s\u00e1g t\u00e1voll\u00e9t\u00e9ben hal\u00e1lra \u00edt\u00e9lte Bass\u00e1r el-Aszad volt sz\u00edriai eln\u00f6k\u00f6t emberiess\u00e9g elleni \u00e9s h\u00e1bor\u00fas b\u0171ncselekm\u00e9nyek miatt \u2013 \u00edrta a <a href=\"https:\/\/news.sky.com\/story\/bashar-al-assad-sentenced-to-death-in-absentia-by-syrian-court-for-war-crimes-13571874\" target=\"_blank\" rel=\"nofollow noopener\">Sky News<\/a>.<\/p>\n<p>Bass\u00e1r el-Aszad testv\u00e9r\u00e9t, Maher el-Aszadot is el\u00edt\u00e9lt\u00e9k a sz\u00edriai rezsim uralkod\u00e1sa alatt elk\u00f6vetett b\u0171ncselekm\u00e9nyek miatt. Aszad anyai unokatestv\u00e9r\u00e9t, \u00c1tef Nadzs\u00edbot \u2013 akit Sz\u00edri\u00e1ban tartanak fogva \u2013 szint\u00e9n hal\u00e1lra \u00edt\u00e9lt\u00e9k, mert \u0151 vezette a 2011-es megtorl\u00e1st a d\u00e9l-sz\u00edriai Daraa tartom\u00e1nyban, ahol tizen\u00e9veseket vettek \u0151rizetbe \u00e9s k\u00ednoztak meg rezsimellenes graffitik miatt.<\/p>\n<p>Bass\u00e1r el-Aszad 2000 \u00e9s 2024 decembere k\u00f6z\u00f6tt volt Sz\u00edria eln\u00f6ke. A poz\u00edci\u00f3t apj\u00e1t\u00f3l \u00f6r\u00f6k\u00f6lte, hatalomra jut\u00e1sa ut\u00e1n <a href=\"https:\/\/telex.hu\/kulfold\/2024\/12\/09\/sziria-aszad-bukas-polgarhaboru-lazadok-diktator-oroszorszag-iran\" class=\"\" rel=\"nofollow noopener\" target=\"_blank\">apj\u00e1n\u00e1l j\u00f3val kem\u00e9nyebb diktat\u00f3rikus rendszert \u00e9p\u00edtett ki<\/a>. 2011-ben Sz\u00edri\u00e1ban forradalom t\u00f6rt ki, amelyet Aszad brut\u00e1lis eszk\u00f6z\u00f6kkel igyekezett v\u00e9rbe fojtani. A korm\u00e1nyer\u0151k \u00e9s orosz sz\u00f6vets\u00e9geseik t\u00f6bb sz\u00e1zezer civilt gyilkoltak meg, \u00e9s a konfliktus sor\u00e1n t\u00f6bbsz\u00f6r bevetettek vegyi fegyvereket. 2021-re Aszad\u00e9k az orsz\u00e1g nagy r\u00e9sz\u00e9t visszafoglalt\u00e1k, de 2024-ben, t\u00f6bb mint 13 \u00e9vnyi polg\u00e1rh\u00e1bor\u00fa, t\u00f6bb sz\u00e1zezer civil \u00e1ldozat, t\u00f6bb milli\u00f3 menek\u00fclt \u00e9s megannyi h\u00e1bor\u00fas b\u0171ncselekm\u00e9ny ut\u00e1n kevesebb mint <a href=\"https:\/\/telex.hu\/kulfold\/2024\/12\/08\/sziria-aszad-rezsim-bukasa-iszlamista-damaszkusz-elemzes\" class=\"\" rel=\"nofollow noopener\" target=\"_blank\">k\u00e9t h\u00e9t alatt \u00f6sszeomlott Bass\u00e1r el-Aszad uralma<\/a>. Az orsz\u00e1got 2000 \u00f3ta vasmarokkal ir\u00e1ny\u00edt\u00f3 dikt\u00e1tor elmenek\u00fclt Damaszkuszb\u00f3l, <a href=\"https:\/\/telex.hu\/kulfold\/2025\/12\/15\/bassar-el-aszad-bukott-sziriai-diktator-moszkva-csalad-maganelet-luxus\" class=\"\" rel=\"nofollow noopener\" target=\"_blank\">az\u00f3ta \u0151 \u00e9s csal\u00e1dja elszigetelt, csendes luxus\u00e9letet \u00e9l Moszkv\u00e1ban<\/a>.<\/p>\n<p>Aszad buk\u00e1sa ut\u00e1n Sz\u00edria-szerte t\u00f6bb t\u00f6megs\u00edrt azonos\u00edtottak, az egyikben becsl\u00e9sek szerint legal\u00e1bb sz\u00e1zezer, felt\u00e9telezhet\u0151en az Aszad-rezsim uralma alatt megk\u00ednzott \u00e9s meg\u00f6lt \u00e1ldozat holttest\u00e9t <a href=\"https:\/\/telex.hu\/kulfold\/2024\/12\/17\/sziria-tomegsir-szazeezer-halott-aszad-rezsim-amerikai-szervezet\" class=\"\" rel=\"nofollow noopener\" target=\"_blank\">tal\u00e1lt\u00e1k meg<\/a>.<\/p>\n<p>Partnereinkt\u0151l<\/p>\n<p>\u00c1ll\u00edtsd be a Telexet megb\u00edzhat\u00f3 forr\u00e1snak!<\/p>\n<p>K\u00f6vess minket Facebookon is!<\/p>\n","protected":false},"excerpt":{"rendered":"\u00c1ll\u00edtsd be a Telexet megb\u00edzhat\u00f3 forr\u00e1snak! Kedden egy sz\u00edriai b\u00edr\u00f3s\u00e1g t\u00e1voll\u00e9t\u00e9ben hal\u00e1lra \u00edt\u00e9lte Bass\u00e1r el-Aszad volt sz\u00edriai eln\u00f6k\u00f6t&hellip;\n","protected":false},"author":2,"featured_media":204186,"comment_status":"","ping_status":"","sticky":false,"template":"","format":"standard","meta":{"footnotes":"","_share_on_mastodon":"0"},"categories":[8],"tags":[56164,23779,53276,42,64,43,34,1039,94,93,92],"class_list":["post-204185","post","type-post","status-publish","format-standard","has-post-thumbnail","category-vilag","tag-bassar-el-aszad","tag-diktator","tag-halalos-itelet","tag-hungarian","tag-kulfold","tag-magyar","tag-news","tag-sziria","tag-vilag","tag-world","tag-world-news"],"share_on_mastodon":{"url":"https:\/\/pubeurope.com\/@hu\/117076474974716530","error":""},"_links":{"self":[{"href":"https:\/\/www.europesays.com\/hu\/wp-json\/wp\/v2\/posts\/204185","targetHints":{"allow":["GET"]}}],"collection":[{"href":"https:\/\/www.europesays.com\/hu\/wp-json\/wp\/v2\/posts"}],"about":[{"href":"https:\/\/www.europesays.com\/hu\/wp-json\/wp\/v2\/types\/post"}],"author":[{"embeddable":true,"href":"https:\/\/www.europesays.com\/hu\/wp-json\/wp\/v2\/users\/2"}],"replies":[{"embeddable":true,"href":"https:\/\/www.europesays.com\/hu\/wp-json\/wp\/v2\/comments?post=204185"}],"version-history":[{"count":0,"href":"https:\/\/www.europesays.com\/hu\/wp-json\/wp\/v2\/posts\/204185\/revisions"}],"wp:featuredmedia":[{"embeddable":true,"href":"https:\/\/www.europesays.com\/hu\/wp-json\/wp\/v2\/media\/204186"}],"wp:attachment":[{"href":"https:\/\/www.europesays.com\/hu\/wp-json\/wp\/v2\/media?parent=204185"}],"wp:term":[{"taxonomy":"category","embeddable":true,"href":"https:\/\/www.europesays.com\/hu\/wp-json\/wp\/v2\/categories?post=204185"},{"taxonomy":"post_tag","embeddable":true,"href":"https:\/\/www.europesays.com\/hu\/wp-json\/wp\/v2\/tags?post=204185"}],"curies":[{"name":"wp","href":"https:\/\/api.w.org\/{rel}","templated":true}]}}