{"id":204203,"date":"2026-08-11T10:58:07","date_gmt":"2026-08-11T10:58:07","guid":{"rendered":"https:\/\/www.europesays.com\/hu\/204203\/"},"modified":"2026-08-11T10:58:07","modified_gmt":"2026-08-11T10:58:07","slug":"europai-tengerpartok-szabalyai-a-vizbe-pisilest-is-buntetik","status":"publish","type":"post","link":"https:\/\/www.europesays.com\/hu\/204203\/","title":{"rendered":"Eur\u00f3pai tengerpartok szab\u00e1lyai: a v\u00edzbe pisil\u00e9st is b\u00fcntetik"},"content":{"rendered":"<p>Eur\u00f3pa n\u00e9pszer\u0171 tengerpartjain egyre szigor\u00fabb szab\u00e1lyokkal pr\u00f3b\u00e1lj\u00e1k visszaszor\u00edtani a t\u00falturizmus k\u00e1ros hat\u00e1sait \u00e9s meg\u00f3vni a k\u00f6rnyezetet.<br \/>\nT\u00f6bb helyen a doh\u00e1nyz\u00e1s, a hangos zene \u00e9s a f\u00fcrd\u0151ruha utcai visel\u00e9se is tilos, a szab\u00e1lyszeg\u0151k pedig ak\u00e1r t\u00f6bb ezer eur\u00f3s b\u00edrs\u00e1got kaphatnak.<br \/>\nSpanyolorsz\u00e1g egyes tengerpartjain m\u00e9g a tengerbe pisil\u00e9s\u00e9rt is b\u00fcntet\u00e9s j\u00e1rhat, m\u00e1shol a naperny\u0151k vagy a h\u00e1zi\u00e1llatok jelenl\u00e9t\u00e9t korl\u00e1tozz\u00e1k.<\/p>\n<p>Ha id\u00e9n ny\u00e1ron valamelyik n\u00e9pszer\u0171 <a href=\"https:\/\/marieclaire.hu\/utazas\/2022\/08\/23\/tengerpart-utazas-szeptember-europa\/\" rel=\"nofollow noopener\" target=\"_blank\">eur\u00f3pai tengerparton<\/a> nyaralunk, nem \u00e1rt el\u0151re t\u00e1j\u00e9koz\u00f3dni, a szab\u00e1lyok ugyanis \u00fati c\u00e9lonk\u00e9nt jelent\u0151sen elt\u00e9rhetnek. A <a href=\"https:\/\/marieclaire.hu\/eletmod\/2026\/06\/20\/europa-legtisztabb-furdoviz-magyarorszag\/\" rel=\"nofollow noopener\" target=\"_blank\">t\u00f6megturizmus okozta terhel\u00e9s<\/a> \u00e9s a part menti \u00e9l\u0151vil\u00e1g v\u00e9delme miatt sz\u00e1mos orsz\u00e1g szigor\u00fabb el\u0151\u00edr\u00e1sokat vezetett be. Van, ahol a hordozhat\u00f3 hangsz\u00f3r\u00f3kat \u00e9s a doh\u00e1nyz\u00e1st tiltott\u00e1k be, m\u00e1shol az utcai f\u00fcrd\u0151ruh\u00e1s megjelen\u00e9st korl\u00e1tozz\u00e1k, s\u0151t olyan hely is akad, ahol a tengerbe pisil\u00e9s\u00e9rt szabnak ki b\u00edrs\u00e1got.<\/p>\n<p>Korl\u00e1tozz\u00e1k a naperny\u0151k \u00e9s m\u00e1s strandfelszerel\u00e9sek haszn\u00e1lat\u00e1t<\/p>\n<p>Egyes strandokon m\u00e1r azt is szab\u00e1lyozz\u00e1k, milyen felszerel\u00e9seket vihet\u00fcnk magunkkal.\u00a0<\/p>\n<p>Szard\u00edni\u00e1n, Villasimius Punta Molentis strandj\u00e1n korl\u00e1tozt\u00e1k a naperny\u0151k, s\u00e1trak \u00e9s pavilonok haszn\u00e1lat\u00e1t. A helyiek \u00e9s a turist\u00e1k tiltakoz\u00e1sa ut\u00e1n v\u00e9g\u00fcl csal\u00e1donk\u00e9nt vagy t\u00e1rsas\u00e1gonk\u00e9nt egy naperny\u0151t enged\u00e9lyeztek, de azt kiz\u00e1r\u00f3lag a strand szem\u00e9lyzete \u00e1ltal kijel\u00f6lt helyeken lehet fel\u00e1ll\u00edtani.<br \/>\nA szint\u00e9n szard\u00edniai La Pelosa strandon a f\u00fcrd\u0151z\u0151knek speci\u00e1lis gy\u00e9k\u00e9nyal\u00e1t\u00e9tet kell tenni\u00fck a t\u00f6r\u00f6lk\u00f6z\u0151j\u00fck al\u00e1, hogy kevesebb homokot vigyenek magukkal. A szab\u00e1ly megszeg\u0151ire ak\u00e1r 100 eur\u00f3s b\u00edrs\u00e1g is v\u00e1rhat.<br \/>\nG\u00f6r\u00f6gorsz\u00e1gban m\u00e1r 251 olyan strand tal\u00e1lhat\u00f3, ahol sem \u00e1lland\u00f3, sem ideiglenesen fel\u00e1ll\u00edtott l\u00e9tes\u00edtm\u00e9nyek \u2013 p\u00e9ld\u00e1ul b\u00fcf\u00e9k, b\u00e1rok, \u00f6lt\u00f6z\u0151k vagy m\u00e1s kiszolg\u00e1l\u00f3egys\u00e9gek \u2013 nem m\u0171k\u00f6dhetnek. Ezeken a partszakaszokon b\u00e9relhet\u0151 nap\u00e1gyakat \u00e9s naperny\u0151ket sem helyezhetnek ki.<\/p>\n<p>Egyre t\u00f6bb strandon tilos a doh\u00e1nyz\u00e1s<\/p>\n<p><a href=\"https:\/\/marieclaire.hu\/utazas\/2022\/10\/25\/spanyolorszag-vakacio-osszel\/\" rel=\"nofollow noopener\" target=\"_blank\">Spanyolorsz\u00e1g<\/a> t\u00f6bb mint 600 tengerpartj\u00e1n tiltj\u00e1k a doh\u00e1nyz\u00e1st \u00e9s az elektromos cigaretta haszn\u00e1lat\u00e1t. Az int\u00e9zked\u00e9s t\u00f6bbek k\u00f6z\u00f6tt Barcelona, San Sebasti\u00e1n, a Bale\u00e1r-szigetek \u00e9s a Kan\u00e1ri-szigetek egyes partszakaszait is \u00e9rinti.<br \/>\nFranciaorsz\u00e1gban orsz\u00e1gos tilalom van \u00e9rv\u00e9nyben a kijel\u00f6lt f\u00fcrd\u0151helyekkel rendelkez\u0151 tengerpartokon, a szab\u00e1lyszeg\u0151ket pedig 135 eur\u00f3ra b\u00fcntethetik.<br \/>\nOlaszorsz\u00e1g sz\u00e1mos tengerparti ter\u00fclet\u00e9n szint\u00e9n hasonl\u00f3 korl\u00e1toz\u00e1sokkal tal\u00e1lkozhatunk, k\u00fcl\u00f6n\u00f6sen Veneto, Emilia-Romagna, Szard\u00ednia \u00e9s Puglia r\u00e9gi\u00f3j\u00e1ban.<\/p>\n<p><img loading=\"lazy\" title=\"europa-tengerpart-szabalyok-birsag | Marie Claire\" aria-describedby=\"caption-attachment-466636\" decoding=\"async\" class=\"size-full wp-image-466636\" src=\"https:\/\/www.europesays.com\/hu\/wp-content\/uploads\/2026\/08\/GettyImages-2268768103.jpg\" alt=\"L\u00e9gi felv\u00e9tel a spanyolorsz\u00e1gi Mallorca sziget\u00e9n, Magalufban tal\u00e1lhat\u00f3 strandr\u00f3l.\" width=\"2121\" height=\"1414\"  \/><\/p>\n<p id=\"caption-attachment-466636\" class=\"wp-caption-text\">Ezek\u00e9rt is megb\u00fcntethetnek Eur\u00f3pa tengerpartjain<\/p>\n<p>A f\u00fcrd\u0151ruha maradjon a tengerparton<\/p>\n<p>Sz\u00e1mos tengerparti \u00fati c\u00e9lon m\u00e1r nem n\u00e9zik j\u00f3 szemmel, ha valaki f\u00fcrd\u0151ruh\u00e1ban s\u00e9t\u00e1l a v\u00e1ros utc\u00e1in.<\/p>\n<p>Az olaszorsz\u00e1gi Sorrent\u00f3ban ak\u00e1r 500 eur\u00f3s b\u00edrs\u00e1got is kaphat, aki csup\u00e1n bikiniben vagy f\u00fcrd\u0151ruh\u00e1ban jelenik meg a k\u00f6zter\u00fcleteken.<br \/>\nA portug\u00e1liai Albufeir\u00e1ban 300-t\u00f3l 1500 eur\u00f3ig terjed\u0151 b\u00fcntet\u00e9sre sz\u00e1m\u00edthat az, aki a strandokon, medenc\u00e9ken vagy sz\u00e1llod\u00e1kon k\u00edv\u00fcl is f\u00fcrd\u0151ruh\u00e1ban mutatkozik.<br \/>\nHasonl\u00f3 szab\u00e1lyok vannak \u00e9rv\u00e9nyben Barcelon\u00e1ban \u00e9s Mallorc\u00e1n, valamint a horv\u00e1torsz\u00e1gi Splitben, Dubrovnikban \u00e9s Hvaron is. Ezekben a v\u00e1rosokban a p\u00f3l\u00f3 n\u00e9lk\u00fcli vagy kiz\u00e1r\u00f3lag f\u00fcrd\u0151ruh\u00e1s megjelen\u00e9st a k\u00f6zrend megzavar\u00e1s\u00e1nak tekinthetik.<br \/>\nA franciaorsz\u00e1gi Nizz\u00e1ban ugyancsak megb\u00edrs\u00e1golhatj\u00e1k azokat, akik a strandon k\u00edv\u00fcl fedetlen fels\u0151testtel k\u00f6zlekednek, \u00e9s az olaszorsz\u00e1gi Com\u00f3i-t\u00f3 partj\u00e1n fekv\u0151 Varenna is hasonl\u00f3 el\u0151\u00edr\u00e1sokat vezetett be.<\/p>\n<p>A tengerbe pisil\u00e9s\u00e9rt is b\u00edrs\u00e1g j\u00e1rhat<\/p>\n<p>B\u00e1rmilyen szokatlanul hangzik, Spanyolorsz\u00e1g bizonyos r\u00e9szein m\u00e9g azt is p\u00e9nzb\u00edrs\u00e1ggal s\u00fajthatj\u00e1k, aki a tengerbe pisil. A gal\u00edciai Vigo v\u00e1ros\u00e1ban ez\u00e9rt ak\u00e1r 750 eur\u00f3s b\u00fcntet\u00e9st is kiszabhatnak. 2024 \u00f3ta Marbella 25 strandj\u00e1n szint\u00e9n hasonl\u00f3 tilalom van \u00e9rv\u00e9nyben.<\/p>\n<p>A hangos zene is sokba ker\u00fclhet<\/p>\n<p>Portug\u00e1lia strandjain m\u00e1r 2023 \u00f3ta tilos nagy hanger\u0151vel zen\u00e9t hallgatni hordozhat\u00f3 hangsz\u00f3r\u00f3kon. Mag\u00e1nszem\u00e9lyek eset\u00e9ben a b\u00edrs\u00e1g 200 \u00e9s 4000 eur\u00f3 k\u00f6z\u00f6tt mozoghat, csoportokn\u00e1l pedig ak\u00e1r 36 ezer eur\u00f3ra is r\u00faghat. A hat\u00f3s\u00e1gok emellett a hangsz\u00f3r\u00f3t is elkobozhatj\u00e1k.<\/p>\n<p>Nem mindenhov\u00e1 vihetj\u00fck magunkkal a kuty\u00e1nkat<\/p>\n<p>Olaszorsz\u00e1g, Spanyolorsz\u00e1g, Franciaorsz\u00e1g \u00e9s Horv\u00e1torsz\u00e1g sz\u00e1mos strandj\u00e1ra a f\u0151szezonban egy\u00e1ltal\u00e1n nem vihet\u0151k be kuty\u00e1k, m\u00e1shol pedig csak a nap meghat\u00e1rozott id\u0151szakaiban tart\u00f3zkodhatnak a parton. A ny\u00e1ri h\u00f3napokban a lovakra is hasonl\u00f3 korl\u00e1toz\u00e1sok vonatkozhatnak.<\/p>\n<p>\u00c9s b\u00e1rmilyen meglep\u0151, m\u00e9g az elef\u00e1ntok sz\u00e1m\u00e1ra is l\u00e9tezik k\u00fcl\u00f6n strandszab\u00e1ly.<\/p>\n<p>A normandiai Granville-ben 2009 \u00f3ta tilos elef\u00e1ntot vinni a partra. Az int\u00e9zked\u00e9st azut\u00e1n vezett\u00e9k be, hogy egy v\u00e1ndorcirkusz elef\u00e1ntjai bes\u00e9t\u00e1ltak a tengerbe, \u00e9s nem \u00e9ppen kellemes eml\u00e9ket hagytak maguk ut\u00e1n.<\/p>\n<p>Forr\u00e1s: <a href=\"https:\/\/www.marieclaire.gr\/art-lifestyle\/i-kanones-pou-ischioun-stis-paralies-tis-evropis-to-fetino-kalokeri-apo-ta-ichia-me-mousiki-mechri-tin-ourisi-sti-thalassa\/\" rel=\"nofollow noopener\" target=\"_blank\">Marie Claire G\u00f6r\u00f6gorsz\u00e1g<\/a> Fot\u00f3: Getty Images<\/p>\n<p>\t\tOlvass tov\u00e1bb<\/p>\n<p>\t\t\t\t\t\t\t\t\t<a class=\"m-postListWidget__img m-postList__img\" href=\"https:\/\/marieclaire.hu\/eletmod\/2026\/07\/22\/mergezo-gombhal-capa-foldkozi-tenger-nyaralas\/\" rel=\"nofollow noopener\" target=\"_blank\"><br \/>\n\t\t\t\t\t\t<img width=\"480\" height=\"320\" src=\"https:\/\/www.europesays.com\/hu\/wp-content\/uploads\/2026\/08\/gombhal-480x320.jpg\" class=\"attachment-central-medium size-central-medium wp-post-image\" alt=\"G\u00f6mbhal tengeri akv\u00e1riumban\" decoding=\"async\" loading=\"lazy\"   title=\"gombhal | Marie Claire\"\/>\t\t\t\t\t<\/a><\/p>\n<p>\t\tAj\u00e1nlott vide\u00f3<\/p>\n","protected":false},"excerpt":{"rendered":"Eur\u00f3pa n\u00e9pszer\u0171 tengerpartjain egyre szigor\u00fabb szab\u00e1lyokkal pr\u00f3b\u00e1lj\u00e1k visszaszor\u00edtani a t\u00falturizmus k\u00e1ros hat\u00e1sait \u00e9s meg\u00f3vni a k\u00f6rnyezetet. T\u00f6bb helyen&hellip;\n","protected":false},"author":2,"featured_media":204204,"comment_status":"","ping_status":"","sticky":false,"template":"","format":"standard","meta":{"footnotes":"","_share_on_mastodon":"0"},"categories":[3],"tags":[1432,107,106,105,42,43,4128,1426,674],"class_list":["post-204203","post","type-post","status-publish","format-standard","has-post-thumbnail","category-europa","tag-birsag","tag-eu","tag-europa","tag-europe","tag-hungarian","tag-magyar","tag-szabalyok","tag-tengerpart","tag-utazas"],"share_on_mastodon":{"url":"https:\/\/pubeurope.com\/@hu\/117076525336392416","error":""},"_links":{"self":[{"href":"https:\/\/www.europesays.com\/hu\/wp-json\/wp\/v2\/posts\/204203","targetHints":{"allow":["GET"]}}],"collection":[{"href":"https:\/\/www.europesays.com\/hu\/wp-json\/wp\/v2\/posts"}],"about":[{"href":"https:\/\/www.europesays.com\/hu\/wp-json\/wp\/v2\/types\/post"}],"author":[{"embeddable":true,"href":"https:\/\/www.europesays.com\/hu\/wp-json\/wp\/v2\/users\/2"}],"replies":[{"embeddable":true,"href":"https:\/\/www.europesays.com\/hu\/wp-json\/wp\/v2\/comments?post=204203"}],"version-history":[{"count":0,"href":"https:\/\/www.europesays.com\/hu\/wp-json\/wp\/v2\/posts\/204203\/revisions"}],"wp:featuredmedia":[{"embeddable":true,"href":"https:\/\/www.europesays.com\/hu\/wp-json\/wp\/v2\/media\/204204"}],"wp:attachment":[{"href":"https:\/\/www.europesays.com\/hu\/wp-json\/wp\/v2\/media?parent=204203"}],"wp:term":[{"taxonomy":"category","embeddable":true,"href":"https:\/\/www.europesays.com\/hu\/wp-json\/wp\/v2\/categories?post=204203"},{"taxonomy":"post_tag","embeddable":true,"href":"https:\/\/www.europesays.com\/hu\/wp-json\/wp\/v2\/tags?post=204203"}],"curies":[{"name":"wp","href":"https:\/\/api.w.org\/{rel}","templated":true}]}}