{"id":204730,"date":"2026-08-11T22:41:19","date_gmt":"2026-08-11T22:41:19","guid":{"rendered":"https:\/\/www.europesays.com\/hu\/204730\/"},"modified":"2026-08-11T22:41:19","modified_gmt":"2026-08-11T22:41:19","slug":"index-fomo-erre-az-igenre-vart-a-fel-vilag-osszehazasodott-cristiano-ronaldo-es-georgina-rodriguez","status":"publish","type":"post","link":"https:\/\/www.europesays.com\/hu\/204730\/","title":{"rendered":"Index &#8211; FOMO &#8211; Erre az igenre v\u00e1rt a f\u00e9l vil\u00e1g, \u00f6sszeh\u00e1zasodott Cristiano Ronaldo \u00e9s Georgina Rodr\u00edguez"},"content":{"rendered":"<p>                <a href=\"https:\/\/index.hu\/szerzo\/kozics_julia\" rel=\"nofollow noopener\" target=\"_blank\"><br \/>\n                        <img decoding=\"async\" class=\"szerzo-kep\" src=\"https:\/\/www.europesays.com\/hu\/wp-content\/uploads\/2026\/08\/1786488076_835_47131014_3593466_67d38cef287eb7d43452c95f499701cd_wm.jpg\" alt=\"- kj -\"\/><br \/>\n                <\/a><\/p>\n<p>\n                Cristiano Ronaldo \u00e9s Georgina Rodr\u00edguez \u00f6sszeh\u00e1zasodott Portug\u00e1li\u00e1ban. A p\u00e1r kedden, sz\u0171k k\u00f6r\u0171 polg\u00e1ri cerem\u00f3ni\u00e1n mondta ki a boldog\u00edt\u00f3 igent, amelyen \u00f6t gyermek\u00fck is jelen volt.            <\/p>\n<p>Cristiano Ronaldo \u00e9s Georgina Rodr\u00edguez \u00f6sszeh\u00e1zasodott Portug\u00e1li\u00e1ban, egy sz\u0171k k\u00f6r\u0171 polg\u00e1ri cerem\u00f3ni\u00e1n. A keddi esk\u00fcv\u0151n a p\u00e1r \u00f6t gyermeke is jelen volt \u2013 k\u00f6z\u00f6lte a futballista k\u00e9pvisel\u0151je a <a href=\"https:\/\/www.dailymail.com\/tvshowbiz\/article-16045363\/Cristiano-Ronaldo-Georgina-Rodriguez-married-ceremony-Portugal.html\" id=\"hyperlink_1e3f96def5f7fc42f1d4b8c47c4b8180\" rel=\"nofollow noopener\" target=\"_blank\">Daily Mail<\/a> besz\u00e1mol\u00f3ja szerint.\u00a0<\/p>\n<p>A 41 \u00e9ves portug\u00e1l futballszt\u00e1r az Instagramon is bejelentette a h\u00e1zass\u00e1got: egy fot\u00f3t osztott meg a k\u00e9t karikagy\u0171r\u0171r\u0151l. Ronaldo k\u00e9pvisel\u0151je meger\u0151s\u00edtette, hogy a cerem\u00f3ni\u00e1t a portug\u00e1liai Cascaisban tartott\u00e1k, \u00e9s a p\u00e1r mostant\u00f3l hivatalosan is f\u00e9rj \u00e9s feles\u00e9g.<\/p>\n<p>Az esk\u00fcv\u0151re egy \u00e9vvel az eljegyz\u00e9s\u00fck ut\u00e1n ker\u00fclt sor. Az elm\u00falt napokban m\u00e1r <a href=\"https:\/\/index.hu\/sport\/futball\/2026\/08\/02\/christiano-ronaldo-eskuvo-helyszin-madeira-georgina-rodriguez-funchal\/\" id=\"hyperlink_e2c8ee1fc25a48f8353ad95c72608c19\" target=\"_blank\" title=\"Kisziv\u00e1rgott Cristiano Ronaldo titkos esk\u00fcv\u0151j\u00e9nek helysz\u00edne\" rel=\"nofollow noopener\">felr\u00f6ppentek<\/a> a <a href=\"https:\/\/index.hu\/sport\/futball\/2026\/08\/04\/cristiano-ronaldo-gerogina-rodriguez-eskuvo-reszletek-portugal-valogatott\/\" id=\"hyperlink_93e404989b0673510d0d00651a8a7d40\" target=\"_blank\" title=\"Titkos r\u00e9szletek der\u00fcltek ki Cristiano Ronaldo esk\u00fcv\u0151j\u00e9r\u0151l\" data-recommendation=\"bekezdes_utan\" data-recommendation-preview=\"{&quot;og:title&quot;:&quot;Titkos r\u00e9szletek der\u00fcltek ki Cristiano Ronaldo esk\u00fcv\\u0151j\u00e9r\\u0151l&quot;,&quot;og:description&quot;:&quot;Az \u00f6tsz\u00f6r\u00f6s aranylabd\u00e1s 2016 \u00f3ta alkot egy p\u00e1rt Georgina Rodr\u00edguezzel, akinek tavaly k\u00e9rte meg a kez\u00e9t.&quot;,&quot;og:image&quot;:&quot;\\\/\\\/kep.cdn.indexvas.hu\\\/1\\\/0\\\/7084\\\/70843\\\/708431\\\/70843109_5225221_8dc10578ed08c82e8940c003d231435b_wm.jpg&quot;}\" data-recommendation-id=\"6257727\" rel=\"nofollow noopener\">h\u00e1zass\u00e1gk\u00f6t\u00e9s\u00fckr\u0151l sz\u00f3l\u00f3 h\u00edrek<\/a>, miut\u00e1n olyan inform\u00e1ci\u00f3k l\u00e1ttak napvil\u00e1got, hogy a p\u00e1r a\u00a0funchali sz\u00e9kesegyh\u00e1zban k\u00e9sz\u00fcl egybekelni. A helysz\u00edn el\u0151tt t\u00f6bb ezer rajong\u00f3 gy\u0171lt \u00f6ssze, k\u00e9s\u0151bb azonban kider\u00fclt, hogy Ronaldo \u00e9s Rodr\u00edguez nem ott tartja az esk\u00fcv\u0151j\u00e9t: a templomban egy teljesen m\u00e1sik portug\u00e1l p\u00e1r h\u00e1zasodott.<\/p>\n<p>Ronaldo \u00e9s Rodr\u00edguez 2016-ban ismerkedett meg, amikor a n\u0151 egy madridi Gucci-\u00fczletben dolgozott. Rodr\u00edguez eredetileg kor\u00e1bban v\u00e9gzett volna aznap, \u00e1m egy koll\u00e9g\u00e1ja megk\u00e9rte, hogy maradjon m\u00e9g egy kiemelt \u00fcgyf\u00e9l miatt. Amikor v\u00e9g\u00fcl elhagyta az \u00fczletet, Ronaldo \u00e9ppen meg\u00e9rkezett legid\u0151sebb fi\u00e1val \u00e9s n\u00e9h\u00e1ny bar\u00e1tj\u00e1val. A <a href=\"https:\/\/index.hu\/sport\/futball\/2025\/08\/12\/cristiano-ronaldo-georgina-eljegyzes-gyuru-ot-gyerek-hazassag-eskuvo\/\" id=\"hyperlink_9967480013ef2bd65ec6fc6cb89c3492\" target=\"_blank\" title=\"\u00c9s Georgina azt mondta: Siuuu! Cristiano Ronaldo feles\u00e9g\u00fcl veszi nyolc \u00e9ve vele \u00e9l\u0151 bar\u00e1tn\u0151j\u00e9t\" data-recommendation=\"bekezdes_utan\" data-recommendation-preview=\"{&quot;og:title&quot;:&quot;\u00c9s Georgina azt mondta: Siuuu! Cristiano Ronaldo feles\u00e9g\u00fcl veszi nyolc \u00e9ve vele \u00e9l\\u0151 bar\u00e1tn\\u0151j\u00e9t&quot;,&quot;og:description&quot;:&quot;Az \u00e9kszer\u00e9szek a jegygy\\u0171r\\u0171 \u00e9rt\u00e9k\u00e9t 851 milli\u00f3 \u00e9s 1,7 milli\u00e1rd forint k\u00f6z\u00e9 teszik.&quot;,&quot;og:image&quot;:&quot;\\\/\\\/kep.cdn.indexvas.hu\\\/1\\\/0\\\/6379\\\/63798\\\/637986\\\/63798649_4717917_746ac59def12a90e79107346b90722b4_wm.jpg&quot;}\" data-recommendation-id=\"6052831\" rel=\"nofollow noopener\">kapcsolatuk hamar komolyra fordult<\/a>, 2017-ben pedig bejelentett\u00e9k, hogy egy p\u00e1rt alkotnak.\u00a0<\/p>\n<p><a href=\"https:\/\/dex.hu\/x.php?id=googlepref_desktop&amp;url=https:\/\/google.com\/preferences\/source?q=https:\/\/index.hu\" class=\"google-pref-banner \" id=\"googlePrefBanner\" rel=\"nofollow noopener\" target=\"_blank\"><\/p>\n<p>    Itt \u00e1ll\u00edtsa be, hogy az Index az els\u0151k k\u00f6z\u00f6tt legyen a Google-tal\u00e1latokban!<\/p>\n<p><\/a><\/p>\n<p>                <a href=\"https:\/\/konyvek.index.hu\/\" target=\"_blank\" rel=\"nofollow noopener\"><br \/>\n                <img decoding=\"async\" src=\"https:\/\/index.hu\/assets\/images\/konyvajanlo\/book_indapress\/book_indapress_logo.svg\" loading=\"lazy\" alt=\"Inda Press Kiad\u00f3\"\/><br \/>\n                <\/a><\/p>\n<p>                <img decoding=\"async\" src=\"https:\/\/www.europesays.com\/hu\/wp-content\/uploads\/2026\/08\/1786488078_537_hazassaglabirintus.png\" loading=\"lazy\" alt=\"Becsomagolt titkok szentest\u00e9re\"\/><\/p>\n<p>L\u00e9pjen be a h\u00e1zass\u00e1g legnagyobb dilemm\u00e1j\u00e1ba!<br \/>A d\u00f6nt\u00e9s az \u00d6n kez\u00e9ben van! <\/p>\n<p>                <a class=\"book_index_btn\" href=\"https:\/\/indexadhu.hit.gemius.pl\/hitredir?id=nSCbubuYpDWJZLZs0TssLrbt33Lk5kbipuiZrkg89G3.g7&amp;stparam=zpcrjmisvv&amp;fastid=jzeelhrbwmpdhcblhjutwmjodoku&amp;nc=0&amp;url=https:\/\/www.indapresskiado.hu\/products\/hazassaglabirintus\" target=\"_blank\" rel=\"nofollow noopener\">MEGVESZEM<\/a><\/p>\n<p>    <img loading=\"lazy\" decoding=\"async\" src=\"https:\/\/www.europesays.com\/hu\/wp-content\/uploads\/2026\/08\/1786488079_176_redot.gif\" border=\"0\" height=\"0\" width=\"0\"\/><\/p>\n<p>    <img decoding=\"async\" src=\"https:\/\/index.hu\/assets\/images\/social-follow\/logo-big.svg\" alt=\"Index.hu logo\"\/><\/p>\n<p>K\u00f6vesse az Indexet Facebookon is!<\/p>\n<p>    <a href=\"https:\/\/facebook.com\/Indexhu\" target=\"_blank\" rel=\"nofollow noopener\"><\/p>\n<p>        K\u00f6vetem!<br \/>\n    <\/a><\/p>\n","protected":false},"excerpt":{"rendered":"Cristiano Ronaldo \u00e9s Georgina Rodr\u00edguez \u00f6sszeh\u00e1zasodott Portug\u00e1li\u00e1ban. A p\u00e1r kedden, sz\u0171k k\u00f6r\u0171 polg\u00e1ri cerem\u00f3ni\u00e1n mondta ki a boldog\u00edt\u00f3&hellip;\n","protected":false},"author":2,"featured_media":204731,"comment_status":"","ping_status":"","sticky":false,"template":"","format":"standard","meta":{"footnotes":"","_share_on_mastodon":"0"},"categories":[8],"tags":[56279,151,152,34566,2564,1297,185,34905,869,42,43,34,56280,6149,94,93,92],"class_list":["post-204730","post","type-post","status-publish","format-standard","has-post-thumbnail","category-vilag","tag-cascais","tag-ce-femina","tag-ce-napi","tag-ceremonia","tag-cristiano-ronaldo","tag-eskuvo","tag-fomo","tag-georgina-rodriguez","tag-hazassag","tag-hungarian","tag-magyar","tag-news","tag-polgari-szertartas","tag-portugalia","tag-vilag","tag-world","tag-world-news"],"share_on_mastodon":{"url":"https:\/\/pubeurope.com\/@hu\/117079290307768377","error":""},"_links":{"self":[{"href":"https:\/\/www.europesays.com\/hu\/wp-json\/wp\/v2\/posts\/204730","targetHints":{"allow":["GET"]}}],"collection":[{"href":"https:\/\/www.europesays.com\/hu\/wp-json\/wp\/v2\/posts"}],"about":[{"href":"https:\/\/www.europesays.com\/hu\/wp-json\/wp\/v2\/types\/post"}],"author":[{"embeddable":true,"href":"https:\/\/www.europesays.com\/hu\/wp-json\/wp\/v2\/users\/2"}],"replies":[{"embeddable":true,"href":"https:\/\/www.europesays.com\/hu\/wp-json\/wp\/v2\/comments?post=204730"}],"version-history":[{"count":0,"href":"https:\/\/www.europesays.com\/hu\/wp-json\/wp\/v2\/posts\/204730\/revisions"}],"wp:featuredmedia":[{"embeddable":true,"href":"https:\/\/www.europesays.com\/hu\/wp-json\/wp\/v2\/media\/204731"}],"wp:attachment":[{"href":"https:\/\/www.europesays.com\/hu\/wp-json\/wp\/v2\/media?parent=204730"}],"wp:term":[{"taxonomy":"category","embeddable":true,"href":"https:\/\/www.europesays.com\/hu\/wp-json\/wp\/v2\/categories?post=204730"},{"taxonomy":"post_tag","embeddable":true,"href":"https:\/\/www.europesays.com\/hu\/wp-json\/wp\/v2\/tags?post=204730"}],"curies":[{"name":"wp","href":"https:\/\/api.w.org\/{rel}","templated":true}]}}