{"id":206003,"date":"2026-08-12T21:27:08","date_gmt":"2026-08-12T21:27:08","guid":{"rendered":"https:\/\/www.europesays.com\/hu\/206003\/"},"modified":"2026-08-12T21:27:08","modified_gmt":"2026-08-12T21:27:08","slug":"katalin-hercegne-ebben-a-nyari-ruhaban-szegte-meg-a-kiralyi-protokollt","status":"publish","type":"post","link":"https:\/\/www.europesays.com\/hu\/206003\/","title":{"rendered":"Katalin hercegn\u00e9 ebben a ny\u00e1ri ruh\u00e1ban szegte meg a kir\u00e1lyi protokollt"},"content":{"rendered":"<p>A 44 \u00e9ves Katalin hercegn\u00e9 ruhat\u00e1r\u00e1t ma m\u00e1r legink\u00e1bb a klasszikus szab\u00e1s\u00fa, t\u00e9rd al\u00e1 \u00e9r\u0151 ruh\u00e1k domin\u00e1lj\u00e1k. Ez nemcsak a szem\u00e9lyes \u00edzl\u00e9s\u00e9nek k\u00f6sz\u00f6nhet\u0151, hanem annak az \u00edratlan kir\u00e1lyi st\u00edlusszab\u00e1lynak is, amely szerint a kir\u00e1lyi csal\u00e1d n\u0151i tagjai ritk\u00e1n viselnek a t\u00e9rd\u00fck felett v\u00e9gz\u0151d\u0151, r\u00f6videbb ruh\u00e1kat. <a href=\"https:\/\/www.glamour.hu\/sztarok\/vilmos-herceg-kozlemeny\/hdkkbxt\" id=\"81c7e087-8cc9-4d53-9645-ec40978ce72e\" rel=\"nofollow noopener\" target=\"_blank\">Vilmos herceg<\/a> fel\u00e9ge azonban r\u00e9gebben m\u00e9g sokkal k\u00eds\u00e9rletez\u0151bb volt ezen a fronton&#8230;<\/p>\n<p>        A kanadai sz\u00e9l volt a b\u0171n\u00f6s<\/p>\n<p>M\u00e9g 2011-ben, \u00fajdons\u00fclt feles\u00e9gk\u00e9nt, mint Cambridge hercegn\u00e9je vett r\u00e9szt els\u0151 k\u00f6z\u00f6s \u00e9szak-amerikai k\u00f6r\u00fatj\u00e1n <a href=\"https:\/\/femina.hu\/vilagsztar\/katalin-hercegne-rakkezeles-utan-vilmos-herceg-polomerkozes-jotekonysag\/\" id=\"313dfe17-ec4b-4019-9c16-839ba2b999d2\" target=\"_blank\" rel=\"nofollow noopener\">Vilmos herceggel<\/a>, amely egy 12 napos l\u00e1togat\u00e1st foglalt mag\u00e1ban &#8211; <a href=\"https:\/\/www.hellomagazine.com\/fashion\/royal-style\/917289\/kate-middleton-youthful-heatwave-dress-short\/\" id=\"dc4d94d0-b8ba-4546-ba66-9b76b1f55856\" target=\"_blank\" rel=\"nofollow noopener\">\u00edrta meg<\/a> a HELLO! magazin. A k\u00f6r\u00fat nyolcadik napj\u00e1n, a kanadai Calgary rep\u00fcl\u0151t\u00e9rre \u00e9rkezve Katalin egy szemet gy\u00f6ny\u00f6rk\u00f6dtet\u0151, vajs\u00e1rga Jenny Packham ruh\u00e1t viselt. A v\u00e1lasztott darab klasszikus \u00e9s st\u00edlusos volt, \u00e1m a szoknyar\u00e9sz a ma megszokottn\u00e1l l\u00e9nyegesen r\u00f6videbb szab\u00e1ssal rendelkezett.<\/p>\n<p>A szoknya k\u00f6nny\u0171, szell\u0151s \u00e9s l\u00e1gyan hull\u00e1mz\u00f3 anyaga miatt a rep\u00fcl\u0151t\u00e9ri aszfalton s\u00e9t\u00e1lva az er\u0151s kanadai sz\u00e9l azonnal belekapott a libben\u0151 anyagba, \u00e9s a ruha majdnem teljesen fellibbent. <a href=\"https:\/\/www.glamour.hu\/sztarok\/katalin-hercegne-beszolas-esemeny\/xxm2cy1\" id=\"16b079cb-766d-46d6-9b71-86222156fe2b\" rel=\"nofollow noopener\" target=\"_blank\">Katalin hercegn\u00e9<\/a> azonban a t\u0151le megszokott eleganci\u00e1val kezelte a helyzetet: magabiztos mosollyal l\u00e9pkedett tov\u00e1bb a r\u00e1 v\u00e1rakoz\u00f3 fot\u00f3sok el\u0151tt, \u00e9s a t\u0151le telhet\u0151 legterm\u00e9szetesebb m\u00f3don kezelte a villan\u00e1snyi divatbakit.<\/p>\n<p>\t<a class=\"article_recommendation_link\" href=\"https:\/\/www.glamour.hu\/divat\/katalin-hercegne-2026-legjobban-oltozott-brit\/4xdef2s?ca_ei&amp;length=11&amp;blockIndex=8&amp;pubId=x5vhbes\" target=\"_blank\" rel=\"nofollow noopener\"><\/p>\n<p class=\"flex-shrink-0\">\n<p>\t\t\t\t\tKatalin hercegn\u00e9 f\u00f6l\u00e9nyes gy\u0151zelmet aratott, nem is ak\u00e1rmit mondhat el mag\u00e1r\u00f3l a leend\u0151 kir\u00e1lyn\u00e9<\/p>\n<p>\t\t\t\t\t\t\t<img decoding=\"async\" class=\"col-lg-12 px-0 img-fluid lazyload\" src=\"https:\/\/www.europesays.com\/hu\/wp-content\/uploads\/2026\/08\/ql_ktl4aHR0cHM6Ly9pbWFnZS5nbGFtb3VyLmh1LzEvM1lMa3RrcFRVUkJYeTh4T1dSak5tUTFOV1ptWVRSbE5XWTNPV1F6TkdFe.jpeg\" alt=\"Katalin hercegn\u00e9 f\u00f6l\u00e9nyes gy\u0151zelmet aratott, nem is ak\u00e1rmit mondhat el mag\u00e1r\u00f3l a leend\u0151 kir\u00e1lyn\u00e9\"\/><\/p>\n<p>\t<\/a><\/p>\n<p>        Ez volt a kedvenc l\u00e1bbelije<\/p>\n<p>Ugyanezen a kanadai \u00faton figyelhettek fel a rajong\u00f3k arra az ikonikus l\u00e1bbelire is, amely az azt k\u00f6vet\u0151 \u00e9vekben a hercegn\u00e9 egyik legf\u0151bb v\u00e9djegy\u00e9v\u00e9 v\u00e1lt. <a href=\"https:\/\/www.glamour.hu\/divat\/katalin-hercegne-elhibazott-ruhak\/swjnz7x\" id=\"62d62daa-96d2-4b23-837b-e43ed8288fc3\" rel=\"nofollow noopener\" target=\"_blank\">Katalin hercegn\u00e9<\/a> a mostanra m\u00e1r megsz\u0171nt brit divatm\u00e1rka, az L.K. Bennett h\u00edres, \u201eSledge\u201d elnevez\u00e9s\u0171 testsz\u00edn\u0171 magassark\u00fa cip\u0151j\u00e9t v\u00e1lasztotta az \u00f6ssze\u00e1ll\u00edt\u00e1shoz.<\/p>\n<p>A k\u00e9nyelmes \u00e9s strapab\u00edr\u00f3 l\u00e1bbeli t\u00f6k\u00e9letesen \u00e1llt neki, \u00edgy nem csoda, hogy a v\u00e1s\u00e1rl\u00e1skor 195 fontba (kb. 90 ezer forintba) ker\u00fcl\u0151 cip\u0151 a hercegn\u00e9 abszol\u00fat kedvenc\u00e9v\u00e9 v\u00e1lt, \u00e9s eg\u00e9szen 2014-ig rendszeresen hordta a hivatalos esem\u00e9nyeken. A karcs\u00fa t\u0171sarokkal, modern platform talppal \u00e9s eleg\u00e1nsan lekerek\u00edtett orr-r\u00e9sszel rendelkez\u0151 klasszikus k\u00f6r\u00f6mcip\u0151 \u00f3ri\u00e1si n\u00e9pszer\u0171s\u00e9gre tett szert, \u00e9s m\u00e9g c\u00edmlapokra is ker\u00fclt \u2013 p\u00e9ld\u00e1ul amikor <a href=\"https:\/\/femina.hu\/retikul\/katalin-hercegne-nyari-ruhai-stilus-tippek\/\" id=\"bdbfaf72-eefe-41aa-ac13-8dc8b4f3ab8a\" target=\"_blank\" rel=\"nofollow noopener\">Katalin hercegn\u00e9<\/a> 2012-ben egy mecset megl\u00e1togat\u00e1sakor a tisztelet jel\u00e9\u00fcl k\u00e9szs\u00e9ggel levette azt a bel\u00e9p\u00e9s el\u0151tt.<\/p>\n","protected":false},"excerpt":{"rendered":"A 44 \u00e9ves Katalin hercegn\u00e9 ruhat\u00e1r\u00e1t ma m\u00e1r legink\u00e1bb a klasszikus szab\u00e1s\u00fa, t\u00e9rd al\u00e1 \u00e9r\u0151 ruh\u00e1k domin\u00e1lj\u00e1k. Ez&hellip;\n","protected":false},"author":2,"featured_media":206004,"comment_status":"","ping_status":"","sticky":false,"template":"","format":"standard","meta":{"footnotes":"","_share_on_mastodon":"0"},"categories":[16],"tags":[137,44,42,40,1637,3266,43,41,25684,138],"class_list":["post-206003","post","type-post","status-publish","format-standard","has-post-thumbnail","category-szorakozas","tag-entertainment","tag-hu","tag-hungarian","tag-hungary","tag-katalin-hercegne","tag-kiralyi-csalad","tag-magyar","tag-magyarorszag","tag-protokoll","tag-szorakozas"],"share_on_mastodon":{"url":"https:\/\/pubeurope.com\/@hu\/117084661817194932","error":""},"_links":{"self":[{"href":"https:\/\/www.europesays.com\/hu\/wp-json\/wp\/v2\/posts\/206003","targetHints":{"allow":["GET"]}}],"collection":[{"href":"https:\/\/www.europesays.com\/hu\/wp-json\/wp\/v2\/posts"}],"about":[{"href":"https:\/\/www.europesays.com\/hu\/wp-json\/wp\/v2\/types\/post"}],"author":[{"embeddable":true,"href":"https:\/\/www.europesays.com\/hu\/wp-json\/wp\/v2\/users\/2"}],"replies":[{"embeddable":true,"href":"https:\/\/www.europesays.com\/hu\/wp-json\/wp\/v2\/comments?post=206003"}],"version-history":[{"count":0,"href":"https:\/\/www.europesays.com\/hu\/wp-json\/wp\/v2\/posts\/206003\/revisions"}],"wp:featuredmedia":[{"embeddable":true,"href":"https:\/\/www.europesays.com\/hu\/wp-json\/wp\/v2\/media\/206004"}],"wp:attachment":[{"href":"https:\/\/www.europesays.com\/hu\/wp-json\/wp\/v2\/media?parent=206003"}],"wp:term":[{"taxonomy":"category","embeddable":true,"href":"https:\/\/www.europesays.com\/hu\/wp-json\/wp\/v2\/categories?post=206003"},{"taxonomy":"post_tag","embeddable":true,"href":"https:\/\/www.europesays.com\/hu\/wp-json\/wp\/v2\/tags?post=206003"}],"curies":[{"name":"wp","href":"https:\/\/api.w.org\/{rel}","templated":true}]}}