{"id":206211,"date":"2026-08-13T03:21:12","date_gmt":"2026-08-13T03:21:12","guid":{"rendered":"https:\/\/www.europesays.com\/hu\/206211\/"},"modified":"2026-08-13T03:21:12","modified_gmt":"2026-08-13T03:21:12","slug":"korda-gyorgy-es-balazs-klari-nem-tudjuk-jovore-egyaltalan-leszunk-e-meg-ezen-a-bolygon","status":"publish","type":"post","link":"https:\/\/www.europesays.com\/hu\/206211\/","title":{"rendered":"Korda Gy\u00f6rgy \u00e9s Bal\u00e1zs Kl\u00e1ri: \u201eNem tudjuk, j\u00f6v\u0151re egy\u00e1ltal\u00e1n lesz\u00fcnk-e m\u00e9g ezen a bolyg\u00f3n\u201d"},"content":{"rendered":"<p class=\"a-lead mb-8 text-xl lg:text-xl-plus font-medium&#10;                leading-7.5 lg:leading-8\">\n    Korda Gy\u00f6rgy \u00e9s Bal\u00e1zs Kl\u00e1ri m\u00e9g \u00f3r\u00e1kkal a szigetes fell\u00e9p\u00e9s\u00fck ut\u00e1n sem tudt\u00e1k feldolgozni azt a szeretetet, amit a k\u00f6z\u00f6ns\u00e9gt\u0151l kaptak. Az \u00f6r\u00f6mbe azonban f\u00e1jdalmas gondolat is vegy\u00fclt: \u0151k is tudj\u00e1k, hogy az \u00e9let kisz\u00e1m\u00edthatatlan, \u00e9s sosem lehet tudni, melyik lesz az utols\u00f3 k\u00f6z\u00f6sen \u00e9nekelt dal&#8230;\n<\/p>\n<p>Vannak pillanatok, amik felejthetetlenek. Nos, ilyen volt <a href=\"https:\/\/story.hu\/hazai-sztar\/2026\/07\/13\/korda-gyorgy-szecsi-pal\/2nzj5sg\" id=\"b2f0cfd8-4691-4d84-a213-4bec96112e15\" rel=\"nofollow noopener\" target=\"_blank\">Korda Gy\u00f6rgy<\/a> \u00e9s <a href=\"https:\/\/story.hu\/hazai-sztar\/2026\/08\/01\/balazs-klari-korda-gyorgy-baleset\/zq1gzbf\" id=\"82ff4386-ace0-4b47-bae6-6b67d129cf23\" rel=\"nofollow noopener\" target=\"_blank\">Bal\u00e1zs Kl\u00e1ri <\/a>fell\u00e9p\u00e9se is a <a href=\"https:\/\/story.hu\/napi-friss\/2026\/08\/10\/brody-dalok-napja-fotok\/kk4nxet\" id=\"6316378e-6e51-4c66-aca4-8d96c61fde02\" rel=\"nofollow noopener\" target=\"_blank\">Sziget Fesztiv\u00e1l<\/a> nulladik napj\u00e1n, ahol nemcsak sl\u00e1gerekb\u0151l \u00e9s vastapsb\u00f3l, de szeretetb\u0151l is jutott b\u0151ven. A k\u00f6z\u00f6ns\u00e9g \u00fagy k\u00f6sz\u00f6nt\u00f6tte Gyuri b\u00e1csit \u00e9s Kl\u00e1rik\u00e1t, mintha csak a saj\u00e1t szerettei l\u00e9ptek volna sz\u00ednpadra. \u0150k ketten nem egyszer\u0171en a Sziget fell\u00e9p\u0151i, hanem egy kicsit mindenki Gyuri b\u00e1csija \u00e9s Kl\u00e1rik\u00e1ja, kiknek dalain gener\u00e1ci\u00f3k n\u0151ttek fel, \u00e9s akiknek sorait a mostani huszon\u00e9vesek is \u00e9neklik. A h\u00e1zasp\u00e1rt egy k\u00fcl\u00f6nleges meglepet\u00e9s is v\u00e1rta a sz\u00ednpadon: <a href=\"https:\/\/nlc.hu\/sztarok\/20251104\/gerendai-karoly-vagyon\/\" id=\"6d92bb66-d43f-4442-a534-ddeab80d625d\" rel=\"nofollow noopener\" target=\"_blank\">Gerendai K\u00e1roly<\/a> tort\u00e1val k\u00f6sz\u00f6nt\u00f6tte \u0151ket.<\/p>\n<p>\u201eR\u00e9gi bar\u00e1ts\u00e1g ez nek\u00fcnk K\u00e1rollyal, a kezdetek kezdet\u00e9t\u0151l ismerj\u00fck egym\u00e1st, \u00e9s egy nagyon kedves gesztus volt ez t\u0151le\u201d \u2013 kezdte lapunknak Kl\u00e1rika, akit a fell\u00e9p\u00e9s\u00fck m\u00e1snapj\u00e1n a f\u00e9rj\u00e9vel egy\u00fctt a friss szigetes \u00e9lm\u00e9nyeikr\u0151l faggattunk.<\/p>\n<p>                                                                                                                                    \u201eSzavakba nem lehet \u00f6nteni\u201d<\/p>\n<p>Az \u00e9nekesn\u0151 meghatotts\u00e1ga az eg\u00e9sz besz\u00e9lget\u00e9s\u00fcnk alatt \u00e9rezhet\u0151 volt.<\/p>\n<p>\u201eAzt a hangulatot, azt az \u00fcnnepl\u00e9st, ami h\u00e9tf\u0151 este ott volt, egyszer\u0171en semmi nem tudja visszaadni. Ezt csak az tudja, aki ott volt. Mi a sz\u00edv\u00fcnket, lelk\u00fcnket beletett\u00fck, \u00e9s n\u00e9gy \u00e9v kihagy\u00e1s ut\u00e1n ez egy mennybemenetel volt sz\u00e1munkra a <a href=\"https:\/\/story.hu\/napi-friss\/2026\/07\/18\/sziget-2026-magyar-fellepok\/wtlwftn\" id=\"21eadf84-932c-47c9-a722-7f210ec99bc4\" rel=\"nofollow noopener\" target=\"_blank\">Szigeten<\/a>.<\/p>\n<p>Szavakba nem lehet \u00f6nteni! Nagyon boldogok vagyunk. Olyan t\u00f6lt\u0151d\u00e9s \u00e9s elismer\u00e9s ez, amit nem lehet megszokni. Nagyon b\u00fcszk\u00e9k \u00e9s meghatottak vagyunk, hogy az emberek ennyire szeretnek \u00e9s \u00fcnnepelnek minket<\/p>\n<p>\u2013 csuklik el az \u00f6r\u00f6mt\u0151l Kl\u00e1rika hangja.<\/p>\n<p>\u201e\u00c9jjel 1 \u00f3ra ut\u00e1n \u00e9rt\u00fcnk haza, de egy percet sem tudtunk aludni. Csak \u00fclt\u00fcnk, mik\u00f6zben folyamatosan villantak be az arcok a k\u00f6z\u00f6ns\u00e9g soraib\u00f3l, \u00e9s pr\u00f3b\u00e1ltuk feldolgozni, amit \u00e1t\u00e9lt\u00fcnk.\u201d<\/p>\n<p>\u201eAzt \u00e9rzem, az ilyen pillanatok\u00e9rt \u00e9rdemes volt r\u00e1tenni az \u00e9let\u00fcnket erre a p\u00e1ly\u00e1ra\u201d \u2013 veszi \u00e1t a sz\u00f3t Korda Gy\u00f6rgy.<\/p>\n<p>A nulladik napon l\u00e9pt\u00fcnk fel, m\u00e9g csak k\u00f6lt\u00f6ztek be az emberek, sz\u00f3val nem egy szokv\u00e1nyos nap volt, m\u00e9gis annyian voltak, mint egy norm\u00e1lis Sziget-napon. Ha lehetek picit nagyk\u00e9p\u0171, a vil\u00e1gh\u00edr\u0171 zenekarokon harmadannyian sem voltak\u2026<\/p>\n<p>69 \u00e9ve k\u00eds\u00e9rik az emberek a p\u00e1lyafut\u00e1somat, Kl\u00e1rik\u00e1\u00e9t 49 \u00e9ve, meg\u00e9rdemli a k\u00f6z\u00f6ns\u00e9g\u00fcnk, hogy mindig mindent megtegy\u00fcnk, hogy a lehet\u0151 legjobbat ny\u00fajtsuk a sz\u00ednpadon. \u00c9s \u00fagy \u00e9rezz\u00fck, most is mindent megtett\u00fcnk.\u201d<\/p>\n<p>                        <img class=\"object-contain -landscape mx-auto w-full sm:w-auto\"  src=\"https:\/\/www.europesays.com\/hu\/wp-content\/uploads\/2026\/08\/g6Gk9mPaHR0cHM6Ly9pbWFnZXMuc3RvcnkuaHUvMS9Tc3NrOWxCYUhSMGNITTZMeTl2WTJSdUxtVjFMM0IxYkhOamJYTXZUVVJCW.webp\" alt=\"Korda Gy\u00f6rgy \u00e9s Bal\u00e1zs Kl\u00e1ri egy \u00e9letre egym\u00e1st, \u00e9s a zen\u00e9t v\u00e1lasztott\u00e1k\" loading=\"lazy\" decoding=\"async\" \/><\/p>\n<p>                    Fotocentral \/ Szabolcs L\u00e1szl\u00f3<\/p>\n<p>        Korda Gy\u00f6rgy \u00e9s Bal\u00e1zs Kl\u00e1ri egy \u00e9letre egym\u00e1st, \u00e9s a zen\u00e9t v\u00e1lasztott\u00e1k<\/p>\n<p>                                                                                                                                    Az utols\u00f3 fell\u00e9p\u00e9s?<\/p>\n<p>Nem titok, sokakban ott motoszk\u00e1l a f\u00e9lelem, hogy egyszer elj\u00f6n az utols\u00f3 koncert, vagy hogy tal\u00e1n ez volt az utols\u00f3 Sziget-koncertje a legend\u00e1s p\u00e1rosnak.<\/p>\n<p>\u201eNem tudjuk, j\u00f6v\u0151re egy\u00e1ltal\u00e1n lesz\u00fcnk-e m\u00e9g ezen a bolyg\u00f3n. Mi rem\u00e9lj\u00fck, hogy igen, de nem tudhatjuk el\u0151re. El\u00e1rulom, \u00e9n bel\u00fcl s\u00edrtam, amikor a Halleluj\u00e1t \u00e9nekeltem, mert <a href=\"https:\/\/story.hu\/napi-friss\/2026\/08\/09\/szolnoki-peter-szobor\/6e1c4kk\" id=\"d3903d3f-04a3-4e86-bfa8-6cf08ac29431\" rel=\"nofollow noopener\" target=\"_blank\">eszembe jutott a bar\u00e1tunk, Szolnoki Peti\u2026<\/a>\u201d \u2013 csuklik el Kl\u00e1rika hangja egy pillanatra ism\u00e9t, \u00e1m most a szomor\u00fas\u00e1g miatt.<\/p>\n<p>\u201eHuszon\u00e9ves fiatalok, \u00e9leter\u0151s sportol\u00f3k mennek el, ami felfoghatatlan. Nagyon megvisel ez minket. Pl\u00e1ne ha egy bar\u00e1tunk, koll\u00e9g\u00e1nk t\u00e1vozik.<\/p>\n<p>Sz\u00f3val ezzel csak azt akarom mondani, hogy az \u00e9let kisz\u00e1m\u00edthatatlan, \u00e9s nem tudhatjuk soha, hogy melyik az utols\u00f3 dal&#8230;<\/p>\n<p>De olyan, ami majd december 19-\u00e9n a Papp L\u00e1szl\u00f3 Sportar\u00e9n\u00e1ban lesz \u2013 az Utol(SHOW) nev\u0171 koncertj\u00fck \u2013 nem hiszem, hogy lesz m\u00e9g egy. B\u00e1r Gyuri szerint soha nem mondd, hogy soha. Egy ilyen nagy volumen\u0171 esem\u00e9ny nem csak fizik\u00e1lisan, pszich\u00e9sen is \u00f3ri\u00e1si feladat, ut\u00e1na kelleni fog a pihen\u00e9s. A <a href=\"https:\/\/nlc.hu\/ezvan\/20260803\/sziget-fesztival-energiaellatas-magyarorszag\/\" id=\"7a72f843-ac52-4784-8588-b3f486d81bda\" rel=\"nofollow noopener\" target=\"_blank\">2027-es Szigetet pedig megl\u00e1tjuk<\/a>, mi pozit\u00edvak vagyunk\u201d \u2013 z\u00e1rja a besz\u00e9lget\u00e9st imm\u00e1ron \u00fajra j\u00f3kedvvel az \u00e9nekesn\u0151.<\/p>\n<p>                        <img class=\"object-contain -landscape mx-auto w-full sm:w-auto\"  src=\"https:\/\/www.europesays.com\/hu\/wp-content\/uploads\/2026\/08\/pn6k9mBaHR0cHM6Ly9pbWFnZXMuc3RvcnkuaHUvMS93RXZrOWxCYUhSMGNITTZMeTl2WTJSdUxtVjFMM0IxYkhOamJYTXZUVVJCW.webp\" alt=\"Gener\u00e1ci\u00f3k im\u00e1dj\u00e1k Bal\u00e1zs Kl\u00e1rit \u00e9s Korda Gy\u00f6rgy\u00f6t\" loading=\"lazy\" decoding=\"async\" \/><\/p>\n<p>                    Fotocentral \/ Birton Szabolcs<\/p>\n<p>        Gener\u00e1ci\u00f3k im\u00e1dj\u00e1k Bal\u00e1zs Kl\u00e1rit \u00e9s Korda Gy\u00f6rgy\u00f6t<\/p>\n","protected":false},"excerpt":{"rendered":"Korda Gy\u00f6rgy \u00e9s Bal\u00e1zs Kl\u00e1ri m\u00e9g \u00f3r\u00e1kkal a szigetes fell\u00e9p\u00e9s\u00fck ut\u00e1n sem tudt\u00e1k feldolgozni azt a szeretetet, amit&hellip;\n","protected":false},"author":2,"featured_media":206212,"comment_status":"","ping_status":"","sticky":false,"template":"","format":"standard","meta":{"footnotes":"","_share_on_mastodon":"0"},"categories":[16],"tags":[763,137,1608,44,42,40,762,43,41,19508,5904,14770,138],"class_list":["post-206211","post","type-post","status-publish","format-standard","has-post-thumbnail","category-szorakozas","tag-balazs-klari","tag-entertainment","tag-fellepes","tag-hu","tag-hungarian","tag-hungary","tag-korda-gyorgy","tag-magyar","tag-magyarorszag","tag-meghato","tag-siker","tag-sziget-fesztival","tag-szorakozas"],"share_on_mastodon":{"url":"https:\/\/pubeurope.com\/@hu\/117086053792888320","error":""},"_links":{"self":[{"href":"https:\/\/www.europesays.com\/hu\/wp-json\/wp\/v2\/posts\/206211","targetHints":{"allow":["GET"]}}],"collection":[{"href":"https:\/\/www.europesays.com\/hu\/wp-json\/wp\/v2\/posts"}],"about":[{"href":"https:\/\/www.europesays.com\/hu\/wp-json\/wp\/v2\/types\/post"}],"author":[{"embeddable":true,"href":"https:\/\/www.europesays.com\/hu\/wp-json\/wp\/v2\/users\/2"}],"replies":[{"embeddable":true,"href":"https:\/\/www.europesays.com\/hu\/wp-json\/wp\/v2\/comments?post=206211"}],"version-history":[{"count":0,"href":"https:\/\/www.europesays.com\/hu\/wp-json\/wp\/v2\/posts\/206211\/revisions"}],"wp:featuredmedia":[{"embeddable":true,"href":"https:\/\/www.europesays.com\/hu\/wp-json\/wp\/v2\/media\/206212"}],"wp:attachment":[{"href":"https:\/\/www.europesays.com\/hu\/wp-json\/wp\/v2\/media?parent=206211"}],"wp:term":[{"taxonomy":"category","embeddable":true,"href":"https:\/\/www.europesays.com\/hu\/wp-json\/wp\/v2\/categories?post=206211"},{"taxonomy":"post_tag","embeddable":true,"href":"https:\/\/www.europesays.com\/hu\/wp-json\/wp\/v2\/tags?post=206211"}],"curies":[{"name":"wp","href":"https:\/\/api.w.org\/{rel}","templated":true}]}}