{"id":206301,"date":"2026-08-13T05:24:10","date_gmt":"2026-08-13T05:24:10","guid":{"rendered":"https:\/\/www.europesays.com\/hu\/206301\/"},"modified":"2026-08-13T05:24:10","modified_gmt":"2026-08-13T05:24:10","slug":"index-gazdasag-ez-az-alak-katasztrofaba-fogja-vezetni-az-orszagot-elesen-biralta-az-mfb-donteset-mandula-viktor","status":"publish","type":"post","link":"https:\/\/www.europesays.com\/hu\/206301\/","title":{"rendered":"Index &#8211; Gazdas\u00e1g &#8211; \u201eEz az alak katasztr\u00f3f\u00e1ba fogja vezetni az orsz\u00e1got\u201d \u2013 \u00e9lesen b\u00edr\u00e1lta az MFB d\u00f6nt\u00e9s\u00e9t Mandula Viktor"},"content":{"rendered":"<p>\u201eCsakhogy az \u00e1llam nem egy Facebook-kommentfolyam. Egy korm\u00e1ny nem \u00fagy m\u0171k\u00f6dik, hogy n\u00e9h\u00e1ny nappal egy Facebook-balh\u00e9 ut\u00e1n gyorsan megkeresi, hol tud odacsapni az \u00e9rintett c\u00e9gnek. A korm\u00e1nyz\u00e1snak nem a bossz\u00far\u00f3l, hanem a kisz\u00e1m\u00edthat\u00f3s\u00e1gr\u00f3l kell sz\u00f3lnia\u201d \u2013 komment\u00e1lta a <a href=\"https:\/\/www.facebook.com\/mandulapublic\/posts\/nem-m%C3%A9sz%C3%A1ros-l%C5%91rincr%C5%91l-van-sz%C3%B3-hanem-arr%C3%B3l-hogy-lehet-e-egy-orsz%C3%A1got-bossz%C3%BAb%C3%B3l-k\/122184743660603193\/\" id=\"hyperlink_56883a1134b279e8806b2899baac5088\" rel=\"nofollow noopener\" target=\"_blank\">Facebookon<\/a> az elm\u00falt napok azon h\u00edreit Mandula Viktor, amely a M\u00e9sz\u00e1ros L\u0151rinc \u00e9rdekelts\u00e9geihez tartoz\u00f3 c\u00e9geket \u00e9rinti.\u00a0<\/p>\n<p>A Nyugati F\u00e9ny alap\u00edt\u00f3ja \u00e9s egykori f\u0151szerkeszt\u0151je felid\u00e9zte, hogy az elm\u00falt napokban komoly hull\u00e1mokat korb\u00e1csolt az a h\u00edr, hogy a <a href=\"https:\/\/index.hu\/gazdasag\/2026\/08\/08\/gysev-v-hid-kozbeszerzes-sinhegesztes-ivhegesztes-vitezy-david-swietelsky-karbantartas-eljaras\/\" id=\"hyperlink_355ffce26045a2fcc4472ff2051a88da\" target=\"_blank\" title=\"Els\u0151 k\u00f6zbeszerz\u00e9si elj\u00e1r\u00e1s\u00e1t nyerte a Tisza-korm\u00e1ny alatt a V-H\u00edd, Vit\u00e9zy D\u00e1vid tiszta vizet \u00f6nt\u00f6tt a poh\u00e1rba\" rel=\"nofollow noopener\">V-H\u00edd nyert el egy s\u00ednhegeszt\u00e9si munk\u00e1kra ki\u00edrt tendert<\/a>. H\u00e9tf\u0151n pedig a Magyar Fejleszt\u00e9si Bank ut\u00f3lag <a href=\"https:\/\/index.hu\/gazdasag\/2026\/08\/11\/kapitany-istvan-opus-titasz-magyar-fejlesztesi-bank-europai-unio-tamogatas\/\" id=\"hyperlink_13e30193d5538bde3ca5db5d4b287822\" target=\"_blank\" title=\"Rendk\u00edv\u00fcli d\u00f6nt\u00e9st hozott az MFB, kiz\u00e1rt\u00e1k az Opus Tit\u00e1szt az uni\u00f3s milli\u00e1rdokb\u00f3l\" data-recommendation=\"bekezdes_utan\" data-recommendation-preview=\"{&quot;og:title&quot;:&quot;Rendk\u00edv\u00fcli d\u00f6nt\u00e9st hozott az MFB, kiz\u00e1rt\u00e1k az Opus Tit\u00e1szt az uni\u00f3s milli\u00e1rdokb\u00f3l&quot;,&quot;og:description&quot;:&quot;A v\u00e1llalat nem teljes\u00edtette az \u00e1tl\u00e1that\u00f3s\u00e1gi k\u00f6vetelm\u00e9nyeket.&quot;,&quot;og:image&quot;:&quot;\\\/\\\/kep.cdn.indexvas.hu\\\/1\\\/0\\\/7095\\\/70951\\\/709517\\\/70951755_5233011_32808964ab62e80b8e71908a43bd6b35_wm.jpg&quot;}\" data-recommendation-id=\"6261265\" rel=\"nofollow noopener\">z\u00e1rta ki egy h\u00e1l\u00f3zatfejleszt\u00e9si p\u00e1ly\u00e1zatb\u00f3l az Opus Tit\u00e1sz \u00c1ramh\u00e1l\u00f3zati Zrt.-t<\/a>. \u201eMagyar P\u00e9ter, l\u00e1tva a tisz\u00e1s hangad\u00f3k \u0151rj\u00f6ng\u00e9s\u00e9t, \u00fagy d\u00f6nt\u00f6tt, hogy s\u00fcrg\u0151sen azt az \u00fczenetet kell k\u00fcldeni, hogy \u00bbM\u00e9sz\u00e1rosnak t\u00f6bb\u00e9 egyetlen csapb\u00f3l sem folyhat p\u00e9nz\u00ab. Ennek lett \u00e1ldozata a tisz\u00e1nt\u00fali h\u00e1l\u00f3zatfejleszt\u00e9s\u201d \u2013 tette hozz\u00e1.<\/p>\n<p>Mandula Viktor kiemelte, term\u00e9szetesen ki kell vizsg\u00e1lni, ha az \u00e1tl\u00e1that\u00f3s\u00e1gi k\u00f6vetelm\u00e9nyekkel van probl\u00e9ma, ugyanakkor ez ebben az esetben m\u00e1r megt\u00f6rt\u00e9nt.<\/p>\n<p>a c\u00e9g augusztus 6-\u00e1n m\u00e1r hivatalosan \u00e1tment a p\u00e1ly\u00e1zati felt\u00e9teleken, majd n\u00e9gy nappal k\u00e9s\u0151bb kapott kasz\u00e1t.\u00a0<\/p>\n<p>\u201eCsakhogy nem lehet egy orsz\u00e1got hirtelen felindul\u00e1sb\u00f3l, \u00f6tletszer\u0171en vezetni. Olyan nincs, hogy egy p\u00e1ly\u00e1zatot elb\u00edr\u00e1lunk, rendben tal\u00e1lunk, majd n\u00e9h\u00e1ny nappal k\u00e9s\u0151bb, egy politikai konfliktus ut\u00e1n hirtelen m\u00e9gis probl\u00e9m\u00e1t tal\u00e1lunk benne. \u00c9s k\u00fcl\u00f6n\u00f6sen nem lehet ezt egy olyan \u00e1gazatban megtenni, ahol a d\u00f6nt\u00e9snek k\u00f6zvetlen hat\u00e1sa lehet az emberek mindennapi \u00e9let\u00e9re. Itt villamosenergia-h\u00e1l\u00f3zatr\u00f3l, az ell\u00e1t\u00e1s biztons\u00e1g\u00e1r\u00f3l \u00e9s okosm\u00e9r\u0151k telep\u00edt\u00e9s\u00e9r\u0151l van sz\u00f3. Ha ezek a beruh\u00e1z\u00e1sok k\u00e9snek vagy ellehetetlen\u00fclnek, annak nem M\u00e9sz\u00e1ros L\u0151rinc issza meg els\u0151k\u00e9nt a lev\u00e9t. Hanem a tisz\u00e1nt\u00fali fogyaszt\u00f3\u201d \u2013 fogalmazott.\u00a0<\/p>\n<p>A <a href=\"https:\/\/index.hu\/belfold\/2026\/04\/03\/mandula-viktor-tisza-part-panyi-szabolcs-palinkas-szilveszter-szabo-bence-hraboczki-daniel-titkosszolgalat-rendorseg\/\" id=\"hyperlink_623db2796a33233a6da9cc4f049d13f4\" target=\"_blank\" title=\"Mandula Viktor szerint a k\u00fclf\u00f6ldr\u0151l p\u00e9nzelt tisz\u00e1s \u00fcgyn\u00f6ksajt\u00f3 egy magyar Majdan kirobbant\u00e1s\u00e1t k\u00e9sz\u00edti el\u0151\" rel=\"nofollow noopener\">volt f\u0151szerkeszt\u0151<\/a> elmagyar\u00e1zta, hogy a Tisza P\u00e1rt m\u00e1r egy eleve sz\u0171k hat\u00e1rid\u0151kkel rendelkez\u0151 projektbe ny\u00falt bele, mivel az RRF-b\u0151l finansz\u00edrozott uni\u00f3s p\u00e1ly\u00e1zatok hat\u00e1rideje augusztus 31-e. Felid\u00e9zte, hogy a p\u00e1ly\u00e1zatokat j\u00faliusban kellett beny\u00fajtani, a p\u00e9nzeket pedig a fenti hat\u00e1rid\u0151ig kell jogilag lek\u00f6tni. Szerinte f\u00e9l\u0151, hogy az orsz\u00e1g mindent bukik a beavatkoz\u00e1s miatt, r\u00e1ad\u00e1sul m\u00e9g a per k\u00f6lts\u00e9g\u00e9t is fizethetj\u00fck, amennyiben az Opus Tit\u00e1sz nyer. (Mint ismert, a c\u00e9g <a href=\"https:\/\/index.hu\/belfold\/2026\/08\/12\/opus-titasz-meszaros-lorinc-jogi-kizaras-kozbeszerzes\/\" id=\"hyperlink_c63d2b7345766b8c5e2d4eccd0495cdd\" target=\"_blank\" title=\"A M\u00e9sz\u00e1ros L\u0151rinc \u00e9rdekelts\u00e9g\u00e9be tartoz\u00f3 Opus Tit\u00e1sz jogi \u00fatra viszi az uni\u00f3s p\u00e1ly\u00e1zatokb\u00f3l val\u00f3 kiz\u00e1r\u00e1s\u00e1t\" rel=\"nofollow noopener\">jogi \u00fatra tereli az \u00fcgyet<\/a>.)\u00a0<\/p>\n<p>Az \u00e1llampolg\u00e1rokat nem lehet j\u00e1rul\u00e9kos vesztes\u00e9gg\u00e9 tenni egy indulatvez\u00e9relt politikus b\u00fcntet\u0151hadj\u00e1rat\u00e1ban. Egy nemzet nem lehet egyetlen politikus bossz\u00faj\u00e1nak a terepe. Ha az orsz\u00e1g n\u00e9pe (bele\u00e9rtve a tisz\u00e1sok j\u00f3zanabbj\u00e1t) nem \u00e1ll\u00edtja le id\u0151ben, ez az alak katasztr\u00f3f\u00e1ba fogja vezetni az orsz\u00e1got<\/p>\n<p>\u2013 z\u00e1rta gondolatait Mandula Viktor, ahol jelezte, nem M\u00e9sz\u00e1ros L\u0151rinc \u00e9rdekli ebben a projektben.\u00a0<\/p>\n<p><a href=\"https:\/\/dex.hu\/x.php?id=googlepref_desktop&amp;url=https:\/\/google.com\/preferences\/source?q=https:\/\/index.hu\" class=\"google-pref-banner \" id=\"googlePrefBanner\" rel=\"nofollow noopener\" target=\"_blank\"><\/p>\n<p>    Itt \u00e1ll\u00edtsa be, hogy az Index az els\u0151k k\u00f6z\u00f6tt legyen a Google-tal\u00e1latokban!<\/p>\n<p><\/a><\/p>\n<p>    <img decoding=\"async\" src=\"https:\/\/index.hu\/assets\/images\/social-follow\/logo-big.svg\" alt=\"Index.hu logo\"\/><\/p>\n<p>K\u00f6vesse az Indexet Facebookon is!<\/p>\n<p>    <a href=\"https:\/\/facebook.com\/Indexhu\" target=\"_blank\" rel=\"nofollow noopener\"><\/p>\n<p>        K\u00f6vetem!<br \/>\n    <\/a><\/p>\n","protected":false},"excerpt":{"rendered":"\u201eCsakhogy az \u00e1llam nem egy Facebook-kommentfolyam. Egy korm\u00e1ny nem \u00fagy m\u0171k\u00f6dik, hogy n\u00e9h\u00e1ny nappal egy Facebook-balh\u00e9 ut\u00e1n gyorsan&hellip;\n","protected":false},"author":2,"featured_media":206302,"comment_status":"","ping_status":"","sticky":false,"template":"","format":"standard","meta":{"footnotes":"","_share_on_mastodon":"0"},"categories":[33],"tags":[38,63,35,37,44,42,40,2818,3619,43,944,41,20895,2949,34,41579,5580,36,39,12085],"class_list":["post-206301","post","type-post","status-publish","format-standard","has-post-thumbnail","category-hirek","tag-focimek","tag-gazdasag","tag-headlines","tag-hirek","tag-hu","tag-hungarian","tag-hungary","tag-kizaras","tag-kormanyzas","tag-magyar","tag-magyar-peter","tag-magyarorszag","tag-mandula-viktor","tag-meszaros-lorinc","tag-news","tag-opus-titasz","tag-palyazat","tag-top-stories","tag-vezeto-hirek","tag-villamosenergia"],"share_on_mastodon":{"url":"https:\/\/pubeurope.com\/@hu\/117086537136324214","error":""},"_links":{"self":[{"href":"https:\/\/www.europesays.com\/hu\/wp-json\/wp\/v2\/posts\/206301","targetHints":{"allow":["GET"]}}],"collection":[{"href":"https:\/\/www.europesays.com\/hu\/wp-json\/wp\/v2\/posts"}],"about":[{"href":"https:\/\/www.europesays.com\/hu\/wp-json\/wp\/v2\/types\/post"}],"author":[{"embeddable":true,"href":"https:\/\/www.europesays.com\/hu\/wp-json\/wp\/v2\/users\/2"}],"replies":[{"embeddable":true,"href":"https:\/\/www.europesays.com\/hu\/wp-json\/wp\/v2\/comments?post=206301"}],"version-history":[{"count":0,"href":"https:\/\/www.europesays.com\/hu\/wp-json\/wp\/v2\/posts\/206301\/revisions"}],"wp:featuredmedia":[{"embeddable":true,"href":"https:\/\/www.europesays.com\/hu\/wp-json\/wp\/v2\/media\/206302"}],"wp:attachment":[{"href":"https:\/\/www.europesays.com\/hu\/wp-json\/wp\/v2\/media?parent=206301"}],"wp:term":[{"taxonomy":"category","embeddable":true,"href":"https:\/\/www.europesays.com\/hu\/wp-json\/wp\/v2\/categories?post=206301"},{"taxonomy":"post_tag","embeddable":true,"href":"https:\/\/www.europesays.com\/hu\/wp-json\/wp\/v2\/tags?post=206301"}],"curies":[{"name":"wp","href":"https:\/\/api.w.org\/{rel}","templated":true}]}}