{"id":20667,"date":"2026-03-09T18:45:13","date_gmt":"2026-03-09T18:45:13","guid":{"rendered":"https:\/\/www.europesays.com\/hu\/20667\/"},"modified":"2026-03-09T18:45:13","modified_gmt":"2026-03-09T18:45:13","slug":"index-kulfold-szexualis-zaklatassal-vadoljak-az-orf-foigazgatojat-azonnali-hatallyal-lemond-tisztsegerol","status":"publish","type":"post","link":"https:\/\/www.europesays.com\/hu\/20667\/","title":{"rendered":"Index &#8211; K\u00fclf\u00f6ld &#8211; Szexu\u00e1lis zaklat\u00e1ssal v\u00e1dolj\u00e1k az ORF f\u0151igazgat\u00f3j\u00e1t, azonnali hat\u00e1llyal lemond tiszts\u00e9g\u00e9r\u0151l"},"content":{"rendered":"<p>                <a href=\"https:\/\/index.hu\/szerzo\/toth_sara\" rel=\"nofollow noopener\" target=\"_blank\"><br \/>\n                        <img decoding=\"async\" class=\"szerzo-kep\" src=\"https:\/\/www.europesays.com\/hu\/wp-content\/uploads\/2026\/02\/63694369_4710095_e9b4c5ea6a338c697097f4c540454165_wm.jpg\" alt=\"T\u00f3th S\u00e1ra\"\/><br \/>\n                <\/a><\/p>\n<p>\n                Roland Weissmann, az ORF f\u0151igazgat\u00f3ja azonnali hat\u00e1llyal lemond tiszts\u00e9g\u00e9r\u0151l, miut\u00e1n egy n\u0151i alkalmazott szexu\u00e1lis zaklat\u00e1ssal v\u00e1dolta meg. Weissmann tagadja a v\u00e1dakat, de \u00fcgyv\u00e9dj\u00e9n kereszt\u00fcl k\u00f6z\u00f6lte, hogy a v\u00e1llalat \u00e9rdek\u00e9ben d\u00f6nt\u00f6tt a lemond\u00e1s mellett. A f\u0151igazgat\u00f3i posztot ideiglenesen Ingrid Thurnher veszi \u00e1t, az ORF \u00faj vezet\u0151j\u00e9t 2027. janu\u00e1r 1-j\u00e9t\u0151l v\u00e1lasztj\u00e1k meg.            <\/p>\n<p>Azonnali hat\u00e1llyal lemond tiszts\u00e9g\u00e9r\u0151l Roland Weissmann, az osztr\u00e1k k\u00f6zszolg\u00e1lati m\u0171sorszolg\u00e1ltat\u00f3 (ORF) f\u0151igazgat\u00f3ja \u2013 tudatta h\u00e9tf\u0151n k\u00f6zlem\u00e9nyben Heinz Lederer, a m\u00e9diumot ir\u00e1ny\u00edt\u00f3 alap\u00edtv\u00e1nyi tan\u00e1cs eln\u00f6ke.<\/p>\n<p>Az ut\u00f3bbi napokban az ORF egy n\u0151i alkalmazottja szexu\u00e1lis zaklat\u00e1ssal v\u00e1dolta meg a f\u0151igazgat\u00f3t. B\u00e1r Weissmann tagadja az ellene felhozott v\u00e1dakat, k\u00f6z\u00f6lt\u00e9k, hogy az \u00fcgyet \u201egyorsan \u00e9s transzparens m\u00f3don tiszt\u00e1zni kell, az \u00e9rintett szem\u00e9ly v\u00e9delm\u00e9nek biztos\u00edt\u00e1sa mellett\u201d.\u00a0<\/p>\n<p>Az MTI szerint Weissmann \u00fcgyv\u00e9dj\u00e9n kereszt\u00fcl azt k\u00f6z\u00f6lte, hogy b\u00e1r a pontos t\u00e9ny\u00e1ll\u00e1st nem ismeri, lemond tiszts\u00e9g\u00e9r\u0151l, hogy elej\u00e9t vegye a v\u00e1llalatot s\u00fajt\u00f3 k\u00e1roknak.<\/p>\n<p>\u201eNem hely\u00e9nval\u00f3nak \u00e9s t\u00falz\u00f3nak\u201d min\u0151s\u00edtette tov\u00e1bb\u00e1 azt, hogy \u201ea tiszt\u00e1zatlan v\u00e1dakat a m\u00e9dia terjeszteni kezdte\u201d.\u00a0Oliver Scherbaum lesz\u00f6gezte, hogy emiatt\u00a0jogi l\u00e9p\u00e9seket fognak tenni.\u00a0<\/p>\n<p>Az ORF f\u0151igazgat\u00f3i tiszts\u00e9g\u00e9t ideiglenesen Ingrid Thurnher veszi \u00e1t.<\/p>\n<p>Az osztr\u00e1k k\u00f6zszolg\u00e1lati m\u00e9dia \u00e9l\u00e9re 2027. janu\u00e1r 1-j\u00e9t\u0151l \u00faj vezet\u0151t v\u00e1lasztanak, ez a terv tov\u00e1bbra is v\u00e1ltozatlan \u2013 k\u00f6z\u00f6lte az alap\u00edtv\u00e1nyi tan\u00e1cs. A p\u00e1ly\u00e1zatot m\u00e1jus 1-je ut\u00e1n fogj\u00e1k ki\u00edrni, eddig Weissmannt tartott\u00e1k a leges\u00e9lyesebb jel\u00f6ltnek.<\/p>\n<p>\n                          A NANE Egyes\u00fclet b\u00e1ntalmazott n\u0151knek \u00e9s gyermekeknek sz\u00f3l\u00f3 seg\u00e9lyvonala ingyenesen h\u00edvhat\u00f3 a +36-80-505-101-es telefonsz\u00e1mon (h., cs., p.: 18:00\u201322:00, k.: 10:00\u201322:00, sze.: 12:00\u201316:00). Az Egyes\u00fclet seg\u00e9lyvonala k\u00fclf\u00f6ldr\u0151l a +36-1-267-4900-as telefonsz\u00e1mon \u00e9rhet\u0151 el. Tov\u00e1bbi inform\u00e1ci\u00f3 az egyes\u00fclet seg\u00e9lytev\u00e9kenys\u00e9geir\u0151l a nane.hu oldalon tal\u00e1lhat\u00f3.\n                        <\/p>\n<p>\n                          Az Orsz\u00e1gos Kr\u00edziskezel\u0151 \u00e9s Inform\u00e1ci\u00f3s Telefonszolg\u00e1lat a nap 24 \u00f3r\u00e1j\u00e1ban, Magyarorsz\u00e1gr\u00f3l ingyenesen el\u00e9rhet\u0151 a 06-80-20-55-20-as telefonsz\u00e1mon.\n                        <\/p>\n<p>\n                          Az \u00e1ldozatseg\u00edt\u00e9ssel kapcsolatos valamennyi k\u00e9rd\u00e9sben 0\u201324 \u00f3r\u00e1ban az orsz\u00e1g eg\u00e9sz ter\u00fclet\u00e9r\u0151l h\u00edvhat\u00f3 az \u00c1ldozatseg\u00edt\u0151 Vonal a 06-80-225-225-\u00f6s telefonsz\u00e1mon.\n                        <\/p>\n<p>    <img decoding=\"async\" src=\"https:\/\/index.hu\/assets\/images\/social-follow\/logo-big.svg\" alt=\"Index.hu logo\"\/><\/p>\n<p>K\u00f6vesse az Indexet Facebookon is!<\/p>\n<p>    <a href=\"https:\/\/facebook.com\/Indexhu\" target=\"_blank\" rel=\"nofollow noopener\"><\/p>\n<p>        K\u00f6vetem!<br \/>\n    <\/a><\/p>\n","protected":false},"excerpt":{"rendered":"Roland Weissmann, az ORF f\u0151igazgat\u00f3ja azonnali hat\u00e1llyal lemond tiszts\u00e9g\u00e9r\u0151l, miut\u00e1n egy n\u0151i alkalmazott szexu\u00e1lis zaklat\u00e1ssal v\u00e1dolta meg. Weissmann&hellip;\n","protected":false},"author":2,"featured_media":20668,"comment_status":"","ping_status":"","sticky":false,"template":"","format":"standard","meta":{"footnotes":"","_share_on_mastodon":"0"},"categories":[8],"tags":[152,11041,42,64,1396,43,11043,34,10980,11042,10981,94,93,92],"class_list":["post-20667","post","type-post","status-publish","format-standard","has-post-thumbnail","category-vilag","tag-ce-napi","tag-foigazgato","tag-hungarian","tag-kulfold","tag-lemondas","tag-magyar","tag-musorszolgaltatas","tag-news","tag-orf","tag-osztrak","tag-roland-weismann","tag-vilag","tag-world","tag-world-news"],"share_on_mastodon":{"url":"https:\/\/pubeurope.com\/@hu\/116200703672243917","error":""},"_links":{"self":[{"href":"https:\/\/www.europesays.com\/hu\/wp-json\/wp\/v2\/posts\/20667","targetHints":{"allow":["GET"]}}],"collection":[{"href":"https:\/\/www.europesays.com\/hu\/wp-json\/wp\/v2\/posts"}],"about":[{"href":"https:\/\/www.europesays.com\/hu\/wp-json\/wp\/v2\/types\/post"}],"author":[{"embeddable":true,"href":"https:\/\/www.europesays.com\/hu\/wp-json\/wp\/v2\/users\/2"}],"replies":[{"embeddable":true,"href":"https:\/\/www.europesays.com\/hu\/wp-json\/wp\/v2\/comments?post=20667"}],"version-history":[{"count":0,"href":"https:\/\/www.europesays.com\/hu\/wp-json\/wp\/v2\/posts\/20667\/revisions"}],"wp:featuredmedia":[{"embeddable":true,"href":"https:\/\/www.europesays.com\/hu\/wp-json\/wp\/v2\/media\/20668"}],"wp:attachment":[{"href":"https:\/\/www.europesays.com\/hu\/wp-json\/wp\/v2\/media?parent=20667"}],"wp:term":[{"taxonomy":"category","embeddable":true,"href":"https:\/\/www.europesays.com\/hu\/wp-json\/wp\/v2\/categories?post=20667"},{"taxonomy":"post_tag","embeddable":true,"href":"https:\/\/www.europesays.com\/hu\/wp-json\/wp\/v2\/tags?post=20667"}],"curies":[{"name":"wp","href":"https:\/\/api.w.org\/{rel}","templated":true}]}}