{"id":206928,"date":"2026-08-13T15:21:12","date_gmt":"2026-08-13T15:21:12","guid":{"rendered":"https:\/\/www.europesays.com\/hu\/206928\/"},"modified":"2026-08-13T15:21:12","modified_gmt":"2026-08-13T15:21:12","slug":"kult-kiderult-kikbol-all-a-bizottsag-amely-dont-a-magyar-oscar-nevezesrol","status":"publish","type":"post","link":"https:\/\/www.europesays.com\/hu\/206928\/","title":{"rendered":"Kult: Kider\u00fclt, kikb\u0151l \u00e1ll a bizotts\u00e1g, amely d\u00f6nt a magyar Oscar-nevez\u00e9sr\u0151l"},"content":{"rendered":"<p>\u00d6sszeh\u00edvta a Magyarorsz\u00e1g hivatalos Oscar-nevez\u00e9s\u00e9r\u0151l d\u00f6nt\u0151 bizotts\u00e1got a Nemzeti Filmint\u00e9zet a Filmreform 2026 k\u00f6zrem\u0171k\u00f6d\u00e9s\u00e9vel, a szakemberek szeptemberben d\u00f6ntenek \u2013 der\u00fcl ki az NFI k\u00f6zlem\u00e9ny\u00e9b\u0151l, amelyben megnevezt\u00e9k a bizotts\u00e1g tagjait is:<\/p>\n<p>Erd\u00e9ly M\u00e1ty\u00e1s operat\u0151r,Gazdag Gyula forgat\u00f3k\u00f6nyv\u00edr\u00f3-rendez\u0151,Gelencs\u00e9r G\u00e1bor filmt\u00f6rt\u00e9n\u00e9sz, kritikus,Kocsis \u00c1gnes rendez\u0151,L\u00e1szl\u00f3 S\u00e1ra producer,Horv\u00e1th Krist\u00f3f fesztiv\u00e1ligazgat\u00f3, a fiatal filmesek k\u00e9pviselet\u00e9ben.<\/p>\n<p>Amint azt a k\u00f6zlem\u00e9nyben \u00edrj\u00e1k, az Amerikai Filmakad\u00e9mia k\u00f6zz\u00e9t\u00e9tele szerint a m\u00e1rciusban 99. alkalommal \u00e1tadand\u00f3 Oscar-d\u00edjakra a Nemzetk\u00f6zi film kateg\u00f3ri\u00e1ban minden orsz\u00e1g nevezhet egy eg\u00e9sz est\u00e9s filmet azok k\u00f6z\u00fcl, amelyeket 2025. okt\u00f3ber 1. \u00e9s 2026. szeptember 30. k\u00f6z\u00f6tt h\u00e9t egym\u00e1st k\u00f6vet\u0151 napon j\u00e1tszottak az adott orsz\u00e1gban kereskedelmi moziforgalmaz\u00e1sban.<\/p>\n<p>A hivatalos magyar Oscar-nevez\u00e9st szeptember elej\u00e9n hozz\u00e1k nyilv\u00e1noss\u00e1gra.<\/p>\n<p>Az orsz\u00e1gok hivatalos nevez\u00e9sei k\u00f6z\u00fcl az Amerikai Filmakad\u00e9mia k\u00e9pvisel\u0151i v\u00e1lasztj\u00e1k ki a jel\u00f6lt filmeket janu\u00e1r elej\u00e9n. A legjobb nemzetk\u00f6zi filmnek j\u00e1r\u00f3 Oscar-d\u00edjr\u00f3l v\u00e9g\u00fcl az Amerikai Filmakad\u00e9mia teljes tags\u00e1ga szavaz.\u00a0<\/p>\n<p> <a href=\"https:\/\/hvg.hu\/elet\/20260502_oscar-dij-szabalyok-mesterges-intelligencia\" target=\"_self\" rel=\"nofollow noopener\"> <\/p>\n<p>https:\/\/hvg.hu\/elet\/20260502_oscar-dij-szabalyok-mesterges-intelligencia<\/p>\n","protected":false},"excerpt":{"rendered":"\u00d6sszeh\u00edvta a Magyarorsz\u00e1g hivatalos Oscar-nevez\u00e9s\u00e9r\u0151l d\u00f6nt\u0151 bizotts\u00e1got a Nemzeti Filmint\u00e9zet a Filmreform 2026 k\u00f6zrem\u0171k\u00f6d\u00e9s\u00e9vel, a szakemberek szeptemberben d\u00f6ntenek&hellip;\n","protected":false},"author":2,"featured_media":206929,"comment_status":"","ping_status":"","sticky":false,"template":"","format":"standard","meta":{"footnotes":"","_share_on_mastodon":"0"},"categories":[16],"tags":[137,44,42,40,43,41,342,4456,138],"class_list":["post-206928","post","type-post","status-publish","format-standard","has-post-thumbnail","category-szorakozas","tag-entertainment","tag-hu","tag-hungarian","tag-hungary","tag-magyar","tag-magyarorszag","tag-mozi-film-sorozatok","tag-oscar-dij","tag-szorakozas"],"share_on_mastodon":{"url":"https:\/\/pubeurope.com\/@hu\/117088884207299260","error":""},"_links":{"self":[{"href":"https:\/\/www.europesays.com\/hu\/wp-json\/wp\/v2\/posts\/206928","targetHints":{"allow":["GET"]}}],"collection":[{"href":"https:\/\/www.europesays.com\/hu\/wp-json\/wp\/v2\/posts"}],"about":[{"href":"https:\/\/www.europesays.com\/hu\/wp-json\/wp\/v2\/types\/post"}],"author":[{"embeddable":true,"href":"https:\/\/www.europesays.com\/hu\/wp-json\/wp\/v2\/users\/2"}],"replies":[{"embeddable":true,"href":"https:\/\/www.europesays.com\/hu\/wp-json\/wp\/v2\/comments?post=206928"}],"version-history":[{"count":0,"href":"https:\/\/www.europesays.com\/hu\/wp-json\/wp\/v2\/posts\/206928\/revisions"}],"wp:featuredmedia":[{"embeddable":true,"href":"https:\/\/www.europesays.com\/hu\/wp-json\/wp\/v2\/media\/206929"}],"wp:attachment":[{"href":"https:\/\/www.europesays.com\/hu\/wp-json\/wp\/v2\/media?parent=206928"}],"wp:term":[{"taxonomy":"category","embeddable":true,"href":"https:\/\/www.europesays.com\/hu\/wp-json\/wp\/v2\/categories?post=206928"},{"taxonomy":"post_tag","embeddable":true,"href":"https:\/\/www.europesays.com\/hu\/wp-json\/wp\/v2\/tags?post=206928"}],"curies":[{"name":"wp","href":"https:\/\/api.w.org\/{rel}","templated":true}]}}