{"id":207024,"date":"2026-08-13T17:03:15","date_gmt":"2026-08-13T17:03:15","guid":{"rendered":"https:\/\/www.europesays.com\/hu\/207024\/"},"modified":"2026-08-13T17:03:15","modified_gmt":"2026-08-13T17:03:15","slug":"index-kultur-itt-az-uj-nevsor-ok-dontenek-arrol-melyik-magyar-film-indul-az-oscar-dijert","status":"publish","type":"post","link":"https:\/\/www.europesays.com\/hu\/207024\/","title":{"rendered":"Index &#8211; Kult\u00far &#8211; Itt az \u00faj n\u00e9vsor, \u0151k d\u00f6ntenek arr\u00f3l, melyik magyar film indul az Oscar-d\u00edj\u00e9rt"},"content":{"rendered":"<p>                <a href=\"https:\/\/index.hu\/szerzo\/peter_zsombor\" rel=\"nofollow noopener\" target=\"_blank\"><br \/>\n                        <img decoding=\"async\" class=\"szerzo-kep\" src=\"https:\/\/www.europesays.com\/hu\/wp-content\/uploads\/2026\/08\/1786640592_519_63693933_4710059_20ad247ac1add8a1bdd71b49276f9222_wm.jpg\" alt=\"P\u00e9ter Zsombor\"\/><br \/>\n                <\/a><\/p>\n<p>\n                \u00d6ssze\u00e1llt a magyar Oscar-nevez\u00e9sr\u0151l d\u00f6nt\u0151 szakmai bizotts\u00e1g. A test\u00fclet szeptember elej\u00e9n v\u00e1lasztja ki, melyik magyar film indulhat a 99. Oscar-d\u00edj nemzetk\u00f6zi film kateg\u00f3ri\u00e1j\u00e1ban. A nevez\u00e9sre azok az alkot\u00e1sok es\u00e9lyesek, amelyek megfelelnek az Amerikai Filmakad\u00e9mia szab\u00e1lyainak.            <\/p>\n<p>A Nemzeti Filmint\u00e9zet (NFI) a Filmreform 2026 k\u00f6zrem\u0171k\u00f6d\u00e9s\u00e9vel \u00f6sszeh\u00edvta a Magyarorsz\u00e1g hivatalos Oscar-nevez\u00e9s\u00e9r\u0151l d\u00f6nt\u0151 szakmai bizotts\u00e1got. A test\u00fclet szeptember elej\u00e9n v\u00e1lasztja ki azt a magyar filmet, amely haz\u00e1nkat k\u00e9pviselheti a 99. Oscar-d\u00edj nemzetk\u00f6zi film kateg\u00f3ri\u00e1j\u00e1ban.<\/p>\n<p>Az Amerikai Filmakad\u00e9mia szab\u00e1lyai szerint minden orsz\u00e1g egy eg\u00e9sz est\u00e9s filmet nevezhet a kateg\u00f3ri\u00e1ba. Olyan alkot\u00e1s j\u00f6het sz\u00f3ba, amelyet 2025. okt\u00f3ber 1. \u00e9s 2026. szeptember 30. k\u00f6z\u00f6tt kereskedelmi moziforgalmaz\u00e1sban, legal\u00e1bb h\u00e9t egym\u00e1st k\u00f6vet\u0151 napon vet\u00edtettek az adott orsz\u00e1gban.<\/p>\n<p>Az NFI a Filmreform 2026-tal egy\u00fcttm\u0171k\u00f6d\u00e9sben hat filmes szakembert k\u00e9rt fel a d\u00f6nt\u0151bizotts\u00e1gba, \u00e9s biztos\u00edtja sz\u00e1mukra a szab\u00e1lyoknak megfelel\u0151 filmek megtekint\u00e9s\u00e9t. A test\u00fclet tagjai:<\/p>\n<p>                        Erd\u00e9ly M\u00e1ty\u00e1s operat\u0151r,<br \/>\n                        Gazdag Gyula forgat\u00f3k\u00f6nyv\u00edr\u00f3-rendez\u0151,<br \/>\n                        Gelencs\u00e9r G\u00e1bor filmt\u00f6rt\u00e9n\u00e9sz \u00e9s kritikus,<br \/>\n                        Kocsis \u00c1gnes rendez\u0151,<br \/>\n                        L\u00e1szl\u00f3 S\u00e1ra producer,<br \/>\n                        Horv\u00e1th Krist\u00f3f fesztiv\u00e1ligazgat\u00f3, aki a fiatal filmeseket k\u00e9pviseli.<\/p>\n<p>A hivatalos magyar nevez\u00e9st a Nemzeti Filmint\u00e9zet szeptember elej\u00e9n hozza nyilv\u00e1noss\u00e1gra. Ezt k\u00f6vet\u0151en az Amerikai Filmakad\u00e9mia k\u00e9pvisel\u0151i az egyes orsz\u00e1gok \u00e1ltal bek\u00fcld\u00f6tt filmek k\u00f6z\u00fcl v\u00e1lasztj\u00e1k ki janu\u00e1r elej\u00e9n azokat, amelyek beker\u00fclnek a jel\u00f6ltek k\u00f6z\u00e9. A legjobb nemzetk\u00f6zi filmnek j\u00e1r\u00f3 Oscar-d\u00edjr\u00f3l v\u00e9g\u00fcl az akad\u00e9mia teljes tags\u00e1ga d\u00f6nt.<\/p>\n<p>\n                          (Bor\u00edt\u00f3k\u00e9p: K\u00e9p\u00fcnk illusztr\u00e1ci\u00f3! Fot\u00f3:\u00a0Frazer Harrison \/ Getty Images)\n                        <\/p>\n<p><a href=\"https:\/\/dex.hu\/x.php?id=googlepref_desktop&amp;url=https:\/\/google.com\/preferences\/source?q=https:\/\/index.hu\" class=\"google-pref-banner \" id=\"googlePrefBanner\" rel=\"nofollow noopener\" target=\"_blank\"><\/p>\n<p>    Itt \u00e1ll\u00edtsa be, hogy az Index az els\u0151k k\u00f6z\u00f6tt legyen a Google-tal\u00e1latokban!<\/p>\n<p><\/a><\/p>\n<p>                <a href=\"https:\/\/konyvek.index.hu\/\" target=\"_blank\" rel=\"nofollow noopener\"><br \/>\n                <img decoding=\"async\" src=\"https:\/\/index.hu\/assets\/images\/konyvajanlo\/book_indapress\/book_indapress_logo.svg\" loading=\"lazy\" alt=\"Inda Press Kiad\u00f3\"\/><br \/>\n                <\/a><\/p>\n<p>                <img decoding=\"async\" src=\"https:\/\/www.europesays.com\/hu\/wp-content\/uploads\/2026\/08\/1786640593_638_hogyantudnek.png\" loading=\"lazy\" alt=\"Hogyan tudn\u00e9k \u00e9lni n\u00e9lk\u00fcled?\"\/><\/p>\n<p>Ismerd meg a film m\u00f6g\u00f6tt \u00e1ll\u00f3 m\u0171v\u00e9szek t\u00f6rt\u00e9neteit \u00e9s szerezd be a Hogyan tudn\u00e9k \u00e9lni n\u00e9lk\u00fcled? kulisszak\u00f6nyv\u00e9t!<\/p>\n<p>                <a class=\"book_index_btn\" href=\"https:\/\/indexadhu.hit.gemius.pl\/hitredir?id=nSCbubuYpDWJZLZs0TssLrbt33Lk5kbipuiZrkg89G3.g7&amp;stparam=uidhlvpiig&amp;fastid=hlkzmkpizaaluhlbedwldibviqkk&amp;nc=0&amp;url=https:\/\/www.indapresskiado.hu\/products\/hogyan-tudnek-elni-nelkuled\" target=\"_blank\" rel=\"nofollow noopener\">MEGVESZEM<\/a><\/p>\n<p>    <img loading=\"lazy\" decoding=\"async\" src=\"https:\/\/www.europesays.com\/hu\/wp-content\/uploads\/2026\/08\/1786640595_224_redot.gif\" border=\"0\" height=\"0\" width=\"0\"\/><\/p>\n<p>    <img decoding=\"async\" src=\"https:\/\/index.hu\/assets\/images\/social-follow\/logo-big.svg\" alt=\"Index.hu logo\"\/><\/p>\n<p>K\u00f6vesse az Indexet Facebookon is!<\/p>\n<p>    <a href=\"https:\/\/facebook.com\/Indexhu\" target=\"_blank\" rel=\"nofollow noopener\"><\/p>\n<p>        K\u00f6vetem!<br \/>\n    <\/a><\/p>\n","protected":false},"excerpt":{"rendered":"\u00d6ssze\u00e1llt a magyar Oscar-nevez\u00e9sr\u0151l d\u00f6nt\u0151 szakmai bizotts\u00e1g. A test\u00fclet szeptember elej\u00e9n v\u00e1lasztja ki, melyik magyar film indulhat a&hellip;\n","protected":false},"author":2,"featured_media":207025,"comment_status":"","ping_status":"","sticky":false,"template":"","format":"standard","meta":{"footnotes":"","_share_on_mastodon":"0"},"categories":[16],"tags":[151,152,137,56709,167,44,42,40,56710,150,43,41,14418,33415,4456,138],"class_list":["post-207024","post","type-post","status-publish","format-standard","has-post-thumbnail","category-szorakozas","tag-ce-femina","tag-ce-napi","tag-entertainment","tag-erdely-matyas","tag-film","tag-hu","tag-hungarian","tag-hungary","tag-kocsis-agnes","tag-kultur","tag-magyar","tag-magyarorszag","tag-nemzeti-filmintezet","tag-nevezes","tag-oscar-dij","tag-szorakozas"],"share_on_mastodon":{"url":"https:\/\/pubeurope.com\/@hu\/117089285668388006","error":""},"_links":{"self":[{"href":"https:\/\/www.europesays.com\/hu\/wp-json\/wp\/v2\/posts\/207024","targetHints":{"allow":["GET"]}}],"collection":[{"href":"https:\/\/www.europesays.com\/hu\/wp-json\/wp\/v2\/posts"}],"about":[{"href":"https:\/\/www.europesays.com\/hu\/wp-json\/wp\/v2\/types\/post"}],"author":[{"embeddable":true,"href":"https:\/\/www.europesays.com\/hu\/wp-json\/wp\/v2\/users\/2"}],"replies":[{"embeddable":true,"href":"https:\/\/www.europesays.com\/hu\/wp-json\/wp\/v2\/comments?post=207024"}],"version-history":[{"count":0,"href":"https:\/\/www.europesays.com\/hu\/wp-json\/wp\/v2\/posts\/207024\/revisions"}],"wp:featuredmedia":[{"embeddable":true,"href":"https:\/\/www.europesays.com\/hu\/wp-json\/wp\/v2\/media\/207025"}],"wp:attachment":[{"href":"https:\/\/www.europesays.com\/hu\/wp-json\/wp\/v2\/media?parent=207024"}],"wp:term":[{"taxonomy":"category","embeddable":true,"href":"https:\/\/www.europesays.com\/hu\/wp-json\/wp\/v2\/categories?post=207024"},{"taxonomy":"post_tag","embeddable":true,"href":"https:\/\/www.europesays.com\/hu\/wp-json\/wp\/v2\/tags?post=207024"}],"curies":[{"name":"wp","href":"https:\/\/api.w.org\/{rel}","templated":true}]}}