{"id":207071,"date":"2026-08-13T17:45:12","date_gmt":"2026-08-13T17:45:12","guid":{"rendered":"https:\/\/www.europesays.com\/hu\/207071\/"},"modified":"2026-08-13T17:45:12","modified_gmt":"2026-08-13T17:45:12","slug":"mar-nem-kael-csaba-donthet-arrol-melyik-filmet-nevezze-magyarorszag-az-oscarra","status":"publish","type":"post","link":"https:\/\/www.europesays.com\/hu\/207071\/","title":{"rendered":"M\u00e1r nem K\u00e1el Csaba d\u00f6nthet arr\u00f3l, melyik filmet nevezze Magyarorsz\u00e1g az Oscarra"},"content":{"rendered":"<p class=\"\">\n    \u00dajj\u00e1alakul Az Oscar-d\u00edjra nevez\u0151 bizotts\u00e1g, az, amelyik eld\u00f6ntheti, hgy melyik magyar filmet nevezz\u00fck az Oscarra. A Nemzeti Filmint\u00e9zet k\u00f6zlem\u00e9nye szerint id\u00e9n m\u00e1r a f\u00fcggetlenfilmeseket \u00f6sszefog\u00f3 Filmreform 2026-tal egy\u00fcttm\u0171k\u00f6dve k\u00e9rtek fel filmes szakembereket az Oscar-nevez\u00e9sr\u0151l d\u00f6nt\u0151 test\u00fcletbe.\n  <\/p>\n<p>    <a href=\"https:\/\/www.europesays.com\/hu\/wp-content\/uploads\/2026\/08\/8NVWfExUgEPe23j1NAs.jpeg\" class=\"uwwrama _1chu0ywg _8b6bx65\" rel=\"nofollow\"><\/p>\n<p>  <img decoding=\"async\" loading=\"lazy\" src=\"https:\/\/www.europesays.com\/hu\/wp-content\/uploads\/2026\/08\/8NVWfExUgEPe23j1NAs.jpeg\"   class=\"_672m2jd _1chu0ywo ta3a4c1ey ta3a4c1aa he2knv4 ta3a4c1ey ta3a4czs\" style=\"--_672m2j6:1.50;--_672m2j5:2560px 1707px\" alt=\"\"\/><\/p>\n<p>      <\/a><\/p>\n<p>\n              Fot\u00f3:<br \/>\n                ROBYN BECK\/AFP\n            <\/p>\n<p class=\"\">\n    Az Oscar-d\u00edjra nevez\u0151 bizotts\u00e1gnak Erd\u00e9ly M\u00e1ty\u00e1s operat\u0151r, Gazdag Gyula forgat\u00f3k\u00f6nyv\u00edr\u00f3-rendez\u0151, Gelencs\u00e9r G\u00e1bor filmt\u00f6rt\u00e9n\u00e9sz, kritikus, Kocsis \u00c1gnes rendez\u0151, L\u00e1szl\u00f3 S\u00e1ra producer, \u00e9s a f\u00fcggetlenek k\u00e9pviselet\u00e9ben Horv\u00e1th Krist\u00f3f, a Budapest International Festival fesztiv\u00e1ligazgat\u00f3ja a tagjai.\n  <\/p>\n<p class=\"\">\n    A hivatalos magyar Oscar-nevez\u00e9st szeptember elej\u00e9n hozz\u00e1k majd nyilv\u00e1noss\u00e1gra.\n  <\/p>\n","protected":false},"excerpt":{"rendered":"\u00dajj\u00e1alakul Az Oscar-d\u00edjra nevez\u0151 bizotts\u00e1g, az, amelyik eld\u00f6ntheti, hgy melyik magyar filmet nevezz\u00fck az Oscarra. A Nemzeti Filmint\u00e9zet&hellip;\n","protected":false},"author":2,"featured_media":207072,"comment_status":"","ping_status":"","sticky":false,"template":"","format":"standard","meta":{"footnotes":"","_share_on_mastodon":"0"},"categories":[16],"tags":[56721,137,56709,56720,23077,50930,56712,44,42,40,56710,573,56719,43,41,14418,4456,138],"class_list":["post-207071","post","type-post","status-publish","format-standard","has-post-thumbnail","category-szorakozas","tag-budapest-international-festival","tag-entertainment","tag-erdely-matyas","tag-filmreform-2026","tag-gazdag-gyula","tag-gelencser-gabor","tag-horvath-kristof","tag-hu","tag-hungarian","tag-hungary","tag-kocsis-agnes","tag-kultura","tag-laszlo-sara","tag-magyar","tag-magyarorszag","tag-nemzeti-filmintezet","tag-oscar-dij","tag-szorakozas"],"share_on_mastodon":{"url":"https:\/\/pubeurope.com\/@hu\/117089450696508747","error":""},"_links":{"self":[{"href":"https:\/\/www.europesays.com\/hu\/wp-json\/wp\/v2\/posts\/207071","targetHints":{"allow":["GET"]}}],"collection":[{"href":"https:\/\/www.europesays.com\/hu\/wp-json\/wp\/v2\/posts"}],"about":[{"href":"https:\/\/www.europesays.com\/hu\/wp-json\/wp\/v2\/types\/post"}],"author":[{"embeddable":true,"href":"https:\/\/www.europesays.com\/hu\/wp-json\/wp\/v2\/users\/2"}],"replies":[{"embeddable":true,"href":"https:\/\/www.europesays.com\/hu\/wp-json\/wp\/v2\/comments?post=207071"}],"version-history":[{"count":0,"href":"https:\/\/www.europesays.com\/hu\/wp-json\/wp\/v2\/posts\/207071\/revisions"}],"wp:featuredmedia":[{"embeddable":true,"href":"https:\/\/www.europesays.com\/hu\/wp-json\/wp\/v2\/media\/207072"}],"wp:attachment":[{"href":"https:\/\/www.europesays.com\/hu\/wp-json\/wp\/v2\/media?parent=207071"}],"wp:term":[{"taxonomy":"category","embeddable":true,"href":"https:\/\/www.europesays.com\/hu\/wp-json\/wp\/v2\/categories?post=207071"},{"taxonomy":"post_tag","embeddable":true,"href":"https:\/\/www.europesays.com\/hu\/wp-json\/wp\/v2\/tags?post=207071"}],"curies":[{"name":"wp","href":"https:\/\/api.w.org\/{rel}","templated":true}]}}