{"id":207547,"date":"2026-08-14T04:25:15","date_gmt":"2026-08-14T04:25:15","guid":{"rendered":"https:\/\/www.europesays.com\/hu\/207547\/"},"modified":"2026-08-14T04:25:15","modified_gmt":"2026-08-14T04:25:15","slug":"index-kultur-majka-nem-fogta-vissza-magat-kemeny-uzenettel-tert-vissza-bindzsisztan-elnoke","status":"publish","type":"post","link":"https:\/\/www.europesays.com\/hu\/207547\/","title":{"rendered":"Index &#8211; Kult\u00far &#8211; Majka nem fogta vissza mag\u00e1t: kem\u00e9ny \u00fczenettel t\u00e9rt vissza Bindzsiszt\u00e1n eln\u00f6ke"},"content":{"rendered":"<p>Hossz\u00fa id\u0151 ut\u00e1n a Sziget Fesztiv\u00e1l m\u00e1r nem f\u0151k\u00e9pp a k\u00fclf\u00f6ldi, hanem a hazai zenerajong\u00f3knak is kedvez, aminek puszt\u00e1n az az oka, hogy Gerendai K\u00e1roly alap\u00edt\u00f3-tulajdonos visszat\u00e9r\u00e9s\u00e9vel \u00fajra el\u0151t\u00e9rbe ker\u00fclt a magyars\u00e1g k\u00e9rd\u00e9se. \u00c9s ez nem kiz\u00e1r\u00f3lag abban nyilv\u00e1nult meg, hogy a <a href=\"https:\/\/index.hu\/kultur\/2026\/08\/10\/sziget-fesztival-brody-janos-koncert-brody-dalok-napja-azahriah-majka\/\" id=\"hyperlink_a655a68355d100716f7e5881b79a6593\" target=\"_blank\" title=\"Br\u00f3dy J\u00e1nos hangja elcsuklott, Majka \u00fczent, Azahriah az \u00e9desanyj\u00e1val \u00e9nekelt\" rel=\"nofollow noopener\">m\u00ednusz egyedik napon<\/a> a 80 \u00e9ves Br\u00f3dy J\u00e1nos munk\u00e1ss\u00e1g\u00e1t \u00fcnnep\u00e9ve l\u00e9pett sz\u00ednpadra t\u00f6bb tucat magyar el\u0151ad\u00f3, akik saj\u00e1t \u00edzl\u00e9s\u00fckre form\u00e1lt\u00e1k a zen\u00e9sz egy-egy dal\u00e1t, hanem id\u00e9n egy kiz\u00e1r\u00f3lag hazai m\u0171v\u00e9szeket felvonultat\u00f3 sz\u00ednpad is l\u00e9trej\u00f6tt.<\/p>\n<p>Mint <a href=\"https:\/\/index.hu\/kultur\/2026\/03\/18\/sziget-fesztival-2026-budapest-park-stage-by-johnnie-walker\/\" id=\"hyperlink_2fdc307f49d9e24b0903037d2ad655ab\" target=\"_blank\" title=\"Teljesen \u00faj sz\u00ednpad \u00e9rkezik a Szigetre, a magyar zen\u00e9\u00e9 lesz a f\u0151szerep\" rel=\"nofollow noopener\">meg\u00edrtuk<\/a>, a Sziget szervez\u0151i a\u00a0Budapest Parkkal egy\u00fcttm\u0171k\u00f6d\u00e9sben alak\u00edtott\u00e1k ki a helysz\u00ednt, ahol \u00f6t napon kereszt\u00fcl, napi 4-5 m\u0171sors\u00e1vban l\u00e9pnek fel azok a hazai el\u0151ad\u00f3k, akik a magyar zenei \u00e9let meghat\u00e1roz\u00f3 szerepl\u0151i \u00e9s a Parkban is m\u00e1r t\u00f6bbsz\u00f6r bizony\u00edtottak. A\u00a0fell\u00e9p\u0151k n\u00e9vsora egyfajta Sziget-t\u00f6rt\u00e9neti id\u0151utaz\u00e1s is egyben, hisz \u00e9rkeztek olyan zenekarok, akik m\u00e1r az els\u0151 \u201eDi\u00e1kszigeten\u201d is ott voltak, p\u00e9ld\u00e1ul a Kisp\u00e1l \u00e9s a Borz vagy a Tankcsapda.\u00a0<\/p>\n<p>A Budapest Park sz\u00ednpad egy\u00e9bk\u00e9nt a <a href=\"https:\/\/index.hu\/kultur\/2026\/08\/13\/sziget-fesztival-muveszetek-kertje-jardin-des-arts-mulatos-tanc-workshop\/\" id=\"hyperlink_3d0e768f010138ef9ae4260132650077\" target=\"_blank\" title=\"Rost\u00e1s Szabik\u00e1ra \u00e9s Kis Gr\u00f3f\u00f3ra buliztak a Szigeten, \u00e9s nem is ak\u00e1rhogy\" rel=\"nofollow noopener\">Jardin des Arts<\/a> \u00e9s a Szoho negyed szomsz\u00e9ds\u00e1g\u00e1ban kapott helyet, egy hangulatos, kisebb dombon fekv\u0151 \u00e9teludvar mellett, ahonnan ak\u00e1r n\u00e9zni \u00e9s hallgatni is lehet az \u00e9ppen zajl\u00f3 koncertet \u2013 b\u00e1r minim\u00e1lis kitakar\u00e1s az\u00e9rt van a diz\u00e1jnelemk\u00e9nt odapakolt kont\u00e9nerek miatt. A sz\u00ednpad mellett dr\u00f3tk\u00f6t\u00e9len is le lehet cs\u00faszni, \u00edgy ha valaki arra v\u00e1gyik, hogy a magasb\u00f3l vessen egy pillant\u00e1st kedvenc el\u0151ad\u00f3j\u00e1ra, azt is megteheti. Az \u00e9teludvar utca fel\u00f6li oldal\u00e1n pedig bizonyos id\u0151k\u00f6z\u00f6nk\u00e9nt utcasz\u00ednh\u00e1zi attrakci\u00f3knak lehetnek szemtan\u00fai az arra j\u00e1r\u00f3k, \u00edgy nemigen lehet unatkozni.\u00a0<\/p>\n<p>                        A l\u00e1tszat n\u00e9ha csal<\/p>\n<p>A napokban m\u00e1r p\u00e1rszor els\u00e9t\u00e1ltam a Budapest Park sz\u00ednpad mellett, \u00e9s nem felt\u00e9tlen t\u0171nt akkor\u00e1nak az el\u0151tte l\u00e9v\u0151 placc, ami a Majk\u00e1hoz hasonl\u00f3, ar\u00e9n\u00e1kat megt\u00f6lt\u0151 el\u0151ad\u00f3knak el\u00e9g lehet. \u00c1m azt sem szabad elfelejteni, hogy a Sziget eset\u00e9ben \u00f3ri\u00e1si a sz\u00f3r\u00e1s, hiszen sok a program, a k\u00fclf\u00f6ldi fell\u00e9p\u0151, \u00edgy azon magyarok is nagyobb hajland\u00f3s\u00e1ggal n\u00e9znek meg egy haz\u00e1nkba l\u00e1togat\u00f3 vil\u00e1gszt\u00e1rt, mint egy sz\u00e1mukra j\u00f3val el\u00e9rhet\u0151bb \u00e9nekest, zenekart. Cs\u00fct\u00f6rt\u00f6k est\u00e9re \u00edgy k\u00e9t koncertet is beterveztem, hogy ut\u00e1naj\u00e1rjak, hogyan vizsg\u00e1zik \u00e9lesben ez a helysz\u00edn.\u00a0<\/p>\n<p>                        <a href=\"https:\/\/galeria.index.hu\/belfold\/2026\/08\/14\/majka_byealex_es_a_slepp_sziget_fesztival_koncert\/\" class=\"image-link\" target=\"galesz70991793\" data-contentid=\"6262827\" data-js-galeria-url=\"https:\/\/galeria.index.hu\/belfold\/2026\/08\/14\/majka_byealex_es_a_slepp_sziget_fesztival_koncert\/\" data-js-galeria-open-with=\"\" rel=\"nofollow noopener\"><br \/>\n                            <img decoding=\"async\" id=\"kep70991793\" alt=\"ByeAlex \u00e9s a Slepp\" border=\"0\" loading=\"lazy\" src=\"https:\/\/www.europesays.com\/hu\/wp-content\/uploads\/2026\/08\/70991843_d792e8bd5ddf8b615db7270cc94dd3b3_wm.jpg\" width=\"640\" height=\"427\" data-image_width=\"727\" data-image_height=\"485\"\/><\/p>\n<p>                         19        <\/p>\n<p>                        <\/a><\/p>\n<p>\n                        ByeAlex \u00e9s a SleppGal\u00e9ria: Majka \u00e9s ByeAlex \u00e9s a Slepp a Sziget Fesztiv\u00e1lon(Fot\u00f3: Papajcsik P\u00e9ter \/ Index)<\/p>\n<p>B\u00e1r ByeAlex \u00e9s a Slepp fell\u00e9p\u00e9s\u00e9re igyekezve a sz\u00ednpad k\u00f6rny\u00e9k\u00e9n m\u00e9g igen szell\u0151sen \u00e1lltak a fesztiv\u00e1loz\u00f3k, amit magyar\u00e1zhatunk azzal, hogy szinte pontosan egyid\u0151ben kezd\u0151d\u00f6tt a Nagysz\u00ednpad utols\u00f3 fell\u00e9p\u0151j\u00e9vel, Florence + The Machine-nal. A banda a ki\u00edrt menetrend szerint kezdett, \u00e9s n\u00e9h\u00e1ny perccel azut\u00e1n, hogy a h\u00farok k\u00f6z\u00e9 csaptak, egyre csak gy\u0171lt a t\u00f6meg. Eddig csak fesztiv\u00e1lon l\u00e1ttam fell\u00e9pni \u0151ket, \u00edgy nem tudn\u00e1m meg\u00e1llap\u00edtani, hogy a Szigeten bemutatott koncepci\u00f3juk mekkora hasonl\u00f3s\u00e1got mutat esetleg kor\u00e1bbi ar\u00e9n\u00e1s vagy Budapest Parkos koncertek\u00e9vel, de annyi biztos, hogy el\u00e9g ingergazdaggra siker\u00fclt \u00e9s nem fukarkodtak a vizu\u00e1lis l\u00e1tv\u00e1nnyal.<\/p>\n<p>A l\u00e1ngoszlopok miatt az els\u0151 sorokban l\u00e9v\u0151knek m\u00e1r kifejezetten melege lehetett, de kaptak f\u00fcst\u00f6t is az arcukba, nem is besz\u00e9lve a konfettir\u0151l.<\/p>\n<p>Bevallom, nem t\u00fal gyakran hallgatok magyar zen\u00e9t, de az \u00e9l\u0151 koncerteknek akkora var\u00e1zsa van, hogy k\u00e9pes megszerettetni az emberrel azokat a dalokat is, amiket egy\u00e9bk\u00e9nt nem biztos, hogy v\u00e9gighallgatna. ByeAlex\u00e9k koncertj\u00e9n p\u00e9ld\u00e1ul felcsend\u00fclt a Bangkok, az Erotika, a Hungarian Mambo \u00e9s a Hullik is, buzd\u00edtani pedig nemigen kellett a t\u00f6meget az \u00e9nekl\u00e9sre, mert skand\u00e1lt\u00e1k \u0151k magukt\u00f3l is. Az el\u0151ad\u00f3 nem gy\u0151zte dics\u00e9rni az egybegy\u0171lteket, mennyire j\u00f3l n\u00e9znek ki f\u00f6ntr\u0151l, \u00e9s annak ellen\u00e9re, hogy egy-k\u00e9t k\u00fclf\u00f6ldi is odat\u00e9vedt a sz\u00ednpadhoz, nagy ar\u00e1ny\u00e1ban voltak jelen magyarok \u2013 akik \u00e9rtik is, mir\u0151l \u00e9nekel.<\/p>\n<p>                        Konkr\u00e9t \u00fczenetet fogalmazott meg<\/p>\n<p>Majk\u00e1n\u00e1l is hasonl\u00f3 volt a fel\u00e1ll\u00e1s, aki ByeAlex\u00e9k ut\u00e1n l\u00e9pett sz\u00ednpadra, \u00e9s arra sz\u00e1m\u00edtottam, hogy mivel a kezd\u00e9s el\u0151tt p\u00e1r perccel \u00e9rt v\u00e9get a nagysz\u00ednpados f\u0151fell\u00e9p\u0151 szegmense, tal\u00e1n onnan \u00e1t is j\u00f6nnek sokan a Budapest Park sz\u00ednpadhoz, amivel kapcsolatban nem is t\u00e9vedtem nagyot. Ugyan a helysz\u00edn bal oldal\u00e1n lett volna m\u00e9g hely, de ink\u00e1bb a m\u00e1sik oldalra t\u00f6m\u00f6r\u00fcltek be az emberek. A rapper a szok\u00e1sos fel\u00e1ll\u00e1sban l\u00e9pett fel, git\u00e1rosokkal, billenty\u0171ssel, dobossal, t\u00e1ncosokkal, puszt\u00e1n egyvalaki hi\u00e1nyzott az esem\u00e9nyr\u0151l: Veres M\u00f3nika Nika. Ennek kapcs\u00e1n Majka is megsz\u00f3lalt a Szigeten, kiemelve:\u00a0<\/p>\n<p>Az van gyerekek, hogy sajnos ez a h\u00e9t nem a mi het\u00fcnk. Veres M\u00f3nika m\u00e1r a m\u00falt h\u00e9ten is cefet\u00fcl \u00e9rezte mag\u00e1t, hogy nem tud vel\u00fcnk lenni most k\u00e9t h\u00e9ten kereszt\u00fcl. \u00c9n el\u00e9g nagy gy\u00e1szban vagyok \u00a0<\/p>\n<p>\u2013 mondta, hozz\u00e1t\u00e9ve, tal\u00e1n neki is elk\u00e9l majd a seg\u00edts\u00e9g a koncert k\u00fcl\u00f6nb\u00f6z\u0151 pontjain, mert nincs t\u00fal sok hangja (v\u00e9g\u00fcl h\u00fasz perccel hamarabb abba is hagyta a koncertet).\u00a0<\/p>\n<p>                        <a href=\"https:\/\/galeria.index.hu\/belfold\/2026\/08\/14\/majka_byealex_es_a_slepp_sziget_fesztival_koncert\/\" class=\"image-link\" target=\"galesz70991797\" data-contentid=\"6262827\" data-js-galeria-url=\"https:\/\/galeria.index.hu\/belfold\/2026\/08\/14\/majka_byealex_es_a_slepp_sziget_fesztival_koncert\/\" data-js-galeria-open-with=\"\" rel=\"nofollow noopener\"><br \/>\n                            <img decoding=\"async\" id=\"kep70991797\" alt=\"Majka\" border=\"0\" loading=\"lazy\" src=\"https:\/\/www.europesays.com\/hu\/wp-content\/uploads\/2026\/08\/70991845_b5eb92b2e28795d02c437949994ce81d_wm.jpg\" width=\"738\" height=\"492\" data-image_width=\"738\" data-image_height=\"492\"\/><br \/>\n                        <\/a><br \/>\n                        <a href=\"https:\/\/galeria.index.hu\/belfold\/2026\/08\/14\/majka_byealex_es_a_slepp_sziget_fesztival_koncert\/\" class=\"image-link\" target=\"galesz70991799\" data-contentid=\"6262827\" data-js-galeria-url=\"https:\/\/galeria.index.hu\/belfold\/2026\/08\/14\/majka_byealex_es_a_slepp_sziget_fesztival_koncert\/\" data-js-galeria-open-with=\"\" rel=\"nofollow noopener\"><br \/>\n                            <img decoding=\"async\" id=\"kep70991799\" alt=\"Majka\" border=\"0\" loading=\"lazy\" src=\"https:\/\/www.europesays.com\/hu\/wp-content\/uploads\/2026\/08\/70991847_4691debcc8c9e7df1f4160e48a818258_wm.jpg\" width=\"369\" height=\"246\" data-image_width=\"369\" data-image_height=\"246\"\/><br \/>\n                        <\/a><br \/>\n                        <a href=\"https:\/\/galeria.index.hu\/belfold\/2026\/08\/14\/majka_byealex_es_a_slepp_sziget_fesztival_koncert\/\" class=\"image-link\" target=\"galesz70991809\" data-contentid=\"6262827\" data-js-galeria-url=\"https:\/\/galeria.index.hu\/belfold\/2026\/08\/14\/majka_byealex_es_a_slepp_sziget_fesztival_koncert\/\" data-js-galeria-open-with=\"\" rel=\"nofollow noopener\"><br \/>\n                            <img decoding=\"async\" id=\"kep70991809\" alt=\"Majka\" border=\"0\" loading=\"lazy\" src=\"https:\/\/www.europesays.com\/hu\/wp-content\/uploads\/2026\/08\/70991849_bf8cae3feaa7daf599dd7b5cae329557_wm.jpg\" width=\"369\" height=\"246\" data-image_width=\"369\" data-image_height=\"246\"\/><\/p>\n<p>                         19        <\/p>\n<p>                        <\/a><\/p>\n<p>\n                        Gal\u00e9ria: Majka \u00e9s ByeAlex \u00e9s a Slepp a Sziget Fesztiv\u00e1lonFot\u00f3: Papajcsik P\u00e9ter \/ Index<\/p>\n<p>Az el\u0151ad\u00f3hoz h\u00edven kifejezetten nagyszab\u00e1s\u00fa produkci\u00f3val k\u00e9sz\u00fclt, ami meg\u00e1lln\u00e1 a hely\u00e9t ak\u00e1r a Sziget nagysz\u00ednpad\u00e1n is, \u00edgy ha esetleg egy k\u00fclf\u00f6ldi t\u00e9vedt arrafel\u00e9, hi\u00e1ba nem \u00e9rtette a dalsz\u00f6vegeket, m\u00e1r puszt\u00e1n a l\u00e1tv\u00e1ny miatt el\u00e9gedetten b\u00f3linthatott, hiszen a vizualit\u00e1st seg\u00edt\u0151 \u00f6sszes eszk\u00f6zzel \u00e9ltek. Nyilv\u00e1nval\u00f3an Majka saj\u00e1t bulijain j\u00f3val t\u00f6bb a l\u00e1togat\u00f3, de a Szigeten sem lehetett oka a panaszra. El\u0151adta t\u00f6bbek k\u00f6z\u00f6tt a Nekem ez j\u00e1r, a Belehalok, a T\u00fcndi B\u00fcndi \u00e9s a Mikor a test \u00f6rexik dalokat, amelyek m\u00e1r t\u00f6bb mint t\u00edz \u00e9vesek, de a magyar k\u00f6z\u00f6ns\u00e9g valami\u00e9rt konzisztensen im\u00e1dja \u0151ket, mivel egyfajta stabilit\u00e1ssal b\u00edrnak.<\/p>\n<p>A legnagyobb sikert azonban, ahogy azt m\u00e1r el\u0151re sejteni lehetett,\u00a0a Csurran cseppen jelentette, amelyn\u00e9l \u00fajra el\u0151ker\u00fclt Bindzsiszt\u00e1n eln\u00f6k\u00e9nek elh\u00edres\u00fclt v\u00f6r\u00f6s kab\u00e1tja, valamint az \u0151t \u00e1br\u00e1zol\u00f3 doll\u00e1rok, amiket sz\u00e9pen az els\u0151 sorokban \u00e1ll\u00f3k nyak\u00e1ba k\u00fcldtek. Majka egy konkr\u00e9t \u00fczenetet is megfogalmazott a dal k\u00f6zben, kijelentve:\u00a0<\/p>\n<p>Egy fontos dolgot el kell mondani mindig, m\u00e9ghozz\u00e1 azt, hogy m\u00e9gha most rendben is van minden, mi meg\u00edg\u00e9rj\u00fck, hogy ezt a dalt b\u00e1rmikor el\u0151 fogjuk venni, amikor valaki g.cizik vel\u00fcnk. Lehet, hogy most nem aktu\u00e1lis, de akkor is Isten \u00e1ldja Bindzsiszt\u00e1nt!<\/p>\n<p>Majka teh\u00e1t szok\u00e1s\u00e1hoz h\u00edven ism\u00e9t igen sokat kommunik\u00e1lt a k\u00f6z\u00f6ns\u00e9ggel az egyes szegmensek k\u00f6z\u00f6tt, \u00e9s egy kis prom\u00f3t is adott az augusztus 12-\u00e9n \u00fajra elstartol\u00f3 Most Wantednak. Egy k\u00fcldet\u00e9st is felv\u00e1zolt az egybegy\u0171lteknek, akiknek azt a d\u00f6nt\u00e9st kell meghozniuk, hogy a Valkusz Mil\u00e1n-G\u00e1sp\u00e1r Laci versenyz\u0151p\u00e1ros megmenek\u00fclj\u00f6n-e vagy sem.\u00a0\u201eEz a k\u00e9t j\u00f3mad\u00e1r annyira b.lfasz volt, hogy az els\u0151 nap elkapt\u00e1k \u0151ket, viszont \u00e9n seg\u00edtettem, mert elloptam a Bal\u00e1zs\u00e9knak a kocsij\u00e1t \u00e9s megmenek\u00edtettem ezt a k\u00e9t \u00e1llatot. Viszont nem csin\u00e1lhatom meg vel\u00fck, hogy csak \u00fagy elengedem \u0151ket, kelletek ti is hozz\u00e1, seg\u00edtenetek kell nekem\u201d \u2013 mondta, hozz\u00e1t\u00e9ve:<\/p>\n<p>Holnap ezt a k\u00e9t madarat ki fogom k\u00f6t\u00f6zni a Szigeten valahova. Aki meg akarja \u0151ket menteni, az menjen, \u00e9s szedje le r\u00f3luk a bilincset. Nem lesz egyszer\u0171, \u00edg\u00e9rem<\/p>\n<p>Teh\u00e1t ha valaki affinit\u00e1st \u00e9rez mag\u00e1ban ahhoz, hogy r\u00e9szt vegyen a j\u00e1t\u00e9kban, p\u00e9nteken j\u00e1rjon nyitott szemmel az \u00d3budai-szigeten.<\/p>\n<p>\n                          (Bor\u00edt\u00f3k\u00e9p: Majka a Sziget Fesztiv\u00e1l sz\u00ednpad\u00e1n 2026. augusztus 13-\u00e1n. Fot\u00f3:\u00a0Papajcsik P\u00e9ter \/ Index)\u00a0\n                        <\/p>\n<p><a href=\"https:\/\/dex.hu\/x.php?id=googlepref_desktop&amp;url=https:\/\/google.com\/preferences\/source?q=https:\/\/index.hu\" class=\"google-pref-banner \" id=\"googlePrefBanner\" rel=\"nofollow noopener\" target=\"_blank\"><\/p>\n<p>    Itt \u00e1ll\u00edtsa be, hogy az Index az els\u0151k k\u00f6z\u00f6tt legyen a Google-tal\u00e1latokban!<\/p>\n<p><\/a><\/p>\n<p>    <img decoding=\"async\" src=\"https:\/\/index.hu\/assets\/images\/social-follow\/logo-big.svg\" alt=\"Index.hu logo\"\/><\/p>\n<p>K\u00f6vesse az Indexet Facebookon is!<\/p>\n<p>    <a href=\"https:\/\/facebook.com\/Indexhu\" target=\"_blank\" rel=\"nofollow noopener\"><\/p>\n<p>        K\u00f6vetem!<br \/>\n    <\/a><\/p>\n","protected":false},"excerpt":{"rendered":"Hossz\u00fa id\u0151 ut\u00e1n a Sziget Fesztiv\u00e1l m\u00e1r nem f\u0151k\u00e9pp a k\u00fclf\u00f6ldi, hanem a hazai zenerajong\u00f3knak is kedvez, aminek&hellip;\n","protected":false},"author":2,"featured_media":207548,"comment_status":"","ping_status":"","sticky":false,"template":"","format":"standard","meta":{"footnotes":"","_share_on_mastodon":"0"},"categories":[22],"tags":[73,216,52163,151,44,42,40,213,150,43,41,2260,14770],"class_list":["post-207547","post","type-post","status-publish","format-standard","has-post-thumbnail","category-budapest","tag-budapest","tag-budapest-park","tag-byealex-es-a-slepp","tag-ce-femina","tag-hu","tag-hungarian","tag-hungary","tag-koncert","tag-kultur","tag-magyar","tag-magyarorszag","tag-majka","tag-sziget-fesztival"],"share_on_mastodon":{"url":"https:\/\/pubeurope.com\/@hu\/117091967365200439","error":""},"_links":{"self":[{"href":"https:\/\/www.europesays.com\/hu\/wp-json\/wp\/v2\/posts\/207547","targetHints":{"allow":["GET"]}}],"collection":[{"href":"https:\/\/www.europesays.com\/hu\/wp-json\/wp\/v2\/posts"}],"about":[{"href":"https:\/\/www.europesays.com\/hu\/wp-json\/wp\/v2\/types\/post"}],"author":[{"embeddable":true,"href":"https:\/\/www.europesays.com\/hu\/wp-json\/wp\/v2\/users\/2"}],"replies":[{"embeddable":true,"href":"https:\/\/www.europesays.com\/hu\/wp-json\/wp\/v2\/comments?post=207547"}],"version-history":[{"count":0,"href":"https:\/\/www.europesays.com\/hu\/wp-json\/wp\/v2\/posts\/207547\/revisions"}],"wp:featuredmedia":[{"embeddable":true,"href":"https:\/\/www.europesays.com\/hu\/wp-json\/wp\/v2\/media\/207548"}],"wp:attachment":[{"href":"https:\/\/www.europesays.com\/hu\/wp-json\/wp\/v2\/media?parent=207547"}],"wp:term":[{"taxonomy":"category","embeddable":true,"href":"https:\/\/www.europesays.com\/hu\/wp-json\/wp\/v2\/categories?post=207547"},{"taxonomy":"post_tag","embeddable":true,"href":"https:\/\/www.europesays.com\/hu\/wp-json\/wp\/v2\/tags?post=207547"}],"curies":[{"name":"wp","href":"https:\/\/api.w.org\/{rel}","templated":true}]}}