{"id":207997,"date":"2026-08-14T12:07:11","date_gmt":"2026-08-14T12:07:11","guid":{"rendered":"https:\/\/www.europesays.com\/hu\/207997\/"},"modified":"2026-08-14T12:07:11","modified_gmt":"2026-08-14T12:07:11","slug":"majka-betegsege-miatt-elmarad-a-szombati-koncert-az-agria-parkban-egerhirek","status":"publish","type":"post","link":"https:\/\/www.europesays.com\/hu\/207997\/","title":{"rendered":"Majka betegs\u00e9ge miatt elmarad a szombati koncert az Agria Parkban \u2013 EgerH\u00edrek"},"content":{"rendered":"<p class=\"wp-block-paragraph\">Betegs\u00e9g miatt elmarad Majka augusztus 15-re meghirdetett \u00c9lm\u00e9nykoncertje az egri Agria Parkban. A fell\u00e9p\u00e9st azonban nem t\u00f6r\u00f6lt\u00e9k: az \u00faj id\u0151pont 2026. szeptember 11., a kor\u00e1bban megszerzett Tiszteletjegyek pedig automatikusan \u00e9rv\u00e9nyesek lesznek.<\/p>\n<p><a data-no-instant=\"1\" href=\"https:\/\/regisztracio.gondosora.hu\/\" rel=\"noopener nofollow\" class=\"a2t-link\" target=\"_blank\" aria-label=\"\"><img loading=\"lazy\" decoding=\"async\" src=\"https:\/\/www.europesays.com\/hu\/wp-content\/uploads\/2026\/08\/digitalis-idosgondozas-gondosora-2025-februar-aprilis-800x100-1.gif\" alt=\"\"   width=\"800\" height=\"100\"\/><\/a><\/p>\n<p class=\"wp-block-paragraph\">Programv\u00e1ltoz\u00e1sr\u00f3l t\u00e1j\u00e9koztatta k\u00f6z\u00f6ns\u00e9g\u00e9t p\u00e9nteken az Agria Park. A k\u00f6zlem\u00e9ny szerint Majka eg\u00e9szs\u00e9gi \u00e1llapota miatt nem tudja v\u00e1llalni az augusztus 15-re tervezett egri fell\u00e9p\u00e9st.<\/p>\n<p class=\"wp-block-paragraph\">A bev\u00e1s\u00e1rl\u00f3k\u00f6zpont azt \u00edrta, a v\u00e1ratlan helyzetr\u0151l \u0151k is csak most kaptak t\u00e1j\u00e9koztat\u00e1st.<\/p>\n<p><a data-no-instant=\"1\" href=\"https:\/\/autorenteger.hu\/\" rel=\"noopener nofollow\" class=\"a2t-link\" target=\"_blank\" aria-label=\"\"><img loading=\"lazy\" decoding=\"async\" src=\"https:\/\/www.europesays.com\/hu\/wp-content\/uploads\/2026\/08\/autorenteger_728.png\" alt=\"\"   width=\"728\" height=\"90\"\/><\/a><\/p>\n<p class=\"wp-block-paragraph\">A koncert ugyanakkor nem marad el v\u00e9gleg, az \u00faj id\u0151pont 2026. szeptember 11., a helysz\u00edn tov\u00e1bbra is az egri Agria Park.<\/p>\n<p class=\"wp-block-paragraph\">A m\u00e1r megszerzett Tiszteletjegyek automatikusan \u00e9rv\u00e9nyesek az \u00faj id\u0151pontra, \u00edgy azokat nem kell \u00fajra ig\u00e9nyelni vagy becser\u00e9lni. A szervez\u0151k arra k\u00e9rik a l\u00e1togat\u00f3kat, hogy \u0151rizz\u00e9k meg jegyeiket.<\/p>\n<p class=\"wp-block-paragraph\">Az Agria Park k\u00fcl\u00f6n felh\u00edvta a figyelmet arra is, hogy a Tiszteletjegyeket a prom\u00f3ci\u00f3 r\u00e9szek\u00e9nt ingyenesen adt\u00e1k \u00e1t, ez\u00e9rt azok kereskedelmi forgalomba nem hozhat\u00f3k \u00e9s nem \u00e9rt\u00e9kes\u00edthet\u0151k tov\u00e1bb.<\/p>\n<p class=\"wp-block-paragraph\">A k\u00f6zlem\u00e9ny szerint az elm\u00falt id\u0151szakban t\u00f6bb olyan hirdet\u00e9s \u00e9s bejegyz\u00e9s is megjelent, amelyben Tiszteletjegyeket k\u00edn\u00e1ltak elad\u00e1sra. Az Agria Park az ilyen m\u00f3don tov\u00e1bb\u00e9rt\u00e9kes\u00edtett jegyek\u00e9rt, illetve az azokkal kapcsolatos ad\u00e1sv\u00e9telek\u00e9rt nem v\u00e1llal felel\u0151ss\u00e9get.<\/p>\n<p class=\"wp-block-paragraph\">A Tiszteletjegy kiz\u00e1r\u00f3lag a prom\u00f3ci\u00f3 eredeti felt\u00e9teleinek megfelel\u0151en jogos\u00edt bel\u00e9p\u00e9sre.<\/p>\n<p class=\"wp-block-paragraph\">Az Agria Park miel\u0151bbi fel\u00e9p\u00fcl\u00e9st k\u00edv\u00e1nt Majk\u00e1nak, a k\u00f6z\u00f6ns\u00e9get pedig szeptember 11-\u00e9n v\u00e1rj\u00e1k az \u00faj id\u0151pontban megtartand\u00f3 koncertre.<\/p>\n<p><a style=\"display: flex;flex-wrap: wrap;align-items: center;gap: 1rem;width: 100%;padding: 1rem 0;border-top: 1px solid var(--grey2);margin: 1rem 0; border-bottom: 1px solid var(--grey2); justify-content:center;\" href=\"https:\/\/news.google.com\/publications\/CAAqJggKIiBDQklTRWdnTWFnNEtER1ZuWlhKb2FYSmxheTVvZFNnQVAB?ceid=HU:hu&amp;oc=3\" target=\"_blank\" rel=\"nofollow noopener\"><br \/>\n<img decoding=\"async\" style=\"width: 190px;border: 1px solid var(--grey2);padding: 0.25rem 0.75rem;border-radius: .5rem;background:#fff\" width=\"200\" height=\"auto\" src=\"https:\/\/www.europesays.com\/hu\/wp-content\/uploads\/2026\/08\/google-news.webp\" alt=\"Google H\u00edrek\"\/><\/p>\n<p style=\"margin:0\">K\u00f6vess minket az EH Google H\u00edrek oldal\u00e1n is a legfrissebb h\u00edrek\u00e9rt!<\/p>\n<p><\/a><\/p>\n","protected":false},"excerpt":{"rendered":"Betegs\u00e9g miatt elmarad Majka augusztus 15-re meghirdetett \u00c9lm\u00e9nykoncertje az egri Agria Parkban. A fell\u00e9p\u00e9st azonban nem t\u00f6r\u00f6lt\u00e9k: az&hellip;\n","protected":false},"author":2,"featured_media":207998,"comment_status":"","ping_status":"","sticky":false,"template":"","format":"standard","meta":{"footnotes":"","_share_on_mastodon":"0"},"categories":[16],"tags":[56888,6004,137,44,42,40,2523,43,41,2260,2980,138],"class_list":["post-207997","post","type-post","status-publish","format-standard","has-post-thumbnail","category-szorakozas","tag-agria-park","tag-eger","tag-entertainment","tag-hu","tag-hungarian","tag-hungary","tag-kiemelt","tag-magyar","tag-magyarorszag","tag-majka","tag-programok","tag-szorakozas"],"share_on_mastodon":{"url":"https:\/\/pubeurope.com\/@hu\/117093783831907462","error":""},"_links":{"self":[{"href":"https:\/\/www.europesays.com\/hu\/wp-json\/wp\/v2\/posts\/207997","targetHints":{"allow":["GET"]}}],"collection":[{"href":"https:\/\/www.europesays.com\/hu\/wp-json\/wp\/v2\/posts"}],"about":[{"href":"https:\/\/www.europesays.com\/hu\/wp-json\/wp\/v2\/types\/post"}],"author":[{"embeddable":true,"href":"https:\/\/www.europesays.com\/hu\/wp-json\/wp\/v2\/users\/2"}],"replies":[{"embeddable":true,"href":"https:\/\/www.europesays.com\/hu\/wp-json\/wp\/v2\/comments?post=207997"}],"version-history":[{"count":0,"href":"https:\/\/www.europesays.com\/hu\/wp-json\/wp\/v2\/posts\/207997\/revisions"}],"wp:featuredmedia":[{"embeddable":true,"href":"https:\/\/www.europesays.com\/hu\/wp-json\/wp\/v2\/media\/207998"}],"wp:attachment":[{"href":"https:\/\/www.europesays.com\/hu\/wp-json\/wp\/v2\/media?parent=207997"}],"wp:term":[{"taxonomy":"category","embeddable":true,"href":"https:\/\/www.europesays.com\/hu\/wp-json\/wp\/v2\/categories?post=207997"},{"taxonomy":"post_tag","embeddable":true,"href":"https:\/\/www.europesays.com\/hu\/wp-json\/wp\/v2\/tags?post=207997"}],"curies":[{"name":"wp","href":"https:\/\/api.w.org\/{rel}","templated":true}]}}