{"id":208713,"date":"2026-08-15T01:18:11","date_gmt":"2026-08-15T01:18:11","guid":{"rendered":"https:\/\/www.europesays.com\/hu\/208713\/"},"modified":"2026-08-15T01:18:11","modified_gmt":"2026-08-15T01:18:11","slug":"veszhelyzet-a-lajtan-halakat-mentenek-horgaszati-tilalmat-rendeltek-el","status":"publish","type":"post","link":"https:\/\/www.europesays.com\/hu\/208713\/","title":{"rendered":"V\u00e9szhelyzet a Lajt\u00e1n: halakat mentenek, horg\u00e1szati tilalmat rendeltek el"},"content":{"rendered":"<p>A sz\u00f6vets\u00e9g <a href=\"https:\/\/www.facebook.com\/permalink.php?story_fbid=1484719507018803&amp;id=100064423042655&amp;ref=embed_post\" target=\"_blank\" rel=\"noopener nofollow\">k\u00f6zl\u00e9se szerint<\/a> a hal\u0151r\u00f6k mellett az \u00c9szak-dun\u00e1nt\u00fali V\u00edz\u00fcgyi Igazgat\u00f3s\u00e1g munkat\u00e1rsai, a Hegyeshalmi Nagyk\u00f6zs\u00e9gi \u00d6nk\u00e9ntes T\u0171zolt\u00f3 Egyes\u00fclet \u00e9s a Hegyeshalmi Horg\u00e1szegyes\u00fclet \u00f6nk\u00e9ntesei is bekapcsol\u00f3dtak a ment\u00e9sbe.<\/p>\n<p>A kialakult \u00e1llapotok miatt a Sporthorg\u00e1sz Egyes\u00fcletek Gy\u0151r-Moson-Sopron Megyei Sz\u00f6vets\u00e9ge horg\u00e1szati tilalmat rendelt el a foly\u00f3ra. A r\u00e9sztvev\u0151k a foly\u00f3n megrekedt halak ment\u00e9s\u00e9n dolgoztak, emellett az elpusztult halakat is \u00f6sszegy\u0171jt\u00f6tt\u00e9k.<\/p>\n<p>A Lajta jelenlegi \u00e1llapota miatt a Sporthorg\u00e1sz Egyes\u00fcletek Gy\u0151r-Moson-Sopron Megyei Sz\u00f6vets\u00e9ge bejelentette, hogy a hal\u00e1llom\u00e1ny v\u00e9delm\u00e9ben horg\u00e1szati tilalmat rendelt el augusztus 12-\u00e9n, szerd\u00e1t\u00f3l.<\/p>\n<p>A szervezet arra is felh\u00edvta a figyelmet, hogy nemcsak a Lajt\u00e1n okoz probl\u00e9m\u00e1t a rendk\u00edv\u00fcl sz\u00e1raz id\u0151j\u00e1r\u00e1s.<\/p>\n<p>Sajnos, m\u00e1r t\u00f6bb helyen is k\u00fczd\u00fcnk az asz\u00e1llyal \u00e9s a v\u00edzhi\u00e1nnyal \u00e9s nem mindenhol \u00e1llunk j\u00f3l<\/p>\n<p>\u2013 tett\u00e9k hozz\u00e1.<\/p>\n<p>(Forr\u00e1s: <a href=\"https:\/\/pecaverzum.hu\/aktualis\/havariahelyzet-alakult-ki-a-lajtan-horgaszati-tilalmat-rendeltek-el--fotokkal\" target=\"_blank\" rel=\"noopener nofollow\">Pecaverzum<\/a>.)<\/p>\n<p>Meg\u00edrtuk azt is, hogy <a href=\"https:\/\/sokszinuvidek.24.hu\/viragzo-videkunk\/2026\/08\/12\/halmentes-kiszaradt-gyongyos-patak\/\" target=\"_blank\" rel=\"noopener nofollow\">halakat mentenek a kisz\u00e1rad\u00f3 Gy\u00f6ngy\u00f6s-patakb\u00f3l is<\/a> \u00e9s <a href=\"https:\/\/sokszinuvidek.24.hu\/mozaik\/2026\/08\/10\/halpusztulas-retimajor\/\" target=\"_blank\" rel=\"noopener nofollow\">tonnasz\u00e1m pusztulnak a halak R\u00e9timajorban<\/a>. Alm\u00e1sf\u00fczit\u0151n\u00e9l pedig <a href=\"https:\/\/sokszinuvidek.24.hu\/mozaik\/2026\/08\/11\/almasfuzito-duna-szennyezes\/\" target=\"_blank\" rel=\"noopener nofollow\">barn\u00e1s, furcsa szag\u00fa anyag sziv\u00e1rog a Dun\u00e1ba<\/a>.<\/p>\n","protected":false},"excerpt":{"rendered":"A sz\u00f6vets\u00e9g k\u00f6zl\u00e9se szerint a hal\u0151r\u00f6k mellett az \u00c9szak-dun\u00e1nt\u00fali V\u00edz\u00fcgyi Igazgat\u00f3s\u00e1g munkat\u00e1rsai, a Hegyeshalmi Nagyk\u00f6zs\u00e9gi \u00d6nk\u00e9ntes T\u0171zolt\u00f3 Egyes\u00fclet&hellip;\n","protected":false},"author":2,"featured_media":208714,"comment_status":"","ping_status":"","sticky":false,"template":"","format":"standard","meta":{"footnotes":"","_share_on_mastodon":"0"},"categories":[6],"tags":[11920,57037,57038,44,42,40,57039,43,41,13306],"class_list":["post-208713","post","type-post","status-publish","format-standard","has-post-thumbnail","category-magyarorszag","tag-aszaly","tag-halmentes","tag-horgaszati-tilom","tag-hu","tag-hungarian","tag-hungary","tag-lajta","tag-magyar","tag-magyarorszag","tag-vizhiany"],"share_on_mastodon":{"url":"https:\/\/pubeurope.com\/@hu\/117096893731737724","error":""},"_links":{"self":[{"href":"https:\/\/www.europesays.com\/hu\/wp-json\/wp\/v2\/posts\/208713","targetHints":{"allow":["GET"]}}],"collection":[{"href":"https:\/\/www.europesays.com\/hu\/wp-json\/wp\/v2\/posts"}],"about":[{"href":"https:\/\/www.europesays.com\/hu\/wp-json\/wp\/v2\/types\/post"}],"author":[{"embeddable":true,"href":"https:\/\/www.europesays.com\/hu\/wp-json\/wp\/v2\/users\/2"}],"replies":[{"embeddable":true,"href":"https:\/\/www.europesays.com\/hu\/wp-json\/wp\/v2\/comments?post=208713"}],"version-history":[{"count":0,"href":"https:\/\/www.europesays.com\/hu\/wp-json\/wp\/v2\/posts\/208713\/revisions"}],"wp:featuredmedia":[{"embeddable":true,"href":"https:\/\/www.europesays.com\/hu\/wp-json\/wp\/v2\/media\/208714"}],"wp:attachment":[{"href":"https:\/\/www.europesays.com\/hu\/wp-json\/wp\/v2\/media?parent=208713"}],"wp:term":[{"taxonomy":"category","embeddable":true,"href":"https:\/\/www.europesays.com\/hu\/wp-json\/wp\/v2\/categories?post=208713"},{"taxonomy":"post_tag","embeddable":true,"href":"https:\/\/www.europesays.com\/hu\/wp-json\/wp\/v2\/tags?post=208713"}],"curies":[{"name":"wp","href":"https:\/\/api.w.org\/{rel}","templated":true}]}}