{"id":209168,"date":"2026-08-15T11:41:11","date_gmt":"2026-08-15T11:41:11","guid":{"rendered":"https:\/\/www.europesays.com\/hu\/209168\/"},"modified":"2026-08-15T11:41:11","modified_gmt":"2026-08-15T11:41:11","slug":"index-belfold-harom-autot-tort-ossze-egy-sofor-kobanyan-egy-masik-auto-keresztbeallt-az-m1-esen","status":"publish","type":"post","link":"https:\/\/www.europesays.com\/hu\/209168\/","title":{"rendered":"Index &#8211; Belf\u00f6ld &#8211; H\u00e1rom aut\u00f3t t\u00f6rt \u00f6ssze egy sof\u0151r K\u0151b\u00e1ny\u00e1n, egy m\u00e1sik aut\u00f3 keresztbe\u00e1llt az M1-esen"},"content":{"rendered":"<p>K\u00e9t tanuls\u00e1gos k\u00f6zleked\u00e9si helyzetet r\u00f6gz\u00edtettek a napokban a X. ker\u00fcletben \u00e9s az M6-oson a <a href=\"https:\/\/bpiautosok.hu\/nem-csoda-hogy-uvoltott-a-taxis-3-autot-tort-ossze-egy-no-egyetlen-pillanat-alatt-kobanyan\/\" id=\"hyperlink_b692e73c6b50c401c793da64f01a2970\" rel=\"nofollow noopener\" target=\"_blank\">Budapesti Aut\u00f3sok<\/a> olvas\u00f3i. Az egyikn\u00e9l egy aut\u00f3s nem f\u00e9kezett az el\u0151tte lassul\u00f3 j\u00e1rm\u0171vekhez \u00e9rve, aminek k\u00f6vetkezt\u00e9ben h\u00e1rom aut\u00f3 egym\u00e1snak \u00fctk\u00f6z\u00f6tt, az M1-es aut\u00f3p\u00e1ly\u00e1n pedig megfordult egy f\u00e9rfi, amib\u0151l k\u00f6nnyen s\u00falyos baleset lehetett volna.<\/p>\n<p>Az els\u0151 esetn\u00e9l \u2013 amely augusztus 10-\u00e9n, 16:40-kor t\u00f6rt\u00e9nt Budapesten, a Gy\u00f6mr\u0151i \u00fat \u00e9s a K\u0151\u00e9r utca keresztez\u0151d\u00e9s\u00e9n\u00e9l \u2013 nem lehet pontosan tudni, mi vezetett a balesethez, b\u00e1r a l\u00e1tottak alapj\u00e1n er\u0151sen felmer\u00fcl a figyelemelterel\u00e9s, ak\u00e1r a telefonhaszn\u00e1lat lehet\u0151s\u00e9ge is.<\/p>\n<p>A felv\u00e9telt bek\u00fcld\u0151 taxis elmond\u00e1sa szerint utasokkal tartott a rep\u00fcl\u0151t\u00e9r fel\u00e9, amikor a kocsisor el\u0151tt egy gyalogos l\u00e9pett az \u00fattestre. Az aut\u00f3k emiatt f\u00e9kezni kezdtek, \u00edgy \u0151 is meg\u00e1llt az el\u0151tte halad\u00f3 taxi m\u00f6g\u00f6tt.<\/p>\n<p>A m\u00f6g\u00f6tte \u00e9rkez\u0151 Skoda sof\u0151rje azonban valami okb\u00f3l nem \u00e1llt meg, \u00e9s h\u00e1tulr\u00f3l nagy er\u0151vel a kamer\u00e1s taxi h\u00e1tulj\u00e1nak \u00fctk\u00f6z\u00f6tt. Az \u00fctk\u00f6z\u00e9s akkora volt, hogy a bek\u00fcld\u0151 elmond\u00e1sa szerint a l\u00e1ba lecs\u00faszott a f\u00e9kped\u00e1lr\u00f3l, aut\u00f3ja pedig el\u0151regurult \u00e9s nekicsap\u00f3dott az el\u0151tte \u00e1ll\u00f3 m\u00e1sik taxinak \u2013 \u00edgy egyetlen pillanat alatt h\u00e1rom aut\u00f3 s\u00e9r\u00fclt meg.<\/p>\n<p>                        Keresztbe\u00e1llt egy aut\u00f3 az M1-esen<\/p>\n<p>A m\u00e1sodik vide\u00f3 eg\u00e9szen elk\u00e9peszt\u0151 jelenetet r\u00f6gz\u00edtett, ez\u00fattal az M1-es aut\u00f3p\u00e1ly\u00e1n, ahol az \u00fat\u00e9p\u00edt\u00e9sek \u00e9s terel\u00e9sek miatt egy\u00e9bk\u00e9nt is fokozott figyelemre lenne sz\u00fcks\u00e9g.<\/p>\n<p>Az M1-esen, a Budapest fel\u0151l Tatab\u00e1nya fel\u00e9 l\u00e9v\u0151 terel\u00e9sb\u0151l megfordult el\u0151tt\u00fcnk egy 70-75 \u00e9v k\u00f6r\u00fcli f\u00e9rfi. Szerencs\u00e9re nem t\u00f6rt\u00e9nt baleset<\/p>\n<p>\u2013 \u00edrta a vide\u00f3 bek\u00fcld\u0151je.<\/p>\n<p>Ilyen helyzetb\u0151l ugyanakkor pillanatok alatt s\u00falyos baleset alakulhat ki \u2013 figyelmeztet a Budapesti Aut\u00f3sok.<\/p>\n<p>Cs\u00fct\u00f6rt\u00f6k\u00f6n egy <a href=\"https:\/\/index.hu\/belfold\/2026\/08\/15\/nagykorut-amokfuto-sofor-auto-kozlekedes-osszetort-toyota-rendorseg-villamos-baleset-rakoczi-ut-sineken-menekulo\/\" id=\"hyperlink_96b1d221b683cc9759b58cae229d59c1\" target=\"_blank\" title=\"Szembehajtott a villamossal a Nagyk\u00f6r\u00faton, balesetet okozott \u00e9s gyalog pr\u00f3b\u00e1lt elmenek\u00fclni a sof\u0151r\" data-recommendation=\"bekezdes_utan\" data-recommendation-preview=\"{&quot;og:title&quot;:&quot;Szembehajtott a villamossal a Nagyk\u00f6r\u00faton, balesetet okozott, \u00e9s gyalog pr\u00f3b\u00e1lt elmenek\u00fclni a sof\\u0151r&quot;,&quot;og:description&quot;:&quot;B\u00fcntet\\u0151elj\u00e1r\u00e1s indult ellene.&quot;,&quot;og:image&quot;:&quot;\\\/\\\/kep.cdn.indexvas.hu\\\/1\\\/0\\\/6315\\\/63152\\\/631520\\\/63152019_4670091_96b90f5c308e3fb1692145f8ef2a0279_wm.jpg&quot;}\" data-recommendation-id=\"6263361\" rel=\"nofollow noopener\">\u00e1mokfut\u00f3 sof\u0151rr\u0151l is felv\u00e9tel<\/a> k\u00e9sz\u00fclt a Nagyk\u00f6r\u00faton, aki szembehajtott a villamossal, kis h\u00edj\u00e1n neki is \u00fctk\u00f6z\u00f6tt, majd balesetet okozott, \u00e9s gyalog pr\u00f3b\u00e1lt elmenek\u00fclni.<\/p>\n<p><a href=\"https:\/\/dex.hu\/x.php?id=googlepref_desktop&amp;url=https:\/\/google.com\/preferences\/source?q=https:\/\/index.hu\" class=\"google-pref-banner \" id=\"googlePrefBanner\" rel=\"nofollow noopener\" target=\"_blank\"><\/p>\n<p>    Itt \u00e1ll\u00edtsa be, hogy az Index az els\u0151k k\u00f6z\u00f6tt legyen a Google-tal\u00e1latokban!<\/p>\n<p><\/a><\/p>\n<p>                <a href=\"https:\/\/konyvek.index.hu\/\" target=\"_blank\" rel=\"nofollow noopener\"><br \/>\n                <img decoding=\"async\" src=\"https:\/\/index.hu\/assets\/images\/konyvajanlo\/book_indapress\/book_indapress_logo.svg\" loading=\"lazy\" alt=\"Inda Press Kiad\u00f3\"\/><br \/>\n                <\/a><\/p>\n<p>                <img decoding=\"async\" src=\"https:\/\/www.europesays.com\/hu\/wp-content\/uploads\/2026\/08\/1786794069_95_budapest.png\" loading=\"lazy\" alt=\"23 \u2013 Nagy budapesti ker\u00fclethat\u00e1roz\u00f3\"\/><\/p>\n<p>Izgalmas t\u00f6rt\u00e9netek, rejtett kincsek, \u00e9rdekes \u00e9p\u00fcletek &#8211; nem csak budapestieknek.<\/p>\n<p>                <a class=\"book_index_btn\" href=\"https:\/\/indexadhu.hit.gemius.pl\/hitredir?id=nSCbubuYpDWJZLZs0TssLrbt33Lk5kbipuiZrkg89G3.g7&amp;stparam=yoojcxjrby&amp;fastid=maqqjzmjjiorpyjhphrcutrnpkmz&amp;nc=0&amp;url=https:\/\/www.indapresskiado.hu\/products\/23-nagy-budapesti-ker-hat\" target=\"_blank\" rel=\"nofollow noopener\">MEGVESZEM<\/a><\/p>\n<p>    <img decoding=\"async\" src=\"https:\/\/www.europesays.com\/hu\/wp-content\/uploads\/2026\/08\/1786794071_11_redot.gif\"\/><\/p>\n<p>    <img decoding=\"async\" src=\"https:\/\/index.hu\/assets\/images\/social-follow\/logo-big.svg\" alt=\"Index.hu logo\"\/><\/p>\n<p>K\u00f6vesse az Indexet Facebookon is!<\/p>\n<p>    <a href=\"https:\/\/facebook.com\/Indexhu\" target=\"_blank\" rel=\"nofollow noopener\"><\/p>\n<p>        K\u00f6vetem!<br \/>\n    <\/a><\/p>\n","protected":false},"excerpt":{"rendered":"K\u00e9t tanuls\u00e1gos k\u00f6zleked\u00e9si helyzetet r\u00f6gz\u00edtettek a napokban a X. ker\u00fcletben \u00e9s az M6-oson a Budapesti Aut\u00f3sok olvas\u00f3i. Az&hellip;\n","protected":false},"author":2,"featured_media":209169,"comment_status":"","ping_status":"","sticky":false,"template":"","format":"standard","meta":{"footnotes":"","_share_on_mastodon":"0"},"categories":[6],"tags":[469,80,73,44,42,40,6663,274,43,41,245],"class_list":["post-209168","post","type-post","status-publish","format-standard","has-post-thumbnail","category-magyarorszag","tag-baleset","tag-belfold","tag-budapest","tag-hu","tag-hungarian","tag-hungary","tag-kobanya","tag-kozlekedes","tag-magyar","tag-magyarorszag","tag-vezetes"],"share_on_mastodon":{"url":"https:\/\/pubeurope.com\/@hu\/117099343632271085","error":""},"_links":{"self":[{"href":"https:\/\/www.europesays.com\/hu\/wp-json\/wp\/v2\/posts\/209168","targetHints":{"allow":["GET"]}}],"collection":[{"href":"https:\/\/www.europesays.com\/hu\/wp-json\/wp\/v2\/posts"}],"about":[{"href":"https:\/\/www.europesays.com\/hu\/wp-json\/wp\/v2\/types\/post"}],"author":[{"embeddable":true,"href":"https:\/\/www.europesays.com\/hu\/wp-json\/wp\/v2\/users\/2"}],"replies":[{"embeddable":true,"href":"https:\/\/www.europesays.com\/hu\/wp-json\/wp\/v2\/comments?post=209168"}],"version-history":[{"count":0,"href":"https:\/\/www.europesays.com\/hu\/wp-json\/wp\/v2\/posts\/209168\/revisions"}],"wp:featuredmedia":[{"embeddable":true,"href":"https:\/\/www.europesays.com\/hu\/wp-json\/wp\/v2\/media\/209169"}],"wp:attachment":[{"href":"https:\/\/www.europesays.com\/hu\/wp-json\/wp\/v2\/media?parent=209168"}],"wp:term":[{"taxonomy":"category","embeddable":true,"href":"https:\/\/www.europesays.com\/hu\/wp-json\/wp\/v2\/categories?post=209168"},{"taxonomy":"post_tag","embeddable":true,"href":"https:\/\/www.europesays.com\/hu\/wp-json\/wp\/v2\/tags?post=209168"}],"curies":[{"name":"wp","href":"https:\/\/api.w.org\/{rel}","templated":true}]}}