{"id":2097,"date":"2026-02-21T13:46:12","date_gmt":"2026-02-21T13:46:12","guid":{"rendered":"https:\/\/www.europesays.com\/hu\/2097\/"},"modified":"2026-02-21T13:46:12","modified_gmt":"2026-02-21T13:46:12","slug":"csak-gyult-a-duh-most-kitort-az-x-faktor-sztarja-bedurvult","status":"publish","type":"post","link":"https:\/\/www.europesays.com\/hu\/2097\/","title":{"rendered":"Csak gy\u0171lt a d\u00fch, most kit\u00f6rt \u2013 az X-Faktor szt\u00e1rja bedurvult"},"content":{"rendered":"<p>\u00dajra t\u00e1mad Aletta! Az X-Faktor extravag\u00e1ns szt\u00e1rja, akire 17 \u00e9vesen egy eg\u00e9sz orsz\u00e1g figyelt fel, most egy olyan vizu\u00e1lis \u00e9s zenei pofonnal t\u00e9r vissza, amely garant\u00e1ltan felr\u00e1zza a hazai popsz\u00ednteret. Meg\u00e9rkezett a B\u0171b\u00e1j, egy mer\u00e9sz, d\u00fch\u00f6s, szexi, groteszk \u00e9s teljesen v\u00e1llaltan \u201eAletta univerzum\u00fa\u201d klip, amely minden eddigin\u00e9l er\u0151sebb visszat\u00e9r\u00e9st jelez a 23 \u00e9ves \u00e9nekesn\u0151t\u0151l.<\/p>\n<p><a href=\"https:\/\/rtl.hu\/xfaktor\/huszar-aletta\" rel=\"nofollow noopener\" target=\"_blank\">Husz\u00e1r Aletta<\/a> \u00fatja sosem volt h\u00e9tk\u00f6znapi. Gyerekkora \u00f3ta az extravagancia vonzotta, m\u00e9gis sok\u00e1ig a bizonytalans\u00e1g \u00e9s m\u00e1sok \u00edt\u00e9lkez\u00e9se \u00e1rny\u00e9kolta be a mindennapjait. M\u00e1r 11 \u00e9vesen kapta a besz\u00f3l\u00e1sokat a k\u00fclseje miatt \u2013 akkor m\u00e9g hossz\u00fa hajjal pr\u00f3b\u00e1lta eltakarni arc\u00e1t \u2013, de k\u00e9s\u0151bb r\u00e1j\u00f6tt, hogy \u00e9pp az k\u00fcl\u00f6nb\u00f6zteti meg, amit addig titkolni pr\u00f3b\u00e1lt. Mire 17 \u00e9vesen <a href=\"https:\/\/rtl.hu\/x-faktor\/2019\/11\/09\/huszar-aletta-celina-dark-side-bishop-briggs\" rel=\"nofollow noopener\" target=\"_blank\">m\u00e1sodszor is nekifutott az X-Faktornak<\/a>, m\u00e1r nem a f\u00e9l\u00e9nk l\u00e1nyt l\u00e1tta a k\u00f6z\u00f6ns\u00e9g, hanem az extravag\u00e1ns, vad, kimondottan egyedi karaktert, aki megoszt\u00f3 st\u00edlus\u00e1val \u00e9s nyers tehets\u00e9g\u00e9vel egyszerre provok\u00e1lt \u00e9s ny\u0171g\u00f6z\u00f6tt le mindenkit.<\/p>\n<p><img decoding=\"async\" src=\"https:\/\/www.europesays.com\/hu\/wp-content\/uploads\/2026\/02\/image_b8b20ffbf4f6001775776ce71860.webp\" alt=\"Csak gy\u0171lt a d\u00fch, most kit\u00f6rt \u2013 az X-Faktor szt\u00e1rja bedurvult\"  \/>M\u00e1r 11 \u00e9vesen kapta a besz\u00f3l\u00e1sokat a k\u00fclseje miatt \u2013 Fot\u00f3: Makk Vata<\/p>\n<p>A <a href=\"https:\/\/rtl.hu\/x-faktor\/2019\/11\/15\/huszar-aletta-azt-hitte-magasan-lesz-neki-a-lec-a-valogaton\" rel=\"nofollow noopener\" target=\"_blank\">2019-es X-Faktor sz\u00e9ri\u00e1ban<\/a> Aletta v\u00e9gre megmutatta, milyen, amikor nem b\u00fajik el senki elv\u00e1r\u00e1sai m\u00f6g\u00e9. A v\u00e1logat\u00f3kt\u00f3l az \u00e9l\u0151 show-ig \u00e9rett, hat\u00e1rozott el\u0151ad\u00f3k\u00e9nt haladt, v\u00e9g\u00fcl a legjobb 12 k\u00f6z\u00e9 jutott, \u00e9s az orsz\u00e1g egyik legeml\u00e9kezetesebb fiatal arc\u00e1v\u00e1 v\u00e1lt. A m\u0171sor a karrierje szempontj\u00e1b\u00f3l val\u00f3di ugr\u00f3deszka lett: az orsz\u00e1g megismerte azt a l\u00e1nyt, aki nem k\u00e9rt enged\u00e9lyt \u00f6nmaga lenni.<\/p>\n<p>Mutatjuk, hogyan szerepelt az X-Faktorban Aletta:<\/p>\n<p>Az\u00f3ta Aletta saj\u00e1t zen\u00e9it \u00edrja, klipjeit maga rendezi, \u00e9s 2024-t\u0151l sorra jelennek meg dalai a YouTube-on \u2013 t\u00f6bbek k\u00f6z\u00f6tt a 100 seb \u00e9s a Drama Queen \u2013, amelyekben \u00fajra \u00e9s \u00fajra megmutatja, milyen sokoldal\u00fa \u00e9s vizu\u00e1lisan is ig\u00e9nyes el\u0151ad\u00f3.<\/p>\n<p><img decoding=\"async\" src=\"https:\/\/www.europesays.com\/hu\/wp-content\/uploads\/2026\/02\/image_ff2ae0ad33f07b314b892397a988.webp\" alt=\"\u00daj h\u00edr\"  \/>Aletta extravag\u00e1ns st\u00edlusa sok rajong\u00f3t megfog<\/p>\n<p>Most pedig meg is \u00e9rkezett az \u00e1tt\u00f6r\u00e9s: a B\u0171b\u00e1j, Aletta leg\u00fajabb saj\u00e1t dala \u00e9s vide\u00f3klipje, amely minden eddigin\u00e9l m\u00e9lyebb, d\u00fch\u00f6sebb \u00e9s s\u00f6t\u00e9tebb oldal\u00e1t mutatja meg. A dal egy teljesen spont\u00e1n este sz\u00fcletett; k\u00e9t \u00e9s f\u00e9l \u00f3ra alatt \u00edrta meg \u00e1lland\u00f3 producer\u00e9vel, M\u00e9sz\u00e1ros Magorral. Eredetileg csak egy trash, pasi-oltogat\u00f3s po\u00e9nnak indult, de ahogy haladtak a munk\u00e1val, kider\u00fclt, hogy valami sokkal er\u0151sebb sz\u00fcletik.\u00a0<\/p>\n<p class=\"highlight highlight--2\">A trap \u00e9s a brazil funk kever\u00e9k\u00e9b\u0151l v\u00e9g\u00fcl egy nyers, energikus trap-dal sz\u00fcletett, amely t\u00f6k\u00e9letes terepet ad Alett\u00e1nak, hogy kiengedje az \u00e9vek \u00f3ta benne gy\u0171l\u0151 d\u00fch\u00f6t. A sz\u00f6veget \u0151 maga \u00edrta, ahogy mindig, mert szerinte a zene akkor hiteles, ha a saj\u00e1t mondanival\u00f3ja sz\u00f3lal meg benne.<\/p>\n<p>A B\u0171b\u00e1j klipje Aletta vizu\u00e1lis vil\u00e1g\u00e1nak eddigi legmer\u00e9szebb v\u00e1llal\u00e1sa. Groteszk, s\u00f6t\u00e9t, m\u00e9gis szexi \u00e9s n\u0151ies: olyan atmoszf\u00e9r\u00e1t teremt, amelyben a r\u00e9gi, kedves Aletta hely\u00e9t \u00e1tveszi egy hat\u00e1rozottabb, kem\u00e9nyebb, s\u00f6t\u00e9ten magabiztos karakter. A v\u00e9rv\u00f6r\u00f6s \u00e9s fekete l\u00e1tv\u00e1nyvil\u00e1g v\u00e9gigk\u00eds\u00e9ri a klipet, amelyben minden r\u00e9szlet a d\u00fch, a felszabadul\u00e1s \u00e9s a n\u0151i er\u0151 narrat\u00edv\u00e1j\u00e1ba simul.<\/p>\n<p>\u00cdme, a klip, amit garant\u00e1ltan nem felejtesz el:<\/p>\n<p>A B\u0171b\u00e1j premierje egyszerre jelenti Aletta hivatalos visszat\u00e9r\u00e9s\u00e9t \u00e9s azt, hogy a fiatal \u00e9nekesn\u0151 \u00faj kiad\u00f3j\u00e1val \u00e9s kib\u0151v\u00fclt kreat\u00edv csapat\u00e1val k\u00e9szen \u00e1ll arra, hogy id\u00e9n \u00fajra megh\u00f3d\u00edtsa a k\u00f6z\u00f6ns\u00e9get.<\/p>\n<p class=\"highlight highlight--3\">2026-ban is folytat\u00f3dik az RTL k\u00e9perny\u0151j\u00e9n az ut\u00f3bbi \u00e9vek legsikeresebb \u00e9s legn\u00e9zettebb tehets\u00e9gkutat\u00f3 show-ja. Vastag Csaba, Kocsis Tibor, Ol\u00e1h Gerg\u0151, Danics D\u00f3ra, T\u00f3th Andi, Opitz Barbi, Ricco&amp;Claudia, a USNK, Rusz\u00f3 Tibi, Alee, Solyom Berni, Feh\u00e9r Kriszti\u00e1n \u00e9s Belano ut\u00e1n valakinek ism\u00e9t es\u00e9lye lesz arra, hogy gy\u0151ztesk\u00e9nt \u00e1llhasson az X-Faktor sz\u00ednpad\u00e1n. <a href=\"https:\/\/rtl.hu\/x-faktor\/itt-lehet-jelentkezni-az-x-faktorra\" rel=\"nofollow noopener\" target=\"_blank\">Kattints ide<\/a>, \u00e9s jelentkezz!<\/p>\n","protected":false},"excerpt":{"rendered":"\u00dajra t\u00e1mad Aletta! Az X-Faktor extravag\u00e1ns szt\u00e1rja, akire 17 \u00e9vesen egy eg\u00e9sz orsz\u00e1g figyelt fel, most egy olyan&hellip;\n","protected":false},"author":2,"featured_media":2098,"comment_status":"","ping_status":"","sticky":false,"template":"","format":"standard","meta":{"footnotes":"","_share_on_mastodon":"0"},"categories":[19],"tags":[1990,137,44,42,40,1987,573,43,41,1994,1988,1993,138,1989,191,1986,177,1991,1992],"class_list":["post-2097","post","type-post","status-publish","format-standard","has-post-thumbnail","category-tv","tag-bubaj","tag-entertainment","tag-hu","tag-hungarian","tag-hungary","tag-huszar-aletta","tag-kultura","tag-magyar","tag-magyarorszag","tag-meszaros-magor","tag-popzene","tag-producer","tag-szorakozas","tag-trap-zene","tag-tv","tag-x-faktor","tag-zene","tag-zenei-klip","tag-zeneszerzes"],"share_on_mastodon":{"url":"","error":""},"_links":{"self":[{"href":"https:\/\/www.europesays.com\/hu\/wp-json\/wp\/v2\/posts\/2097","targetHints":{"allow":["GET"]}}],"collection":[{"href":"https:\/\/www.europesays.com\/hu\/wp-json\/wp\/v2\/posts"}],"about":[{"href":"https:\/\/www.europesays.com\/hu\/wp-json\/wp\/v2\/types\/post"}],"author":[{"embeddable":true,"href":"https:\/\/www.europesays.com\/hu\/wp-json\/wp\/v2\/users\/2"}],"replies":[{"embeddable":true,"href":"https:\/\/www.europesays.com\/hu\/wp-json\/wp\/v2\/comments?post=2097"}],"version-history":[{"count":0,"href":"https:\/\/www.europesays.com\/hu\/wp-json\/wp\/v2\/posts\/2097\/revisions"}],"wp:featuredmedia":[{"embeddable":true,"href":"https:\/\/www.europesays.com\/hu\/wp-json\/wp\/v2\/media\/2098"}],"wp:attachment":[{"href":"https:\/\/www.europesays.com\/hu\/wp-json\/wp\/v2\/media?parent=2097"}],"wp:term":[{"taxonomy":"category","embeddable":true,"href":"https:\/\/www.europesays.com\/hu\/wp-json\/wp\/v2\/categories?post=2097"},{"taxonomy":"post_tag","embeddable":true,"href":"https:\/\/www.europesays.com\/hu\/wp-json\/wp\/v2\/tags?post=2097"}],"curies":[{"name":"wp","href":"https:\/\/api.w.org\/{rel}","templated":true}]}}