{"id":209712,"date":"2026-08-15T21:33:07","date_gmt":"2026-08-15T21:33:07","guid":{"rendered":"https:\/\/www.europesays.com\/hu\/209712\/"},"modified":"2026-08-15T21:33:07","modified_gmt":"2026-08-15T21:33:07","slug":"index-gazdasag-megszolalt-vitezy-david-harmadaron-uzemeltethetik-az-m6-os-autopalya-egyik-szakaszat","status":"publish","type":"post","link":"https:\/\/www.europesays.com\/hu\/209712\/","title":{"rendered":"Index &#8211; Gazdas\u00e1g &#8211; Megsz\u00f3lalt Vit\u00e9zy D\u00e1vid, harmad\u00e1ron \u00fczemeltethetik az M6-os aut\u00f3p\u00e1lya egyik szakasz\u00e1t"},"content":{"rendered":"<p>\u201eAz MKIF azonos m\u0171szaki tartalommal h\u00e1romszor dr\u00e1g\u00e1bban \u00fczemeltette volna az M6-ost, mint az el\u00e9rhet\u0151 alternat\u00edv\u00e1k\u201d \u2013 mutatott r\u00e1 Vit\u00e9zy D\u00e1vid szombaton este a <a href=\"https:\/\/www.facebook.com\/vitezydavid\/posts\/1601277708020914?ref=embed_post\" id=\"hyperlink_cb97c33d3f61180a34f607cfccc03280\" rel=\"nofollow noopener\" target=\"_blank\">Facebookon<\/a>, miut\u00e1n reflekt\u00e1lt az aut\u00f3p\u00e1lya-koncesszor szavaira.\u00a0<\/p>\n<p>A k\u00f6zleked\u00e9si \u00e9s beruh\u00e1z\u00e1si miniszter kiemelte, hogy az \u00e1rakat azonos m\u0171szaki tartalomra hozt\u00e1k, ez\u00e9rt 2026 \u00e9s 2037 k\u00f6z\u00f6tt maximum 51 milli\u00e1rd forintba fog ker\u00fclni az M6-os aut\u00f3p\u00e1lya tov\u00e1bbi \u00fczemeltet\u00e9se a kor\u00e1bbi 149 milli\u00e1rd forintos k\u00f6lts\u00e9g helyett. Hozz\u00e1tette, m\u00e9g ebb\u0151l is igyekeznek faragni.\u00a0<\/p>\n<p>A jelenlegi korm\u00e1ny \u00fagy d\u00f6nt\u00f6tt, megvizsg\u00e1lja az el\u00e9rhet\u0151 alternat\u00edv\u00e1kat, \u00e9s kider\u00fclt, hogy az, ha az \u00e1llam megrendel\u0151k\u00e9nt l\u00e9p fel, akkor az eddigi koncesszi\u00f3s \u00fczemeltet\u0151 \u00e9s a Magyar K\u00f6z\u00fat is l\u00e9nyegesen, mintegy 66 sz\u00e1zal\u00e9kkal kedvez\u0151bb aj\u00e1nlatot tud tenni az MKIF-hez k\u00e9pest. Ha az MKIF-hez ker\u00fcl az M6-os \u00e9rintett szakasza, az 11 \u00e9vre 149 milli\u00e1rdba ker\u00fclt volna az ad\u00f3fizet\u0151knek. Ha ak\u00e1r az a megold\u00e1s sz\u00fcletik, hogy az eddigi \u00fczemeltet\u0151 M6 Duna Koncesszi\u00f3s Zrt. viszi tov\u00e1bb a szakaszt, ak\u00e1r az, hogy a Magyar K\u00f6z\u00fat Zrt. nyeri el a megb\u00edz\u00e1st, az legfeljebb 51 milli\u00e1rd forintba ker\u00fcl<\/p>\n<p>\u2013 \u00edrta <a href=\"https:\/\/index.hu\/gazdasag\/2026\/08\/15\/vitezy-david-vasutfejlesztes-balaton-navracsics-tibor-boka-istvan\/\" id=\"hyperlink_06923d5787badf00fd0642b150278016\" target=\"_blank\" title=\"Vit\u00e9zy D\u00e1vid: Val\u00f3tlan inform\u00e1ci\u00f3kat terjeszt Navracsics Tibor ut\u00e1n m\u00e1r Balatonf\u00fcred fideszes polg\u00e1rmestere is\" rel=\"nofollow noopener\">Vit\u00e9zy D\u00e1vid<\/a>.<\/p>\n<p>\u201eEk\u00f6zben persze az MKIF vitatja, hogy \u00f6sszehasonl\u00edthat\u00f3 lenne az 149 milli\u00e1rd \u00e9s az 51 milli\u00e1rd forint. Csakhogy az \u00e1br\u00e1n is l\u00e1that\u00f3 \u00f6sszegek \u00fagy j\u00f6ttek ki, hogy az \u00e1rakat azonos m\u0171szaki tartalomra vet\u00edtett\u00fck r\u00e1. Az MKIF aj\u00e1nlatnak tartalma, az \u00fczemeltet\u00e9st, karbantart\u00e1st \u00e9s nagykarbantart\u00e1st tekintve a c\u00e9g m\u00e1r megl\u00e9v\u0151 \u2013 egy\u00e9bk\u00e9nt fel\u00fclvizsg\u00e1lat alatt \u00e1ll\u00f3 \u2013 koncesszi\u00f3s szerz\u0151d\u00e9se alapj\u00e1n adott volt. Ezt vetett\u00fck \u00f6ssze a k\u00e9t alternat\u00edv\u00e1val: az M6 Duna Koncesszi\u00f3s Zrt. \u00fczemeltet\u00e9si sz\u00ednvonala megegyezik az MKIF-\u00e9vel, \u00e9s b\u00e1r a nagykarbantart\u00e1st tekintve elt\u00e9r\u0151 megk\u00f6zel\u00edt\u00e9ssel dolgozik, a v\u00e1llalt burkolatmin\u0151s\u00e9g ugyanaz. A Magyar K\u00f6z\u00fatt\u00f3l pedig az \u00f6sszehasonl\u00edthat\u00f3s\u00e1g \u00e9rdek\u00e9ben k\u00fcl\u00f6n aj\u00e1nlatot k\u00e9rt\u00fcnk be minden sz\u00f3ba j\u00f6het\u0151 verzi\u00f3ra, \u00e9s az azonos m\u0171szaki tartalmat vetett\u00fck \u00f6ssze az MKIF \u00e1raival\u201d \u2013 folytatta a miniszter.\u00a0<\/p>\n<p>Vit\u00e9zy D\u00e1vid r\u00e1mutatott, ebb\u0151l a magyar \u00e1llampolg\u00e1rok mind\u00f6ssze annyit fognak \u00e9rz\u00e9kelni, hogy<\/p>\n<p>a lehet\u0151 legmagasabb sz\u00ednvonal\u00fa k\u00f6z\u00fatfenntart\u00e1si szolg\u00e1ltat\u00e1s harmadannyiba fog ker\u00fclni.<\/p>\n<p>Az MKIF szombaton kijelentette, <a href=\"https:\/\/index.hu\/belfold\/2026\/08\/15\/mkif-m6-os-autopalya-kormany-vitezy-david\/\" id=\"hyperlink_147840a6d61b235a9a05621dff9fb53d\" target=\"_blank\" title=\"Meg\u00e9rkezett az MKIF v\u00e1lasza a korm\u00e1nynak, visszautas\u00edtj\u00e1k a v\u00e1dakat az M6-os \u00fcgy\u00e9ben\" rel=\"nofollow noopener\">jogszer\u0171en, ny\u00edlt k\u00f6zbeszerz\u00e9sen nyert\u00e9k el<\/a> az M6-os aut\u00f3p\u00e1lya \u00e9rintett, azaz \u00c9rd \u00e9s Duna\u00fajv\u00e1ros k\u00f6z\u00f6tti szakasz\u00e1nak \u00fczemeltet\u00e9s\u00e9t, \u00e9s visszautas\u00edtj\u00e1k a jogelleness\u00e9gre \u00e9s t\u00fal\u00e1raz\u00e1sra vonatkoz\u00f3 \u00e1ll\u00edt\u00e1sokat a korm\u00e1ny r\u00e9sz\u00e9r\u0151l,\u00a0amelynek d\u00f6nt\u00e9s\u00e9r\u0151l csak a sajt\u00f3b\u00f3l \u00e9rtes\u00fcltek, a K\u00f6zleked\u00e9si \u00e9s Beruh\u00e1z\u00e1si Miniszt\u00e9riumt\u00f3l hivatalos t\u00e1j\u00e9koztat\u00e1st m\u00e9g nem kaptak.<\/p>\n<p>Vit\u00e9zy D\u00e1vid a p\u00e9nteki korm\u00e1nyinf\u00f3n bejelentette, hogy\u00a0az \u00e1llam nem adja az MKIF-nek a sz\u00f3ban forg\u00f3 szakasz \u00fczemeltet\u00e9s\u00e9t, \u00e9s <a href=\"https:\/\/dex.hu\/x.php?id=index_belfold_cikklink&amp;url=https%3A%2F%2Findex.hu%2Fbelfold%2F2026%2F08%2F14%2Fkormanyzati-sajtotajekoztato-vitezy-david-bejelentes-magyar-peter-kormany-paks-duna-aszaly-energiaellatas-paksi-atomeromu%2Ffeljelentest-tehetnek-az-m6-os-autopalya-ugyeben%2F\" id=\"hyperlink_af5718c7cac184d51490f1e983c687a9\" target=\"_blank\" title=\"Feljelent\u00e9st tehetnek az M6-os aut\u00f3p\u00e1lya \u00fcgy\u00e9ben\" rel=\"nofollow noopener\">feljelent\u00e9st is tesznek az \u00fcgyben<\/a>.<\/p>\n<p>\n                          (Bor\u00edt\u00f3k\u00e9p: Vit\u00e9zy D\u00e1vid 2026. augusztus 14-\u00e9n. Fot\u00f3:\u00a0Papajcsik P\u00e9ter \/ Index)\n                        <\/p>\n<p><a href=\"https:\/\/dex.hu\/x.php?id=googlepref_desktop&amp;url=https:\/\/google.com\/preferences\/source?q=https:\/\/index.hu\" class=\"google-pref-banner \" id=\"googlePrefBanner\" rel=\"nofollow noopener\" target=\"_blank\"><\/p>\n<p>    Itt \u00e1ll\u00edtsa be, hogy az Index az els\u0151k k\u00f6z\u00f6tt legyen a Google-tal\u00e1latokban!<\/p>\n<p><\/a><\/p>\n<p>    <img decoding=\"async\" src=\"https:\/\/index.hu\/assets\/images\/social-follow\/logo-big.svg\" alt=\"Index.hu logo\"\/><\/p>\n<p>K\u00f6vesse az Indexet Facebookon is!<\/p>\n<p>    <a href=\"https:\/\/facebook.com\/Indexhu\" target=\"_blank\" rel=\"nofollow noopener\"><\/p>\n<p>        K\u00f6vetem!<br \/>\n    <\/a><\/p>\n","protected":false},"excerpt":{"rendered":"\u201eAz MKIF azonos m\u0171szaki tartalommal h\u00e1romszor dr\u00e1g\u00e1bban \u00fczemeltette volna az M6-ost, mint az el\u00e9rhet\u0151 alternat\u00edv\u00e1k\u201d \u2013 mutatott r\u00e1&hellip;\n","protected":false},"author":2,"featured_media":209713,"comment_status":"","ping_status":"","sticky":false,"template":"","format":"standard","meta":{"footnotes":"","_share_on_mastodon":"0"},"categories":[33],"tags":[34324,152,38,63,35,37,44,42,40,28212,43,41,2949,34,16913,36,39,593],"class_list":["post-209712","post","type-post","status-publish","format-standard","has-post-thumbnail","category-hirek","tag-autopalya-koncesszio","tag-ce-napi","tag-focimek","tag-gazdasag","tag-headlines","tag-hirek","tag-hu","tag-hungarian","tag-hungary","tag-m6-os-autopalya","tag-magyar","tag-magyarorszag","tag-meszaros-lorinc","tag-news","tag-szijj-laszlo","tag-top-stories","tag-vezeto-hirek","tag-vitezy-david"],"share_on_mastodon":{"url":"https:\/\/pubeurope.com\/@hu\/117101671862323311","error":""},"_links":{"self":[{"href":"https:\/\/www.europesays.com\/hu\/wp-json\/wp\/v2\/posts\/209712","targetHints":{"allow":["GET"]}}],"collection":[{"href":"https:\/\/www.europesays.com\/hu\/wp-json\/wp\/v2\/posts"}],"about":[{"href":"https:\/\/www.europesays.com\/hu\/wp-json\/wp\/v2\/types\/post"}],"author":[{"embeddable":true,"href":"https:\/\/www.europesays.com\/hu\/wp-json\/wp\/v2\/users\/2"}],"replies":[{"embeddable":true,"href":"https:\/\/www.europesays.com\/hu\/wp-json\/wp\/v2\/comments?post=209712"}],"version-history":[{"count":0,"href":"https:\/\/www.europesays.com\/hu\/wp-json\/wp\/v2\/posts\/209712\/revisions"}],"wp:featuredmedia":[{"embeddable":true,"href":"https:\/\/www.europesays.com\/hu\/wp-json\/wp\/v2\/media\/209713"}],"wp:attachment":[{"href":"https:\/\/www.europesays.com\/hu\/wp-json\/wp\/v2\/media?parent=209712"}],"wp:term":[{"taxonomy":"category","embeddable":true,"href":"https:\/\/www.europesays.com\/hu\/wp-json\/wp\/v2\/categories?post=209712"},{"taxonomy":"post_tag","embeddable":true,"href":"https:\/\/www.europesays.com\/hu\/wp-json\/wp\/v2\/tags?post=209712"}],"curies":[{"name":"wp","href":"https:\/\/api.w.org\/{rel}","templated":true}]}}