{"id":210378,"date":"2026-08-16T13:10:08","date_gmt":"2026-08-16T13:10:08","guid":{"rendered":"https:\/\/www.europesays.com\/hu\/210378\/"},"modified":"2026-08-16T13:10:08","modified_gmt":"2026-08-16T13:10:08","slug":"vilag-videokon-a-legi-oltas-erdotuz-utott-ki-a-magas-tatraban","status":"publish","type":"post","link":"https:\/\/www.europesays.com\/hu\/210378\/","title":{"rendered":"Vil\u00e1g: Vide\u00f3kon a l\u00e9gi olt\u00e1s: erd\u0151t\u0171z \u00fct\u00f6tt ki a Magas-T\u00e1tr\u00e1ban"},"content":{"rendered":"<p>Kigyulladt az erd\u0151 szombaton a Magas-T\u00e1tr\u00e1ban <a href=\"https:\/\/www.facebook.com\/reel\/1586038213072622\" target=\"_blank\" rel=\"nofollow noopener\">a Popr\u00e1di-t\u00f3 alatt,<\/a> a l\u00e1ngok mintegy 1,2 hekt\u00e1rnyi ter\u00fcletet \u00e9rintettek.<\/p>\n<p>A t\u00fczet vas\u00e1rnapra siker\u00fclt megf\u00e9kezni. A nehezen megk\u00f6zel\u00edthet\u0151 terepen t\u00f6bb tucat hivat\u00e1sos \u00e9s \u00f6nk\u00e9ntes t\u0171zolt\u00f3 dolgozott, az olt\u00e1st pedig a leveg\u0151b\u0151l egy UH-60A Black Hawk helikopter is seg\u00edtette, \u00edrja a <a href=\"https:\/\/www.facebook.com\/groups\/369501061055069\" target=\"_blank\" rel=\"nofollow noopener\">Facebookon<\/a> a Magyar Hegy- \u00e9s Sportm\u00e1sz\u00f3 Sz\u00f6vets\u00e9g (MHSSZ) hegym\u00e1sz\u00f3 szak\u00e1gi f\u00f3ruma.<\/p>\n<p> <a href=\"https:\/\/www.facebook.com\/reel\/1694371018345684\" target=\"_blank\" rel=\"nofollow noopener\"> <\/p>\n<p>https:\/\/www.facebook.com\/reel\/1694371018345684<\/p>\n<p>A helikopterek ponyv\u00e1val v\u00e9teleztek vizet, azt sz\u00e1ll\u00edtott\u00e1k az \u00e9g\u0151 erd\u0151ter\u00fclet f\u00f6l\u00e9, \u00e9s z\u00fad\u00edtott\u00e1k r\u00e1 a l\u00e1ngokra.<\/p>\n<p> <a href=\"https:\/\/www.facebook.com\/reel\/1360871095689733\" target=\"_blank\" rel=\"nofollow noopener\"> <\/p>\n<p>https:\/\/www.facebook.com\/reel\/1360871095689733<\/p>\n<p>A ter\u00fcletet a hat\u00f3s\u00e1gok tov\u00e1bbra is ellen\u0151rzik, hogy megakad\u00e1lyozz\u00e1k a t\u0171z \u00fajb\u00f3li fellobban\u00e1s\u00e1t.<\/p>\n<p>Nyit\u00f3k\u00e9p: Tatransk\u00fd n\u00e1rodn\u00fd park \/ Facebook<\/p>\n","protected":false},"excerpt":{"rendered":"Kigyulladt az erd\u0151 szombaton a Magas-T\u00e1tr\u00e1ban a Popr\u00e1di-t\u00f3 alatt, a l\u00e1ngok mintegy 1,2 hekt\u00e1rnyi ter\u00fcletet \u00e9rintettek. A t\u00fczet&hellip;\n","protected":false},"author":2,"featured_media":210379,"comment_status":"","ping_status":"","sticky":false,"template":"","format":"standard","meta":{"footnotes":"","_share_on_mastodon":"0"},"categories":[8],"tags":[29456,42,27585,43,34,1050,674,94,93,92],"class_list":["post-210378","post","type-post","status-publish","format-standard","has-post-thumbnail","category-vilag","tag-erdotuz","tag-hungarian","tag-magas-tatra","tag-magyar","tag-news","tag-szlovakia","tag-utazas","tag-vilag","tag-world","tag-world-news"],"share_on_mastodon":{"url":"https:\/\/pubeurope.com\/@hu\/117105356127286460","error":""},"_links":{"self":[{"href":"https:\/\/www.europesays.com\/hu\/wp-json\/wp\/v2\/posts\/210378","targetHints":{"allow":["GET"]}}],"collection":[{"href":"https:\/\/www.europesays.com\/hu\/wp-json\/wp\/v2\/posts"}],"about":[{"href":"https:\/\/www.europesays.com\/hu\/wp-json\/wp\/v2\/types\/post"}],"author":[{"embeddable":true,"href":"https:\/\/www.europesays.com\/hu\/wp-json\/wp\/v2\/users\/2"}],"replies":[{"embeddable":true,"href":"https:\/\/www.europesays.com\/hu\/wp-json\/wp\/v2\/comments?post=210378"}],"version-history":[{"count":0,"href":"https:\/\/www.europesays.com\/hu\/wp-json\/wp\/v2\/posts\/210378\/revisions"}],"wp:featuredmedia":[{"embeddable":true,"href":"https:\/\/www.europesays.com\/hu\/wp-json\/wp\/v2\/media\/210379"}],"wp:attachment":[{"href":"https:\/\/www.europesays.com\/hu\/wp-json\/wp\/v2\/media?parent=210378"}],"wp:term":[{"taxonomy":"category","embeddable":true,"href":"https:\/\/www.europesays.com\/hu\/wp-json\/wp\/v2\/categories?post=210378"},{"taxonomy":"post_tag","embeddable":true,"href":"https:\/\/www.europesays.com\/hu\/wp-json\/wp\/v2\/tags?post=210378"}],"curies":[{"name":"wp","href":"https:\/\/api.w.org\/{rel}","templated":true}]}}