{"id":210458,"date":"2026-08-16T14:37:09","date_gmt":"2026-08-16T14:37:09","guid":{"rendered":"https:\/\/www.europesays.com\/hu\/210458\/"},"modified":"2026-08-16T14:37:09","modified_gmt":"2026-08-16T14:37:09","slug":"ez-egy-elatkozott-nap-ujabb-sulyos-baleset-ezuttal-az-m7-en-infostart","status":"publish","type":"post","link":"https:\/\/www.europesays.com\/hu\/210458\/","title":{"rendered":"Ez egy el\u00e1tkozott nap, \u00fajabb s\u00falyos baleset, ez\u00fattal az M7-en &#8211; Infostart"},"content":{"rendered":"<p><a href=\"https:\/\/news.google.com\/rss\/articles\/CBMioAFBVV95cUxOMS1ZQ21nMklGWWJlREtETFdOclNCYzh4Vm1ERWRNcVdXZnhkU0VOYnNWOHdOTHVsNWRSQzBsNGFqREJPeGFBUFRETjlaMUI2N0hkUEp4d0xTLTR5MHFuTlE3eExtZHVMQUdZa2JrWnE3Y2otMkFuYm0tYk5hcjRPbHQ4eGlRWGVBZWhENG9XT3pMZU9LRFl0S2cySy1zaVZk0gGmAUFVX3lxTE1aZlV3YjI2bGNJZjl0TW9rWjZHQVFYaGZBbEwzRWhNN2R6TmJIaUZKdkZxdWd3cExUeU9JRUhJQ3N1OUJ3WURJenhKT1Y5dlFIVnRQeEhXUUt0eTN6UG5YSEppckdsQVJxUUIzc1BRM0dSWXBfaE9uQkV6VG1qVFVKVFJNbXVnUnVaeGlEczZaaWRSNlpDWkhGUENqVl94MXREenA3MUE?oc=5\" target=\"_blank\" rel=\"nofollow noopener\">Ez egy el\u00e1tkozott nap, \u00fajabb s\u00falyos baleset, ez\u00fattal az M7-en<\/a>&nbsp;&nbsp;Infostart<a href=\"https:\/\/news.google.com\/rss\/articles\/CBMiakFVX3lxTE1yLU1yai05emlMNVlGcG9QTEczem04RWhKTFFxd2RZb1c1VllrMU5CT3VJbmplNXJBR2N5Qi15TGZsRHcyX0xKckNUUWMzVENsdWs5QVMyeXlvcGFuX01taWgtUlh5VHZyM2c?oc=5\" target=\"_blank\" rel=\"nofollow noopener\">N\u00e9gy aut\u00f3 \u00fctk\u00f6z\u00f6tt az M7-en, torl\u00f3d\u00e1s Balaton fel\u00e9<\/a>&nbsp;&nbsp;Vezess<a href=\"https:\/\/news.google.com\/rss\/articles\/CBMiakFVX3lxTE9jRHRjWGZxakNMbGV0OVpkZ1NDMHF6Mm1ldVhiOF9WZGxRT05IajZ2bDFxLTJ5UUw3M3Z1QjZjZEJrNFZWcU5jMDA5RnNqUzk4UnpZZlBoNUhrakVTeFBrOWtaRzlXa1NYeVE?oc=5\" target=\"_blank\" rel=\"nofollow noopener\">\u00d3ri\u00e1si a dug\u00f3 az M7-esen: baleset miatt \u00e1ll a forgalom a Balaton fel\u00e9<\/a>&nbsp;&nbsp;Femina.hu<a href=\"https:\/\/news.google.com\/rss\/articles\/CBMieEFVX3lxTFBEY1pNdGcyV3M2aGI2UXFkN1dGX2dqZE1obUE5VXZjZnZyUjVBN1NKeWlwMVU4WUR5UW1tLUNLSC1WWmZLbXBYRkVtem1kLVNRNVFHb0IwbksxZl9iakZlTG1IUkhWVGVzbWpueFZ4aFZEUTdlVkFWNQ?oc=5\" target=\"_blank\" rel=\"nofollow noopener\">\u00dajabb sz\u00f6rny\u0171 baleset t\u00f6rt\u00e9nt: N\u00e9gy aut\u00f3 \u00fctk\u00f6z\u00f6tt az M7-es aut\u00f3p\u00e1ly\u00e1n, \u00f3ri\u00e1si a torl\u00f3d\u00e1s<\/a>&nbsp;&nbsp;Blikk<a href=\"https:\/\/news.google.com\/rss\/articles\/CBMioAFBVV95cUxQdUt6cFE2bTdFZFg2STRTelpzWHNkeFV5cUwwbXpXeWlXQ1N0MHdlcVVCWnFreDE0dkJha3R2ZUFVbXo3NS1uMXVIUm95MWNhaVA2WjJfTjExVENVMnNsSklsV0Q3SnhnSkFMLTYyRzJ0dHZDZm4tSzhWZUVjNWl2bTFCalROMzg0X0s1eVJpd2MxbzE1N2NlOHloVVVMQ2ZQ?oc=5\" target=\"_blank\" rel=\"nofollow noopener\">T\u00f6megbaleset a Balaton fel\u00e9: itt tudsz ker\u00fclni! (friss\u00edtve)<\/a>&nbsp;&nbsp;FEOL<\/p>\n","protected":false},"excerpt":{"rendered":"Ez egy el\u00e1tkozott nap, \u00fajabb s\u00falyos baleset, ez\u00fattal az M7-en&nbsp;&nbsp;InfostartN\u00e9gy aut\u00f3 \u00fctk\u00f6z\u00f6tt az M7-en, torl\u00f3d\u00e1s Balaton fel\u00e9&nbsp;&nbsp;Vezess\u00d3ri\u00e1si a&hellip;\n","protected":false},"author":2,"featured_media":210459,"comment_status":"","ping_status":"","sticky":false,"template":"","format":"standard","meta":{"footnotes":"","_share_on_mastodon":"0"},"categories":[33],"tags":[469,38,35,37,44,42,40,9638,43,41,34,36,3738,39],"class_list":["post-210458","post","type-post","status-publish","format-standard","has-post-thumbnail","category-hirek","tag-baleset","tag-focimek","tag-headlines","tag-hirek","tag-hu","tag-hungarian","tag-hungary","tag-m7-es-autopalya","tag-magyar","tag-magyarorszag","tag-news","tag-top-stories","tag-torlodas","tag-vezeto-hirek"],"share_on_mastodon":{"url":"https:\/\/pubeurope.com\/@hu\/117105697966910138","error":""},"_links":{"self":[{"href":"https:\/\/www.europesays.com\/hu\/wp-json\/wp\/v2\/posts\/210458","targetHints":{"allow":["GET"]}}],"collection":[{"href":"https:\/\/www.europesays.com\/hu\/wp-json\/wp\/v2\/posts"}],"about":[{"href":"https:\/\/www.europesays.com\/hu\/wp-json\/wp\/v2\/types\/post"}],"author":[{"embeddable":true,"href":"https:\/\/www.europesays.com\/hu\/wp-json\/wp\/v2\/users\/2"}],"replies":[{"embeddable":true,"href":"https:\/\/www.europesays.com\/hu\/wp-json\/wp\/v2\/comments?post=210458"}],"version-history":[{"count":0,"href":"https:\/\/www.europesays.com\/hu\/wp-json\/wp\/v2\/posts\/210458\/revisions"}],"wp:featuredmedia":[{"embeddable":true,"href":"https:\/\/www.europesays.com\/hu\/wp-json\/wp\/v2\/media\/210459"}],"wp:attachment":[{"href":"https:\/\/www.europesays.com\/hu\/wp-json\/wp\/v2\/media?parent=210458"}],"wp:term":[{"taxonomy":"category","embeddable":true,"href":"https:\/\/www.europesays.com\/hu\/wp-json\/wp\/v2\/categories?post=210458"},{"taxonomy":"post_tag","embeddable":true,"href":"https:\/\/www.europesays.com\/hu\/wp-json\/wp\/v2\/tags?post=210458"}],"curies":[{"name":"wp","href":"https:\/\/api.w.org\/{rel}","templated":true}]}}