{"id":211038,"date":"2026-08-17T05:40:16","date_gmt":"2026-08-17T05:40:16","guid":{"rendered":"https:\/\/www.europesays.com\/hu\/211038\/"},"modified":"2026-08-17T05:40:16","modified_gmt":"2026-08-17T05:40:16","slug":"index-kultur-tinisorozatokban-volt-statiszta-ma-az-egyik-legfenyesebb-filmcsillag-akit-csak-bamulni-lehet","status":"publish","type":"post","link":"https:\/\/www.europesays.com\/hu\/211038\/","title":{"rendered":"Index &#8211; Kult\u00far &#8211; Tinisorozatokban volt statiszta, ma az egyik legf\u00e9nyesebb filmcsillag, akit csak b\u00e1mulni lehet"},"content":{"rendered":"<p>A tinisorozatokt\u00f3l a Broadwayig vezetett az \u00fatja, \u00e9s csak ezut\u00e1n \u00e9rkezett Quentin Tarantino, Baz Luhrmann, Denis Villeneuve \u00e9s Darren Aronofsky vil\u00e1ga. A modern gener\u00e1ci\u00f3 egyik legf\u00e9nyesebb csillaga ma 35 \u00e9ves.<\/p>\n<p>Austin Robert Butler 1991-ben sz\u00fcletett a kaliforniai Anaheimben. Tizen\u00e9vesen statiszt\u00e1lt \u00e9s kisebb szerepeket kapott telev\u00edzi\u00f3s produkci\u00f3kban, majd felt\u0171nt a Hannah Montana, az iCarly \u00e9s a Wizards of Waverly Place tinisorozatok epiz\u00f3djaiban.<\/p>\n<p>Butler p\u00e1ly\u00e1j\u00e1nak egyik kev\u00e9sb\u00e9 l\u00e1tv\u00e1nyos, \u00e1m ann\u00e1l fontosabb \u00e1llom\u00e1sa a Broadway volt.<\/p>\n<p>Eugene O&#8217;Neill The Iceman Cometh c\u00edm\u0171 darabj\u00e1ban Denzel Washington mellett l\u00e9pett sz\u00ednpadra, \u00e9s ez a munka m\u00e1r eg\u00e9szen m\u00e1sfajta sz\u00edn\u00e9szi jelenl\u00e9tet k\u00f6vetelt t\u0151le, mint a Disney- \u00e9s Nickelodeon-produkci\u00f3k. Nem csak egy fiatal, j\u00f3k\u00e9p\u0171 sz\u00edn\u00e9sznek kellett lennie, hanem egy sz\u00ednpadon, est\u00e9r\u0151l est\u00e9re m\u0171k\u00f6d\u0151 t\u00e1rsulat tagj\u00e1nak. Butler k\u00e9s\u0151bb \u00fagy besz\u00e9lt err\u0151l az id\u0151szakr\u00f3l, mint p\u00e1ly\u00e1ja egyik meghat\u00e1roz\u00f3 tapasztalat\u00e1r\u00f3l.\u00a0A sz\u00ednh\u00e1zban ugyanis nincs lehet\u0151s\u00e9g a v\u00e1g\u00f3asztal m\u00f6g\u00e9 b\u00fajni.<\/p>\n<p>A filmv\u00e1sznon kezdetben szint\u00e9n nem a f\u0151szerepek tal\u00e1lt\u00e1k meg. J\u00e1tszott t\u00f6bbek k\u00f6zt a Betolakod\u00f3k \u00e9s a J\u00f3gam\u00e1nia c\u00edm\u0171 filmekben, de ezekb\u0151l m\u00e9g nem lehetett kik\u00f6vetkeztetni a k\u00e9s\u0151bbi karrier\u00edv\u00e9t. Azt\u00e1n 2019-ben Quentin Tarantino Volt egyszer egy&#8230; Hollywood c\u00edm\u0171 filmj\u00e9ben megkapta Tex Watson szerep\u00e9t. Nem volt nagy szerep, de Butler pontosan azt a fajta energi\u00e1t vitte bele, amit Tarantino szeret. Egyszerre volt vonz\u00f3, nyugtalan\u00edt\u00f3 \u00e9s kisz\u00e1m\u00edthatatlan. A Manson-csal\u00e1d tagj\u00e1t alak\u00edt\u00f3 sz\u00edn\u00e9sz r\u00e1ad\u00e1sul olyan st\u00e1bbal dolgozhatott egy\u00fctt, amelyben Leonardo DiCaprio, Brad Pitt \u00e9s Margot Robbie mellett olyan felt\u00f6rekv\u0151 tehets\u00e9gek t\u0171ntek fel, mint Sydney Sweeney, Maya Hawke, Margaret Qualley \u00e9s az az\u00f3ta Oscar-d\u00edjas <a href=\"https:\/\/index.hu\/kultur\/2025\/03\/03\/oscar-gala-mikey-madison-demi-moore-anora\/\" id=\"hyperlink_10ce61efab7776ffdb7c558cee6cc32e\" target=\"_blank\" title=\"Pofon nem csattant, de valaki j\u00f3kora gyomrost kapott az idei Oscar-g\u00e1l\u00e1n\" rel=\"nofollow noopener\">Mikey Madison<\/a>.\u00a0<\/p>\n<p>                        Elvis a kir\u00e1ly<\/p>\n<p>A k\u00f6vetkez\u0151 l\u00e9p\u00e9s m\u00e1r nem egyszer\u0171en egy \u00fajabb szerep volt, hanem p\u00e1lyafut\u00e1sa teljes \u00fajra\u00e9rtelmez\u00e9se. Baz Luhrmann <a href=\"https:\/\/index.hu\/kultur\/cinematrix\/2022\/06\/29\/elvis-zenes-eletrajzi-film-mozi-kritika-austin-butler-oscar-eselyes-alakitas-cikk\/\" id=\"hyperlink_531d26c5dcb43c341c7dae6f29eefeaa\" target=\"_blank\" title=\"T\u00e1ncra perd\u00fclt\u00fcnk a moziban, annyira Kir\u00e1ly lett az \u00faj Elvis-film\" rel=\"nofollow noopener\">Elvis Presley-t<\/a> kereste, Butler pedig h\u00f3napokon kereszt\u00fcl ostromolta a rendez\u0151t. Meghallgat\u00e1sok, mozg\u00e1s- \u00e9s dialektusgyakorlatok, Presley arch\u00edv felv\u00e9teleinek megsz\u00e1llott tanulm\u00e1nyoz\u00e1sa k\u00f6vett\u00e9k egym\u00e1st. A d\u00f6nt\u0151 pillanatban Butler egy k\u00f6nt\u00f6sben, zongora mellett \u00e9nekelte el az Unchained Melody-t, \u00e9s elk\u00fcldte a felv\u00e9telt Luhrmannnak. A szerepet megkapta, a t\u00f6bbi pedig m\u00e1r filmt\u00f6rt\u00e9nelem.<\/p>\n<p>Butler alak\u00edt\u00e1s\u00e1ban nem az ut\u00e1nz\u00e1s volt a leg\u00e9rdekesebb, hanem az, ahogy megpr\u00f3b\u00e1lta meg\u00e9rteni az Elvis m\u00f6g\u00f6tt rejt\u0151z\u0151 embert. A v\u00e1gyat, a bizonytalans\u00e1got, a h\u00edrn\u00e9v m\u00e1mor\u00e1t \u00e9s az elszigetelts\u00e9get. A szerep\u00e9rt Golden Globe-ot \u00e9s BAFTA-d\u00edjat nyert, valamint Oscar-d\u00edjra jel\u00f6lt\u00e9k a legjobb f\u00e9rfi f\u0151szerepl\u0151 kateg\u00f3ri\u00e1j\u00e1ban.<\/p>\n<p>Az Elvis megv\u00e1ltoztatta a f\u00e9lelemhez val\u00f3 viszonyomat. Amikor f\u00e9lelmet \u00e9rzek, m\u00e1r tudom, hogy ennek nem kell meg\u00e1ll\u00edtania. Ink\u00e1bb valamif\u00e9le ir\u00e1nyt\u0171k\u00e9nt haszn\u00e1lom. Azt k\u00e9rdezem magamt\u00f3l, Mit\u0151l vagyok ma igaz\u00e1n r\u00e9m\u00fclt? \u2013 \u00e9s afel\u00e9 indulok, ahelyett hogy elmenek\u00fcln\u00e9k el\u0151le<\/p>\n<p>\u2013 mondta Butler egy <a href=\"https:\/\/apnews.com\/article\/austin-butler-elvis-oscars-best-actor-bddde01cde0f50d1e39c963dd45d7a66\" id=\"hyperlink_5accc7940ccc22b89e3e27f009451c4a\" rel=\"nofollow noopener\" target=\"_blank\">interj\u00faban<\/a>. Az Elvis ut\u00e1n igaz\u00e1n v\u00e1ltozatos karakterek b\u0151r\u00e9be b\u00fajt. Denis Villeneuve <a href=\"https:\/\/index.hu\/kultur\/cinematrix\/2024\/02\/29\/dune-masodik-resz-mozi-sci-fi-blockbuster-frank-herbert-klasszikus-adaptacio-denis-villeneuve-kritika\/\" id=\"hyperlink_2931b33441944bd611064ba48453b5b7\" target=\"_blank\" title=\"A D\u0171ne 2 akkora \u00e9lm\u00e9ny, mintha \u00e9let\u00fcnkben el\u0151sz\u00f6r j\u00e1rn\u00e1nk moziban\" rel=\"nofollow noopener\">D\u0171n\u00e9j\u00e9nek\u00a0m\u00e1sodik r\u00e9sz\u00e9ben<\/a> Feyd-Rautha Harkonnenk\u00e9nt szinte felismerhetetlenn\u00e9 v\u00e1ltozott. A porcel\u00e1nszer\u0171 k\u00fclsej\u0171, pszichopata had\u00far egyszerre volt ragadoz\u00f3 \u00e9s groteszk figura. Jeff Nichols <a href=\"https:\/\/index.hu\/kultur\/cinematrix\/2024\/06\/23\/the-bikeriders-motorosok-film-mozi-krimi-megtortent-eset-tom-hardy-austin-butler-adaptacio-kritika\/\" id=\"hyperlink_835dbe96acac3a98cbb0fc4cf580d0d6\" target=\"_blank\" title=\"V\u00e9gre egy igaz\u00e1n f\u00e9rfias film a moziban\" rel=\"nofollow noopener\">Motorosok<\/a> c\u00edm\u0171 filmj\u00e9ben m\u00e1r eg\u00e9szen m\u00e1sf\u00e9le f\u00e9rfiass\u00e1got hozott. A lojalit\u00e1s \u00e9s az er\u0151szak k\u00f6z\u00f6tt \u0151rl\u0151d\u0151 Benny komplex \u00e9s \u00e9rdekes f\u0151h\u0151s volt, r\u00e1ad\u00e1sul pazarul m\u0171k\u00f6dtek egy\u00fctt a m\u00e1sik f\u0151szerepl\u0151, Tom Hardy-val.<\/p>\n<p>Az ut\u00f3bbi id\u0151szakban Butler mintha tudatosan keresn\u00e9 azokat a szerepeket, amelyekben nem kell felt\u00e9tlen\u00fcl szerethet\u0151nek lennie. Darren Aronofsky <a href=\"https:\/\/index.hu\/kultur\/cinematrix\/2025\/09\/09\/rajtakapva-mozi-film-darren-aronofsky-gengszter-new-york-90-es-evek-regeny-adaptacio-kritika\/\" id=\"hyperlink_07f6350fb8ea01d947093ed583a97677\" target=\"_blank\" title=\"Ez az \u00e9v legkem\u00e9nyebb gengszterfilmje, m\u00e9gse n\u00e9zi senki\" rel=\"nofollow noopener\">Rajtakapva<\/a> c\u00edm\u0171 thriller\u00e9ben egy egykori baseballj\u00e1t\u00e9kosb\u00f3l lett New York-i csapos, aki a saj\u00e1t d\u00f6nt\u00e9sei miatt ker\u00fcl egy er\u0151szakos spir\u00e1lba. Ari Aster Eddington c\u00edm\u0171 filmj\u00e9ben szint\u00e9n egy k\u00fcl\u00f6n\u00f6s, kisz\u00e1m\u00edthatatlan figur\u00e1val tal\u00e1lkozhattunk, a szt\u00e1r j\u00f6v\u0151beli projektjei pedig nemk\u00fcl\u00f6nben ambici\u00f3zusak.<\/p>\n<p>                        A java csak most j\u00f6n<\/p>\n<p>A Miami Vice &#8217;85-ben, James \u201eSonny\u201d Crockettet alak\u00edtja Michael B. Jordan oldal\u00e1n. A Joseph Kosinski rendez\u00e9s\u00e9ben k\u00e9sz\u00fcl\u0151 film az eredeti sorozat nyolcvanas \u00e9vekbeli vil\u00e1g\u00e1hoz ny\u00fal vissza, \u00e9s a jelenlegi tervek szerint 2028-ban ker\u00fcl a mozikba. A Lance Armstrongr\u00f3l k\u00e9sz\u00fcl\u0151 \u00e9letrajzi filmje egy fokkal besz\u00e9desebb v\u00e1llal\u00e1s. Butler a <a href=\"https:\/\/index.hu\/kultur\/cinematrix\/2024\/11\/07\/konklave-film-kritika-ralph-fiennes-edward-berger\/\" id=\"hyperlink_7340033aa7021b0848f9ce878f761aa9\" target=\"_blank\" title=\"A Konkl\u00e1v\u00e9, amit alighanem Bese Gerg\u0151 is elhallgatna\" rel=\"nofollow noopener\">Konkl\u00e1v\u00e9<\/a> \u00e9s a Nyugaton a helyzet v\u00e1ltozatlan rendez\u0151je, Edward Berger filmj\u00e9ben alak\u00edtja majd a ker\u00e9kp\u00e1rost. Armstrong t\u00f6rt\u00e9nete k\u00fcl\u00f6n\u00f6sen er\u0151s anyag. A r\u00e1kb\u00f3l val\u00f3 fel\u00e9p\u00fcl\u00e9s, a Tour de France elk\u00e9peszt\u0151 sikerei, majd a doppingbotr\u00e1ny \u00e9s a buk\u00e1s egyetlen p\u00e1lya\u00edvben s\u0171r\u00edti \u00f6ssze a felemelked\u00e9s \u00e9s a megsemmis\u00fcl\u00e9s t\u00f6rt\u00e9net\u00e9t. Noha m\u00e9g nincs hivatalosan meger\u0151s\u00edtve, \u00fagy t\u0171nik Butler egy m\u00e1sik legend\u00e1s, ez\u00fattal fikci\u00f3s karaktert is elj\u00e1tszhat.<\/p>\n<p>Luca Guadagnino <a href=\"https:\/\/index.hu\/kultur\/2026\/06\/14\/bret-easton-ellis-konyv-amerikai-pszicho-patrick-bateman-tarsadalomkritika-iro-nullanal-is-kevesebb-szilankok\/\" id=\"hyperlink_53c87c204f302a85aaa0d8469ce0106f\" target=\"_blank\" title=\"Ijeszt\u0151, de el\u0151re megmondta, hogy meg\u00e9rkezik a brut\u00e1lis, er\u0151szakos ember\" data-recommendation=\"bekezdes_utan\" data-recommendation-preview=\"{\" og:title=\"\" rel=\"nofollow noopener\">Bret Easton Ellis<\/a>,\u00a0Amerikai pszich\u00f3 c\u00edm\u0171 reg\u00e9ny\u00e9nek \u00faj adapt\u00e1ci\u00f3j\u00e1t k\u00e9sz\u00edti el \u00e9s jelenleg el\u00e9g nagy az es\u00e9ly, hogy Butler form\u00e1lja meg a pszichopata yuppie-t, Patrick Batemant.<\/p>\n<p>T\u00f6k\u00e9letes v\u00e1laszt\u00e1s lenne. Butler m\u00e9g csak 35 esztend\u0151s \u00e9s mind\u00f6ssze n\u00e9h\u00e1ny \u00e9ve tekinthet\u00fcnk r\u00e1 szt\u00e1rk\u00e9nt, m\u00e9gis tiszt\u00e1n l\u00e1tszik, hogy nem egyetlen szerep fel\u00e9 tart. Az Elvis ut\u00e1n k\u00f6nny\u0171 lett volna beskatuly\u00e1zni, \u0151 azonban sorra v\u00e1lasztja a vesz\u00e9lyesebb ker\u00fcl\u0151utakat. \u0150r\u00fclt had\u00far, motoros, katona, nyomoz\u00f3, bukott sportlegenda \u2013 \u00e9s ak\u00e1r Patrick Bateman.<\/p>\n<p>Hollywood k\u00f6zben mintha \u00fajra felfedezn\u00e9 benne azt, amit r\u00e9gen a nagy filmszt\u00e1rokban keresett. Nem csak egy eladhat\u00f3 arcot, hanem jelenl\u00e9tet, kisug\u00e1rz\u00e1st. Butlernek van valami nehezen megfejthet\u0151, klasszikus sz\u00edn\u00e9szi nyugalma, ami akkor is m\u0171k\u00f6dik, amikor nem sz\u00f3lal meg. Austin Butler t\u00f6rt\u00e9nete m\u00e1r nem a befut\u00e1sr\u00f3l sz\u00f3l, hanem egy k\u00fcl\u00f6n\u00f6s \u00e1talakul\u00e1sr\u00f3l. Egy fiatal sz\u00edn\u00e9szr\u0151l, aki fokozatosan azz\u00e1 v\u00e1lik, amiv\u00e9 szeretne, nem pedig aminek Hollywood kor\u00e1bban l\u00e1ttatni akarta.<\/p>\n<p>\n                          (Bor\u00edt\u00f3k\u00e9p:\u00a0Austin Butler P\u00e1rizsban 2026. janu\u00e1r 27-\u00e9n. Fot\u00f3:\u00a0Stephane Cardinale \/ Corbis \/ Getty Images)\n                        <\/p>\n<p><a href=\"https:\/\/dex.hu\/x.php?id=googlepref_desktop&amp;url=https:\/\/google.com\/preferences\/source?q=https:\/\/index.hu\" class=\"google-pref-banner \" id=\"googlePrefBanner\" rel=\"nofollow noopener\" target=\"_blank\"><\/p>\n<p>    Itt \u00e1ll\u00edtsa be, hogy az Index az els\u0151k k\u00f6z\u00f6tt legyen a Google-tal\u00e1latokban!<\/p>\n<p><\/a><\/p>\n<p>                <a href=\"https:\/\/konyvek.index.hu\/\" target=\"_blank\" rel=\"nofollow noopener\"><br \/>\n                <img decoding=\"async\" src=\"https:\/\/index.hu\/assets\/images\/konyvajanlo\/book_indapress\/book_indapress_logo.svg\" loading=\"lazy\" alt=\"Inda Press Kiad\u00f3\"\/><br \/>\n                <\/a><\/p>\n<p>                <img decoding=\"async\" src=\"https:\/\/www.europesays.com\/hu\/wp-content\/uploads\/2026\/08\/1786945215_389_hogyantudnek.png\" loading=\"lazy\" alt=\"Hogyan tudn\u00e9k \u00e9lni n\u00e9lk\u00fcled?\"\/><\/p>\n<p>Ismerd meg a film m\u00f6g\u00f6tt \u00e1ll\u00f3 m\u0171v\u00e9szek t\u00f6rt\u00e9neteit \u00e9s szerezd be a Hogyan tudn\u00e9k \u00e9lni n\u00e9lk\u00fcled? kulisszak\u00f6nyv\u00e9t!<\/p>\n<p>                <a class=\"book_index_btn\" href=\"https:\/\/indexadhu.hit.gemius.pl\/hitredir?id=nSCbubuYpDWJZLZs0TssLrbt33Lk5kbipuiZrkg89G3.g7&amp;stparam=uidhlvpiig&amp;fastid=hlkzmkpizaaluhlbedwldibviqkk&amp;nc=0&amp;url=https:\/\/www.indapresskiado.hu\/products\/hogyan-tudnek-elni-nelkuled\" target=\"_blank\" rel=\"nofollow noopener\">MEGVESZEM<\/a><\/p>\n<p>    <img loading=\"lazy\" decoding=\"async\" src=\"https:\/\/www.europesays.com\/hu\/wp-content\/uploads\/2026\/08\/1786945216_809_redot.gif\" border=\"0\" height=\"0\" width=\"0\"\/><\/p>\n<p>    <img decoding=\"async\" src=\"https:\/\/index.hu\/assets\/images\/social-follow\/logo-big.svg\" alt=\"Index.hu logo\"\/><\/p>\n<p>K\u00f6vesse az Indexet Facebookon is!<\/p>\n<p>    <a href=\"https:\/\/facebook.com\/Indexhu\" target=\"_blank\" rel=\"nofollow noopener\"><\/p>\n<p>        K\u00f6vetem!<br \/>\n    <\/a><\/p>\n","protected":false},"excerpt":{"rendered":"A tinisorozatokt\u00f3l a Broadwayig vezetett az \u00fatja, \u00e9s csak ezut\u00e1n \u00e9rkezett Quentin Tarantino, Baz Luhrmann, Denis Villeneuve \u00e9s&hellip;\n","protected":false},"author":2,"featured_media":211039,"comment_status":"","ping_status":"","sticky":false,"template":"","format":"standard","meta":{"footnotes":"","_share_on_mastodon":"0"},"categories":[16],"tags":[11575,151,152,14522,1558,137,167,44,42,40,150,43,41,4456,6363,144,138],"class_list":["post-211038","post","type-post","status-publish","format-standard","has-post-thumbnail","category-szorakozas","tag-austin-butler","tag-ce-femina","tag-ce-napi","tag-denis-villeneuve","tag-elvis-presley","tag-entertainment","tag-film","tag-hu","tag-hungarian","tag-hungary","tag-kultur","tag-magyar","tag-magyarorszag","tag-oscar-dij","tag-quentin-tarantino","tag-szinesz","tag-szorakozas"],"share_on_mastodon":{"url":"https:\/\/pubeurope.com\/@hu\/117109249192671738","error":""},"_links":{"self":[{"href":"https:\/\/www.europesays.com\/hu\/wp-json\/wp\/v2\/posts\/211038","targetHints":{"allow":["GET"]}}],"collection":[{"href":"https:\/\/www.europesays.com\/hu\/wp-json\/wp\/v2\/posts"}],"about":[{"href":"https:\/\/www.europesays.com\/hu\/wp-json\/wp\/v2\/types\/post"}],"author":[{"embeddable":true,"href":"https:\/\/www.europesays.com\/hu\/wp-json\/wp\/v2\/users\/2"}],"replies":[{"embeddable":true,"href":"https:\/\/www.europesays.com\/hu\/wp-json\/wp\/v2\/comments?post=211038"}],"version-history":[{"count":0,"href":"https:\/\/www.europesays.com\/hu\/wp-json\/wp\/v2\/posts\/211038\/revisions"}],"wp:featuredmedia":[{"embeddable":true,"href":"https:\/\/www.europesays.com\/hu\/wp-json\/wp\/v2\/media\/211039"}],"wp:attachment":[{"href":"https:\/\/www.europesays.com\/hu\/wp-json\/wp\/v2\/media?parent=211038"}],"wp:term":[{"taxonomy":"category","embeddable":true,"href":"https:\/\/www.europesays.com\/hu\/wp-json\/wp\/v2\/categories?post=211038"},{"taxonomy":"post_tag","embeddable":true,"href":"https:\/\/www.europesays.com\/hu\/wp-json\/wp\/v2\/tags?post=211038"}],"curies":[{"name":"wp","href":"https:\/\/api.w.org\/{rel}","templated":true}]}}