{"id":212105,"date":"2026-08-18T01:01:07","date_gmt":"2026-08-18T01:01:07","guid":{"rendered":"https:\/\/www.europesays.com\/hu\/212105\/"},"modified":"2026-08-18T01:01:07","modified_gmt":"2026-08-18T01:01:07","slug":"index-fomo-christiano-ronaldo-es-georgina-rodriguez-visszafogott-eskuvojukon-csaknem-24-milliard-forintot-ero-ekszereket-viseltek","status":"publish","type":"post","link":"https:\/\/www.europesays.com\/hu\/212105\/","title":{"rendered":"Index &#8211; FOMO &#8211; Christiano Ronaldo \u00e9s Georgina Rodriguez \u201evisszafogott\u201d esk\u00fcv\u0151j\u00fck\u00f6n csaknem 24 milli\u00e1rd forintot \u00e9r\u0151 \u00e9kszereket viseltek"},"content":{"rendered":"<p>A p\u00e1r Portug\u00e1li\u00e1ban, <a href=\"https:\/\/index.hu\/fomo\/2026\/08\/11\/cristiano-ronaldo-georgina-rodriguez-eskuvo-hazassag-cascais-portugalia-ceremonia\/\" id=\"hyperlink_38297d379332c74b1e1c97e2d1127353\" target=\"_blank\" title=\"Erre az igenre v\u00e1rt a f\u00e9l vil\u00e1g, \u00f6sszeh\u00e1zasodott Cristiano Ronaldo \u00e9s Georgina Rodr\u00edguez\" rel=\"nofollow noopener\">\u00faj otthon\u00e1ban h\u00e1zasodott \u00f6ssze<\/a>, pontosan t\u00edz \u00e9vvel azut\u00e1n, hogy el\u0151sz\u00f6r tal\u00e1lkoztak: Georgina akkoriban elad\u00f3k\u00e9nt dolgozott a madridi Gucci \u00fczletben. A helysz\u00ednre utalva mindketten Guccit viseltek, Ronaldo egyszer\u0171 p\u00f3l\u00f3t \u00e9s zak\u00f3t, Georgina inget \u00e9s szokny\u00e1t \u2013 \u00edrja a <a href=\"https:\/\/www.dailymail.com\/tvshowbiz\/article-16058529\/Georgina-Rodr-guez-wore-56m-jewels-wedding.html?ns_mchannel=rss&amp;ns_campaign=1490&amp;ito=social-twitter_mailonline\" id=\"hyperlink_4e18365990c8820aa5da9e5f24d2c115\" rel=\"nofollow noopener\" target=\"_blank\">Daily Mail<\/a>.\u00a0<\/p>\n<p>A visszafogott szertart\u00e1ssal szemben az \u00e9kszerek ann\u00e1l kev\u00e9sb\u00e9 voltak szer\u00e9nyek. Georgina a Chopard Garden of Kalahari nyakl\u00e1nc\u00e1t viselte, amelynek k\u00f6zponti darabja egy D sz\u00edn\u0171, hib\u00e1tlan (D-flawless), 50 kar\u00e1tos brili\u00e1ns csiszol\u00e1s\u00fa gy\u00e9m\u00e1nt, ehhez pedig a szett kark\u00f6t\u0151je, f\u00fclbeval\u00f3ja \u00e9s gy\u0171r\u0171je t\u00e1rsult.<\/p>\n<p>Nilesh Rakholia, az Abelini \u00e9kszerm\u00e1rka alap\u00edt\u00f3ja a lapnak elemezte a kollekci\u00f3t. \u201eAmit viselt, az nem egyszer\u0171en egy nagyon dr\u00e1ga gy\u00e9m\u00e1nt nyakl\u00e1nc. Az \u00f6sszes jelent\u0151s k\u0151 ugyanabb\u00f3l a k\u00fcl\u00f6nleges nyers gy\u00e9m\u00e1ntb\u00f3l sz\u00e1rmazik, \u00e9s ez a provenienci\u00e1ja nagyban hozz\u00e1j\u00e1rul ahhoz, hogy a kollekci\u00f3 ennyire k\u00fcl\u00f6nleges\u201d \u2013 fogalmazott.<\/p>\n<p>A nyilv\u00e1nosan k\u00f6z\u00f6lt adatok alapj\u00e1n a teljes Garden of Kalahari szett ismert gy\u00e9m\u00e1nts\u00falya meghaladja a 300 kar\u00e1tot. Rakholia szerint azonban ez a sz\u00e1m sem \u00e1rulja el a teljes t\u00f6rt\u00e9netet. \u201eEz nem 300 kar\u00e1t \u00e1tlagos gy\u00e9m\u00e1nt. T\u00f6bb D-flawless, 20 kar\u00e1t f\u00f6l\u00f6tti k\u0151r\u0151l besz\u00e9l\u00fcnk, mind ugyanabb\u00f3l a Type IIa nyersanyagb\u00f3l, tetej\u00e9be pedig ott van a Chopard k\u00e9zm\u0171ves munk\u00e1ja\u201d \u2013 mondta el az alap\u00edt\u00f3 a lapnak. Hozz\u00e1tette: a komplett parure elk\u00e9sz\u00edt\u00e9se t\u00f6bb mint 3200 munka\u00f3r\u00e1t vett ig\u00e9nybe, ez\u00e9rt kar\u00e1tonk\u00e9nti \u00e1ron nem lehet ar\u00e1nyosan \u00e9rt\u00e9kelni.<\/p>\n<p>                        Nem lehet pontos \u00e1rat szabni<\/p>\n<p>A szak\u00e9rt\u0151 szerint f\u00e9nyk\u00e9pek alapj\u00e1n megbecs\u00fclni egy ilyen jelent\u0151s\u00e9g\u0171 \u00e9kszer \u00e9rt\u00e9k\u00e9t felel\u0151tlens\u00e9g lenne, mert nincs hozz\u00e1 szok\u00e1sos kiskereskedelmi \u00f6sszehasonl\u00edt\u00e1si alap.<\/p>\n<p>\u201eEgy kor\u00e1bban publik\u00e1lt becsl\u00e9s a teljes Garden of Kalahari kollekci\u00f3t k\u00f6r\u00fclbel\u00fcl 75 milli\u00f3 doll\u00e1rra, azaz nagyj\u00e1b\u00f3l 56 milli\u00f3 fontra tette, \u00e9s ez a specifik\u00e1ci\u00f3k \u00e9s a proveniencia ismeret\u00e9ben nem t\u0171nik val\u00f3szer\u0171tlennek\u201d \u2013 mondta, hangs\u00falyozva ugyanakkor, hogy a Chopard soha nem hozott nyilv\u00e1noss\u00e1gra \u00e1rat, \u00edgy ezt ink\u00e1bb indikat\u00edv \u00e9rt\u00e9kk\u00e9nt, nem hiteles\u00edtett \u00f6sszegk\u00e9nt \u00e9rdemes kezelni.<\/p>\n<p>                        M\u00e1r edz\u00e9s k\u00f6zben is rajta volt a kark\u00f6t\u0151<\/p>\n<p>A Vogue-ban megjelent esk\u00fcv\u0151i fot\u00f3kon Georgina a szett kark\u00f6t\u0151j\u00e9t egy reggeli edz\u00e9s sor\u00e1n is viselte. \u201eEz \u00e1rulkodik arr\u00f3l, milyen term\u00e9szetesen visel igaz\u00e1n komoly \u00e9kszereket\u201d \u2013 jegyezte meg Rakholia. \u201eA legt\u00f6bb ember egy ilyen szett kark\u00f6t\u0151j\u00e9t \u00f6t perccel a szertart\u00e1s el\u0151tt vette volna fel.\u201d<\/p>\n<p>A szak\u00e9rt\u0151 szerint \u00e9pp a kontraszt a leg\u00e9rdekesebb: a p\u00e1r a gyerekeikkel, otthon, sz\u0171k k\u00f6rben h\u00e1zasodott \u00f6ssze, Georgina pedig a valaha elk\u00e9pzelt hatalmas menyasszonyi l\u00e1tv\u00e1nyoss\u00e1g helyett letisztult, feh\u00e9r Gucci szettet v\u00e1lasztott. \u201eL\u00e9nyeg\u00e9ben mindazt a pomp\u00e1t, amit egy Ronaldo-esk\u00fcv\u0151t\u0151l v\u00e1rtak, az \u00e9kszerekbe koncentr\u00e1lta\u201d \u2013 mondta.<\/p>\n<p>                        A menyasszony valami bens\u0151s\u00e9gesre\u00a0<\/p>\n<p>A p\u00e1r a Vogue ny\u00e1ri sz\u00e1m\u00e1ban magyar\u00e1zta el a d\u00f6nt\u00e9st. \u201e<a href=\"https:\/\/index.hu\/sport\/futball\/2026\/08\/17\/cristiano-ronaldo-georgina-rodriguez-eskuvo\/\" id=\"hyperlink_ffa58b5a12146bd9b4c9dd960fe5dfcf\" target=\"_blank\" title=\"Cristiano Ronald\u00f3\u00e9k exkluz\u00edv betekint\u00e9st engedtek a titkos esk\u00fcv\u0151j\u00fckbe\" data-recommendation=\"bekezdes_utan\" data-recommendation-preview=\"{&quot;og:title&quot;:&quot;Cristiano Ronald\u00f3\u00e9k exkluz\u00edv betekint\u00e9st engedtek a titkos esk\u00fcv\\u0151j\u00fckbe&quot;,&quot;og:description&quot;:&quot;Olyan helyen mondt\u00e1k el a fogadalmukat, amire senki sem gondolt volna.&quot;,&quot;og:image&quot;:&quot;\\\/\\\/kep.cdn.indexvas.hu\\\/1\\\/0\\\/7105\\\/71050\\\/710504\\\/71050437_5239957_5fd46ba14fddb83e8b13491961e632c0_wm.jpg&quot;}\" data-recommendation-id=\"6263951\" rel=\"nofollow noopener\">A h\u00e1zunk nappalij\u00e1ban v\u00e1lasztottuk<\/a>, ahol reggeliz\u00fcnk, eb\u00e9del\u00fcnk \u00e9s vacsor\u00e1zunk, \u00e9s ahol az \u00e9let\u00fcnk val\u00f3s\u00e1g\u00e1t \u00e9lj\u00fck\u201d \u2013 mondta Georgina. \u201eHarminc \u00e9v m\u00falva azt akarom, hogy a gyerekek arra gondoljanak: valami csod\u00e1latos t\u00f6rt\u00e9nt enn\u00e9l az asztaln\u00e1l \u2013 a sz\u00fcleink h\u00e1zass\u00e1gi fogadalma\u201d.<\/p>\n<p>Hozz\u00e1tette: kisl\u00e1nyk\u00e9nt a legnagyobb kast\u00e9lyr\u00f3l, a leghosszabb ruh\u00e1r\u00f3l \u00e9s gy\u00e9m\u00e1ntokkal kirakott koron\u00e1r\u00f3l \u00e1lmodott, most viszont valami bens\u0151s\u00e9gesre v\u00e1gyott, a p\u00e1rj\u00e1val \u00e9s a gyerekeikkel, otthon. Azt is meg\u00edg\u00e9rte, hogy a j\u00f6v\u0151ben nagyszab\u00e1s\u00fa esk\u00fcv\u0151t is tartanak majd a sz\u00e9lesebb csal\u00e1d \u00e9s a bar\u00e1tok k\u00f6r\u00e9ben, ennek r\u00e9szleteir\u0151l azonban nem besz\u00e9lt.<\/p>\n<p>Az <a href=\"https:\/\/index.hu\/sport\/futball\/2026\/08\/02\/christiano-ronaldo-eskuvo-helyszin-madeira-georgina-rodriguez-funchal\/\" id=\"hyperlink_e2c8ee1fc25a48f8353ad95c72608c19\" target=\"_blank\" title=\"Kisziv\u00e1rgott Cristiano Ronaldo titkos esk\u00fcv\u0151j\u00e9nek helysz\u00edne\" rel=\"nofollow noopener\">otthoni szertart\u00e1s ut\u00e1n<\/a> a p\u00e1r egy \u00f3r\u00e1t aut\u00f3zott a fatimai Sz\u0171z M\u00e1ria-kegyhelyre, ahol egy pap meg\u00e1ldotta \u0151ket. N\u00e1sz\u00fatra nem mennek: m\u00e1r visszat\u00e9rtek Sza\u00fad-Ar\u00e1bi\u00e1ba, ahol Ronaldo futballozik.<\/p>\n<p>                        A csal\u00e1d nem volt jelen az esem\u00e9nyen<\/p>\n<p>A Jornal de Noticias cs\u00fct\u00f6rt\u00f6k k\u00e9s\u0151 este k\u00f6z\u00f6lte a p\u00e1r h\u00e1zass\u00e1gi anyak\u00f6nyvi kivonat\u00e1t, amely szerint a gyerekeken k\u00edv\u00fcl mind\u00f6ssze n\u00e9gy tan\u00fa volt jelen: Georgina n\u0151v\u00e9re, Ivana, Cristiano r\u00e9gi bar\u00e1tja, Miguel Paixao, valamint egy spanyol p\u00e1r, Jos\u00e9 Rodriguez Sangil \u00e9s feles\u00e9ge, Monica Gonzalez Martinez.\u00a0<\/p>\n<p>Cristiano \u00e9desanyja, Dolores Aveiro \u00e9s h\u00e1rom testv\u00e9re, Hugo, Elma \u00e9s Katia nem volt jelen. Egy helyi besz\u00e1mol\u00f3 szerint a csal\u00e1dja csak pillanatokkal a szertart\u00e1s el\u0151tt \u00e9rtes\u00fclt az esk\u00fcv\u0151r\u0151l.\u00a0 Dolores \u2013 akinek az \u00e9vek sor\u00e1n t\u00f6bbsz\u00f6r kellett c\u00e1folnia a meny\u00e9vel val\u00f3 rossz viszonyr\u00f3l sz\u00f3l\u00f3 \u00e1ll\u00edt\u00e1sokat \u2013 \u00e1ld\u00e1s\u00e1t adta a p\u00e1rra: a bejelent\u00e9s ut\u00e1n sz\u00edv emojit posztolt Cristiano oldal\u00e1n, a <a href=\"https:\/\/index.hu\/fomo\/2025\/08\/19\/georgina-rodriguez-cristiano-ronaldo-szerelem-hazassag-gazdagsag-peldakep\/\" id=\"hyperlink_8b20ee6d7a3bec05a33a9b9395f06efa\" target=\"_blank\" title=\"Az ara egy arany\u00e1s\u00f3? Felh\u00f6rd\u00fclt az internet Georgina \u00e9s Ronaldo eljegyz\u00e9s\u00e9n\" data-recommendation=\"bekezdes_utan\" data-recommendation-preview=\"{\" og:title=\"\" rel=\"nofollow noopener\">gy\u0171r\u0171kr\u0151l k\u00e9sz\u00fclt fot\u00f3 al\u00e1<\/a>.<\/p>\n<p>A p\u00e1r \u2013 amely pontosan egy \u00e9vvel az eljegyz\u00e9s\u00fck bejelent\u00e9se ut\u00e1n h\u00e1zasodott \u00f6ssze \u2013 \u00fagy d\u00f6nt\u00f6tt, hogy a h\u00e1zass\u00e1g el\u0151tti vagyonukat elk\u00fcl\u00f6n\u00edtve tartj\u00e1k: a vagyonjogi rendszert meghat\u00e1roz\u00f3 <a href=\"https:\/\/index.hu\/fomo\/2026\/08\/15\/cristiano-ronaldo-georgina-rodriguez-hazassag-szerzodes\/\" id=\"hyperlink_f6236d3cbaeadf89510573c6fe0a5b4e\" target=\"_blank\" title=\"Szigor\u00fa szerz\u0151d\u00e9st \u00edrt al\u00e1 Cristiano Ronaldo \u00e9s Georgina Rodr\u00edguez az esk\u00fcv\u0151j\u00fck el\u0151tt\" rel=\"nofollow noopener\">h\u00e1zass\u00e1gi szerz\u0151d\u00e9st augusztus 10-\u00e9n, egy nappal a szertart\u00e1s el\u0151tt \u00edrt\u00e1k al\u00e1<\/a> egy lisszaboni k\u00f6zjegyz\u0151i irod\u00e1ban.<\/p>\n<p>Gyermekeik ott voltak az esk\u00fcv\u0151n. <a href=\"https:\/\/index.hu\/sport\/futball\/2025\/12\/23\/cristiano-ronaldo-ajandek-sziget-nujuma-georgina-rodriguez\/\" id=\"hyperlink_6f6eea13db48c61a071ddf779f8077fc\" target=\"_blank\" title=\"Cristiano Ronaldo \u00e9s szerelme olyan luxusvill\u00e1t vett, hogy nem hisz\u00fcnk a szem\u00fcnknek\" rel=\"nofollow noopener\">Georgin\u00e1nak \u00e9s Cristian\u00f3nak<\/a> k\u00e9t l\u00e1nya van, Alana \u00e9s Bella, valamint b\u00e9ranyas\u00e1g \u00fatj\u00e1n sz\u00fcletett ikreik, Eva Maria \u00e9s Mateo. Bell\u00e1nak volt egy ikertestv\u00e9re, Angel, aki nem sokkal a sz\u00fclet\u00e9se ut\u00e1n elhunyt. Ronald\u00f3nak egy kor\u00e1bbi kapcsolat\u00e1b\u00f3l sz\u00e1rmazik legid\u0151sebb fia, Cristiano Jr.<\/p>\n<p>\n                          (Bor\u00edt\u00f3k\u00e9p: Georgina Rodriguez \u00e9s Christiano Ronaldo 2019- november 3-\u00e1n. Fot\u00f3:\u00a0Andreas Rentz \/ MTV 2019 \/ Getty images)\n                        <\/p>\n<p><a href=\"https:\/\/dex.hu\/x.php?id=googlepref_desktop&amp;url=https:\/\/google.com\/preferences\/source?q=https:\/\/index.hu\" class=\"google-pref-banner \" id=\"googlePrefBanner\" rel=\"nofollow noopener\" target=\"_blank\"><\/p>\n<p>    Itt \u00e1ll\u00edtsa be, hogy az Index az els\u0151k k\u00f6z\u00f6tt legyen a Google-tal\u00e1latokban!<\/p>\n<p><\/a><\/p>\n<p>    <img decoding=\"async\" src=\"https:\/\/index.hu\/assets\/images\/social-follow\/logo-big.svg\" alt=\"Index.hu logo\"\/><\/p>\n<p>K\u00f6vesse az Indexet Facebookon is!<\/p>\n<p>    <a href=\"https:\/\/facebook.com\/Indexhu\" target=\"_blank\" rel=\"nofollow noopener\"><\/p>\n<p>        K\u00f6vetem!<br \/>\n    <\/a><\/p>\n","protected":false},"excerpt":{"rendered":"A p\u00e1r Portug\u00e1li\u00e1ban, \u00faj otthon\u00e1ban h\u00e1zasodott \u00f6ssze, pontosan t\u00edz \u00e9vvel azut\u00e1n, hogy el\u0151sz\u00f6r tal\u00e1lkoztak: Georgina akkoriban elad\u00f3k\u00e9nt dolgozott&hellip;\n","protected":false},"author":2,"featured_media":212106,"comment_status":"","ping_status":"","sticky":false,"template":"","format":"standard","meta":{"footnotes":"","_share_on_mastodon":"0"},"categories":[14],"tags":[33193,1297,185,34905,46441,44,42,40,43,41,47726,45,131],"class_list":["post-212105","post","type-post","status-publish","format-standard","has-post-thumbnail","category-sport","tag-ekszerek","tag-eskuvo","tag-fomo","tag-georgina-rodriguez","tag-gyemant","tag-hu","tag-hungarian","tag-hungary","tag-magyar","tag-magyarorszag","tag-ronaldo","tag-sport","tag-sports"],"share_on_mastodon":{"url":"https:\/\/pubeurope.com\/@hu\/117113814257813603","error":""},"_links":{"self":[{"href":"https:\/\/www.europesays.com\/hu\/wp-json\/wp\/v2\/posts\/212105","targetHints":{"allow":["GET"]}}],"collection":[{"href":"https:\/\/www.europesays.com\/hu\/wp-json\/wp\/v2\/posts"}],"about":[{"href":"https:\/\/www.europesays.com\/hu\/wp-json\/wp\/v2\/types\/post"}],"author":[{"embeddable":true,"href":"https:\/\/www.europesays.com\/hu\/wp-json\/wp\/v2\/users\/2"}],"replies":[{"embeddable":true,"href":"https:\/\/www.europesays.com\/hu\/wp-json\/wp\/v2\/comments?post=212105"}],"version-history":[{"count":0,"href":"https:\/\/www.europesays.com\/hu\/wp-json\/wp\/v2\/posts\/212105\/revisions"}],"wp:featuredmedia":[{"embeddable":true,"href":"https:\/\/www.europesays.com\/hu\/wp-json\/wp\/v2\/media\/212106"}],"wp:attachment":[{"href":"https:\/\/www.europesays.com\/hu\/wp-json\/wp\/v2\/media?parent=212105"}],"wp:term":[{"taxonomy":"category","embeddable":true,"href":"https:\/\/www.europesays.com\/hu\/wp-json\/wp\/v2\/categories?post=212105"},{"taxonomy":"post_tag","embeddable":true,"href":"https:\/\/www.europesays.com\/hu\/wp-json\/wp\/v2\/tags?post=212105"}],"curies":[{"name":"wp","href":"https:\/\/api.w.org\/{rel}","templated":true}]}}