{"id":212487,"date":"2026-08-18T08:45:08","date_gmt":"2026-08-18T08:45:08","guid":{"rendered":"https:\/\/www.europesays.com\/hu\/212487\/"},"modified":"2026-08-18T08:45:08","modified_gmt":"2026-08-18T08:45:08","slug":"elmarad-majka-balatoni-koncertje","status":"publish","type":"post","link":"https:\/\/www.europesays.com\/hu\/212487\/","title":{"rendered":"Elmarad Majka balatoni koncertje"},"content":{"rendered":"<p>Majka az elm\u00falt napokban eg\u00e9szs\u00e9gi \u00e1llapota miatt ker\u00fclt neh\u00e9z helyzetbe: a rapper makacs torokgyullad\u00e1ssal \u00e1llt sz\u00ednpadra az idei Sziget fesztiv\u00e1lon, majd k\u00e9s\u0151bb lemondta h\u00e9tv\u00e9gi fell\u00e9p\u00e9seit, hogy a gy\u00f3gyul\u00e1s\u00e1ra koncentr\u00e1lhasson. Most egy \u00fajabb koncertje marad el, igaz, ez\u00fattal nem a betegs\u00e9ge miatt.<\/p>\n<p>A n\u00e9pszer\u0171 el\u0151ad\u00f3 a tervek szerint augusztus 18-\u00e1n, kedden l\u00e9pett volna fel Keszthelyen, a Keszthelyi V\u00e1rosi Sporttelepen. A h\u00e1romnapos Ny\u00e1rb\u00facs\u00fa koncertsorozatot azonban a szervez\u0151k v\u00e9g\u00fcl lef\u00fajt\u00e1k az id\u0151j\u00e1r\u00e1si k\u00f6r\u00fclm\u00e9nyek miatt. Az esem\u00e9nyen Majka mellett Horv\u00e1th Tam\u00e1s \u00e9s Beton.Hofi is sz\u00ednpadra \u00e1llt volna.<\/p>\n<p>Majka a Szigeten m\u00e9g betegen is v\u00e1llalta a fell\u00e9p\u00e9st. A koncert alatt j\u00f3l l\u00e1that\u00f3an k\u00fczd\u00f6tt a hangj\u00e1val, folyamatosan k\u00f6h\u00f6g\u00f6tt, \u00e9s a torka is f\u00e1jt. A rapper maga is elmondta a k\u00f6z\u00f6ns\u00e9gnek, hogy nincs j\u00f3l, ennek ellen\u00e9re v\u00e9gigcsin\u00e1lta a m\u00e1sf\u00e9l \u00f3r\u00e1s koncertet. T\u00f6bb alkalommal a k\u00f6z\u00f6ns\u00e9g, illetve Veres M\u00f3nika, azaz Nika seg\u00edts\u00e9g\u00e9re is sz\u00fcks\u00e9ge volt a hangosabb \u00e9nekl\u00e9sn\u00e9l. A h\u00e9tv\u00e9g\u00e9re tervezett koncertjeit azonban m\u00e1r nem v\u00e1llalta. K\u00f6zlem\u00e9nyben jelezte, hogy az eg\u00e9szs\u00e9gi \u00e1llapot\u00e1ra tekintettel a gy\u00f3gyul\u00e1s\u00e1ra szeretne koncentr\u00e1lni.<\/p>\n<p><img fetchpriority=\"high\" decoding=\"async\" class=\"img-responsive alignnone size-full wp-image-2173118\" src=\"https:\/\/www.europesays.com\/hu\/wp-content\/uploads\/2026\/08\/majka-4.jpg\" alt=\"majka\" width=\"1280\" height=\"720\"   style=\"; margin-bottom: 0;\" loading=\"lazy\"\/>(Forr\u00e1s: Olajos Piroska \/ Fotocentral)<\/p>\n<p>A keszthelyi koncertsorozat elmarad\u00e1s\u00e1nak h\u00e1tter\u00e9ben viszont az id\u0151j\u00e1r\u00e1s \u00e1ll. A FanaticEvent Produkci\u00f3s Iroda m\u00e1r augusztus elej\u00e9n jelezte, hogy az el\u0151rejelz\u00e9sek szerint jelent\u0151s csapad\u00e9k \u00e9rkezhet az augusztus 17-i h\u00e9tre. A szervez\u0151k szerint a helysz\u00edn egy l\u00e1pos ter\u00fcleten tal\u00e1lhat\u00f3, amely es\u0151z\u00e9s ut\u00e1n jelent\u0151sen fel\u00e1zhat \u00e9s instabill\u00e1 v\u00e1lhat.<\/p>\n<p>Az el\u0151tt\u00fcnk \u00e9s m\u00f6g\u00f6tt\u00fcnk \u00e1ll\u00f3 sz\u00e9ls\u0151s\u00e9gesen asz\u00e1lyos id\u0151szak ut\u00e1n az augusztus 17-ei h\u00e9tre nagy es\u00e9llyel csapad\u00e9kot prognosztiz\u00e1lnak az id\u0151j\u00e1r\u00e1st el\u0151rejelz\u0151 oldalak. Emiatt olyan szervez\u00e9si neh\u00e9zs\u00e9ggel szembes\u00fclt\u00fcnk, amely sajnos nem teszi lehet\u0151v\u00e9 a rendezv\u00e9ny biztons\u00e1gos megval\u00f3s\u00edt\u00e1s\u00e1t.<\/p>\n<p>A szervez\u0151k hozz\u00e1tett\u00e9k: a fell\u00e9p\u0151k, a st\u00e1b \u00e9s a k\u00f6z\u00f6ns\u00e9g biztons\u00e1ga mindenn\u00e9l fontosabb, ez\u00e9rt d\u00f6nt\u00f6ttek a rendezv\u00e9ny t\u00f6rl\u00e9se mellett. A talaj \u00e1llapota miatt ugyanis a sz\u00ednpad \u00e9s a koncerttechnika biztons\u00e1gos fel\u00e9p\u00edt\u00e9se \u00e9s bont\u00e1sa sem lett volna garant\u00e1lhat\u00f3. A megv\u00e1s\u00e1rolt jegyek teljes \u00e1r\u00e1t a v\u00e1s\u00e1rl\u00e1s hely\u00e9n \u00e9s m\u00f3dj\u00e1n t\u00e9r\u00edtik vissza. A szervez\u0151k ugyanakkor jelezt\u00e9k, hogy a ny\u00e1ri szabads\u00e1gol\u00e1sok miatt a visszat\u00e9r\u00edt\u00e9s a megszokottn\u00e1l hosszabb id\u0151t vehet ig\u00e9nybe.<\/p>\n<p>Megfenyegett\u00e9k<\/p>\n<p>Majka p\u00e1r h\u00e9ttel ezel\u0151tt az erd\u00e9lyi fell\u00e9p\u00e9s\u00e9t egy <a href=\"https:\/\/nlc.hu\/sztarok\/20260805\/eletveszelyesen-megfenyegettek-majkat\/\" rel=\"nofollow noopener\" target=\"_blank\">\u00e9letvesz\u00e9lyes fenyeget\u00e9s<\/a> miatt mondta le. A rapper az ut\u00f3bbi \u00e9vekben igen er\u0151sen ki\u00e1llt a politikai v\u00e9lem\u00e9nye mellett, sz\u00e1mos k\u00f6z\u00e9lettel kapcsolatos posztot k\u00f6zz\u00e9tett. Egy ideje m\u00e1r a Fidesz ellen sz\u00f3lalt fel, ami miatt a propagandam\u00e9dia c\u00e9lkeresztj\u00e9be ker\u00fclt, t\u00f6bb lej\u00e1rat\u00f3 cikk is sz\u00fcletett vele kapcsolatban. F\u00fcggetlen\u00fcl a rendszerv\u00e1lt\u00e1st\u00f3l, a mai napig oszt meg bejegyz\u00e9seket politikai t\u00e9m\u00e1ban \u2013 ahogy posztj\u00e1ban is \u00edrta, minden bizonnyal emiatt<a href=\"https:\/\/nlc.hu\/sztarok\/20260808\/majka-fenyegeto-uzenetek\/\" rel=\"nofollow noopener\" target=\"_blank\"> fenyegett\u00e9k meg<\/a>.\u00a0<\/p>\n","protected":false},"excerpt":{"rendered":"Majka az elm\u00falt napokban eg\u00e9szs\u00e9gi \u00e1llapota miatt ker\u00fclt neh\u00e9z helyzetbe: a rapper makacs torokgyullad\u00e1ssal \u00e1llt sz\u00ednpadra az idei&hellip;\n","protected":false},"author":2,"featured_media":212488,"comment_status":"","ping_status":"","sticky":false,"template":"","format":"standard","meta":{"footnotes":"","_share_on_mastodon":"0"},"categories":[21],"tags":[198,137,1608,199,44,42,40,3255,213,43,41,2260,9110,138],"class_list":["post-212487","post","type-post","status-publish","format-standard","has-post-thumbnail","category-hiressegek","tag-celebrities","tag-entertainment","tag-fellepes","tag-hiressegek","tag-hu","tag-hungarian","tag-hungary","tag-keszthely","tag-koncert","tag-magyar","tag-magyarorszag","tag-majka","tag-szabadido-utazas","tag-szorakozas"],"share_on_mastodon":{"url":"https:\/\/pubeurope.com\/@hu\/117115638829470475","error":""},"_links":{"self":[{"href":"https:\/\/www.europesays.com\/hu\/wp-json\/wp\/v2\/posts\/212487","targetHints":{"allow":["GET"]}}],"collection":[{"href":"https:\/\/www.europesays.com\/hu\/wp-json\/wp\/v2\/posts"}],"about":[{"href":"https:\/\/www.europesays.com\/hu\/wp-json\/wp\/v2\/types\/post"}],"author":[{"embeddable":true,"href":"https:\/\/www.europesays.com\/hu\/wp-json\/wp\/v2\/users\/2"}],"replies":[{"embeddable":true,"href":"https:\/\/www.europesays.com\/hu\/wp-json\/wp\/v2\/comments?post=212487"}],"version-history":[{"count":0,"href":"https:\/\/www.europesays.com\/hu\/wp-json\/wp\/v2\/posts\/212487\/revisions"}],"wp:featuredmedia":[{"embeddable":true,"href":"https:\/\/www.europesays.com\/hu\/wp-json\/wp\/v2\/media\/212488"}],"wp:attachment":[{"href":"https:\/\/www.europesays.com\/hu\/wp-json\/wp\/v2\/media?parent=212487"}],"wp:term":[{"taxonomy":"category","embeddable":true,"href":"https:\/\/www.europesays.com\/hu\/wp-json\/wp\/v2\/categories?post=212487"},{"taxonomy":"post_tag","embeddable":true,"href":"https:\/\/www.europesays.com\/hu\/wp-json\/wp\/v2\/tags?post=212487"}],"curies":[{"name":"wp","href":"https:\/\/api.w.org\/{rel}","templated":true}]}}