{"id":212809,"date":"2026-08-18T14:16:09","date_gmt":"2026-08-18T14:16:09","guid":{"rendered":"https:\/\/www.europesays.com\/hu\/212809\/"},"modified":"2026-08-18T14:16:09","modified_gmt":"2026-08-18T14:16:09","slug":"ezek-az-autok-a-legnagyobb-penztemetok-magyarorszagon","status":"publish","type":"post","link":"https:\/\/www.europesays.com\/hu\/212809\/","title":{"rendered":"Ezek az aut\u00f3k a legnagyobb p\u00e9nztemet\u0151k Magyarorsz\u00e1gon"},"content":{"rendered":"<p>Haszn\u00e1lt aut\u00f3 elad\u00e1sakor sokan szembes\u00fclnek azzal, hogy a j\u00e1rm\u0171 \u00e9rt\u00e9ke j\u00f3val nagyobbat esett, mint amire sz\u00e1m\u00edtottak. A <a href=\"https:\/\/www.carvertical.com\/hu\/landing\/no-vin-precheck\" target=\"_blank\" rel=\"noopener nofollow\">carVertical<\/a> aut\u00f3ipari adatszolg\u00e1ltat\u00f3 c\u00e9g \u00e1ltal v\u00e9gzett kutat\u00e1s szerint Magyarorsz\u00e1gon egyes aut\u00f3k \u00f6t \u00e9v alatt az \u00fajkori \u00e9rt\u00e9k\u00fck t\u00f6bb mint fel\u00e9t is elvesz\u00edthetik.<\/p>\n<p>A legnagyobb \u00e9rt\u00e9kcs\u00f6kken\u00e9s jellemz\u0151en az els\u0151 n\u00e9h\u00e1ny \u00e9vben k\u00f6vetkezik be, ezt k\u00f6vet\u0151en az \u00e9rt\u00e9kveszt\u00e9s \u00fcteme lassulni kezd. A magyarorsz\u00e1gi felhaszn\u00e1l\u00f3k \u00e1ltal ellen\u0151rz\u00f6tt aut\u00f3k k\u00f6z\u00fcl a Nissan Micra \u00e9rt\u00e9ke cs\u00f6kkent a legnagyobb m\u00e9rt\u00e9kben. \u00d6t \u00e9v alatt ezek a modellek \u00e1tlagosan 72 sz\u00e1zal\u00e9kot vesz\u00edtettek az \u00e9rt\u00e9k\u00fckb\u0151l. A list\u00e1n ezt k\u00f6veti a SEAT Ibiza 69,7, az Alfa Romeo Giulietta 67,4, a Honda Jazz 66,7 \u00e9s a Honda Accord 64,5 sz\u00e1zal\u00e9kkal.<\/p>\n<p><img decoding=\"async\" loading=\"lazy\" class=\"aligncenter size-full wp-image-2298062\" alt=\"Ezek az aut\u00f3k a legnagyobb p\u00e9nztemet\u0151k Magyarorsz\u00e1gon 1\" width=\"1920\" height=\"1080\" src=\"https:\/\/www.europesays.com\/hu\/wp-content\/uploads\/2026\/08\/a-leginkabb-ertek-eszto-automarkak-700x394.png\" src-mobile=\"https:\/\/www.europesays.com\/hu\/wp-content\/uploads\/2026\/08\/a-leginkabb-ertek-eszto-automarkak-700x394.png\" title=\"Ezek az aut\u00f3k a legnagyobb p\u00e9nztemet\u0151k Magyarorsz\u00e1gon 1\"\/><\/p>\n<p>A carVertical \u00e1ltal vizsg\u00e1lt piacok t\u00f6bbs\u00e9g\u00e9n a dr\u00e1g\u00e1bb \u00e9s az elektromos aut\u00f3k \u00e9rt\u00e9ke jellemz\u0151en gyorsabban cs\u00f6kken. A pr\u00e9miumaut\u00f3k a magas indul\u00f3\u00e1r miatt vesz\u00edtenek gyorsabban az \u00e9rt\u00e9k\u00fckb\u0151l. Ebben a dr\u00e1ga jav\u00edt\u00e1si \u00e9s fenntart\u00e1si k\u00f6lts\u00e9gek is szerepet j\u00e1tszanak, amelyek miatt ezek a j\u00e1rm\u0171vek kev\u00e9sb\u00e9 vonz\u00f3ak a haszn\u00e1ltaut\u00f3-piacon.<\/p>\n<p>A kutat\u00e1sban szerepl\u0151 \u00f6sszes orsz\u00e1g adatait elemezve kider\u00fclt, hogy Eur\u00f3p\u00e1ban \u00f6t \u00e9v alatt a Jaguar I-Pace \u00e9rt\u00e9ke cs\u00f6kken a legnagyobb m\u00e9rt\u00e9kben, 73,1 sz\u00e1zal\u00e9kkal. Ezt k\u00f6veti a Land Rover Range Rover 70,1, a Nissan Leaf 62,4, az Audi e-tron 60,9 \u00e9s a Jaguar XF 59,9 sz\u00e1zal\u00e9kkal.<\/p>\n<p><a id=\"galeria-1\" class=\"m-nextGallery _ce_measure_widget _ce_measure_link\" href=\"https:\/\/www.vezess.hu\/hirek\/2026\/08\/18\/ezek-az-autok-a-legnagyobb-penztemetok-magyarorszagon\/?gallery=1\/1\/01-3.jpg\" data-ce-measure-widget=\"gallery-open\" rel=\"nofollow noopener\" target=\"_blank\"><\/p>\n<p>\t\t<img width=\"1500\" height=\"1000\" src=\"https:\/\/www.europesays.com\/hu\/wp-content\/uploads\/2026\/08\/01-3.jpg\" class=\"m-nextGallery__featureImage wp-image-2298064\" alt=\"\" decoding=\"async\"  loading=\"lazy\"  title=\"01 | Vezess\"\/>\t<\/p>\n<p><\/a><\/p>\n<p>Az aut\u00f3k \u00e9rt\u00e9kcs\u00f6kken\u00e9se Eur\u00f3p\u00e1ban orsz\u00e1gonk\u00e9nt elt\u00e9r\u0151. M\u00edg Nyugat-Eur\u00f3p\u00e1ban legink\u00e1bb a pr\u00e9mium kateg\u00f3ri\u00e1s \u00e9s elektromos aut\u00f3k \u00e9rt\u00e9ke esik nagyot, az \u00e1r\u00e9rz\u00e9kenyebb piacokon a gazdas\u00e1gosabb modellek is gyorsan vesz\u00edthetnek \u00e9rt\u00e9k\u00fckb\u0151l.<\/p>\n<p>A tanulm\u00e1ny a carVertical felhaszn\u00e1l\u00f3i \u00e1ltal 2023 janu\u00e1rja \u00e9s 2025 decembere k\u00f6z\u00f6tt v\u00e1s\u00e1rolt j\u00e1rm\u0171t\u00f6rt\u00e9neti jelent\u00e9seket elemezte. A tanulm\u00e1ny a 2020-ban gy\u00e1rtott j\u00e1rm\u0171vek \u00e9rt\u00e9kveszt\u00e9s\u00e9t vizsg\u00e1lta. Az \u00e9rt\u00e9kveszt\u00e9s sz\u00e1zal\u00e9kos ar\u00e1ny\u00e1t \u00fagy sz\u00e1m\u00edtott\u00e1k ki, hogy \u00f6sszehasonl\u00edtott\u00e1k a j\u00e1rm\u0171 gy\u00e1rt\u00f3ja \u00e1ltal javasolt kiskereskedelmi \u00e1r\u00e1t az \u00f6t \u00e9vvel k\u00e9s\u0151bbi \u00e1tlagos piaci \u00e9rt\u00e9k\u00e9vel.<\/p>\n","protected":false},"excerpt":{"rendered":"Haszn\u00e1lt aut\u00f3 elad\u00e1sakor sokan szembes\u00fclnek azzal, hogy a j\u00e1rm\u0171 \u00e9rt\u00e9ke j\u00f3val nagyobbat esett, mint amire sz\u00e1m\u00edtottak. A carVertical&hellip;\n","protected":false},"author":2,"featured_media":212810,"comment_status":"","ping_status":"","sticky":false,"template":"","format":"standard","meta":{"footnotes":"","_share_on_mastodon":"0"},"categories":[12],"tags":[2589,10759,37,44,42,40,43,41,57837,6107,11904,121,120,125,122,124,123],"class_list":["post-212809","post","type-post","status-publish","format-standard","has-post-thumbnail","category-tudomany-es-technologia","tag-autopiac","tag-ertekvesztes","tag-hirek","tag-hu","tag-hungarian","tag-hungary","tag-magyar","tag-magyarorszag","tag-micra","tag-nissan","tag-nissan-micra","tag-science","tag-science-technology","tag-technologia","tag-technology","tag-tudomany","tag-tudomany-es-technologia"],"share_on_mastodon":{"url":"https:\/\/pubeurope.com\/@hu\/117116940520774377","error":""},"_links":{"self":[{"href":"https:\/\/www.europesays.com\/hu\/wp-json\/wp\/v2\/posts\/212809","targetHints":{"allow":["GET"]}}],"collection":[{"href":"https:\/\/www.europesays.com\/hu\/wp-json\/wp\/v2\/posts"}],"about":[{"href":"https:\/\/www.europesays.com\/hu\/wp-json\/wp\/v2\/types\/post"}],"author":[{"embeddable":true,"href":"https:\/\/www.europesays.com\/hu\/wp-json\/wp\/v2\/users\/2"}],"replies":[{"embeddable":true,"href":"https:\/\/www.europesays.com\/hu\/wp-json\/wp\/v2\/comments?post=212809"}],"version-history":[{"count":0,"href":"https:\/\/www.europesays.com\/hu\/wp-json\/wp\/v2\/posts\/212809\/revisions"}],"wp:featuredmedia":[{"embeddable":true,"href":"https:\/\/www.europesays.com\/hu\/wp-json\/wp\/v2\/media\/212810"}],"wp:attachment":[{"href":"https:\/\/www.europesays.com\/hu\/wp-json\/wp\/v2\/media?parent=212809"}],"wp:term":[{"taxonomy":"category","embeddable":true,"href":"https:\/\/www.europesays.com\/hu\/wp-json\/wp\/v2\/categories?post=212809"},{"taxonomy":"post_tag","embeddable":true,"href":"https:\/\/www.europesays.com\/hu\/wp-json\/wp\/v2\/tags?post=212809"}],"curies":[{"name":"wp","href":"https:\/\/api.w.org\/{rel}","templated":true}]}}